{"id":2642,"date":"2018-08-27T18:00:36","date_gmt":"2018-08-27T18:00:36","guid":{"rendered":"https:\/\/acarneiro.adv.br\/inventario\/?p=2642"},"modified":"2018-09-06T21:16:16","modified_gmt":"2018-09-06T21:16:16","slug":"empresario-individual-ou-sociedade-empresaria","status":"publish","type":"post","link":"https:\/\/acarneiro.adv.br\/inventario\/empresario-individual-ou-sociedade-empresaria\/","title":{"rendered":"Empres\u00e1rio Individual ou Sociedade Empres\u00e1ria"},"content":{"rendered":"<h3>Quem \u00e9 o empres\u00e1rio?<\/h3>\n<p>O Empres\u00e1rio, conforme o art. 966 do C\u00f3digo Civil, \u00e9 aquele que exerce profissionalmente atividade econ\u00f4mica organizada, para produ\u00e7\u00e3o ou circula\u00e7\u00e3o de bens ou servi\u00e7os. O Empres\u00e1rio pode ser sociedade empres\u00e1ria ou sociedade empresarial, sendo sujeito de direitos e obriga\u00e7\u00f5es. J\u00e1 a empresa \u00e9 a atividade econ\u00f4mica.<\/p>\n<p>O Empres\u00e1rio Individual \u00e9 uma pessoa F\u00edsica, n\u00e3o havendo separa\u00e7\u00e3o entre o patrim\u00f4nio pessoal e o patrim\u00f4nio da empresa, havendo responsabilidade ilimitada.<\/p>\n<h3>Sociedade Empres\u00e1ria<\/h3>\n<p>J\u00e1 a Sociedade Empres\u00e1ria \u00e9 uma Pessoa Jur\u00eddica, havendo separa\u00e7\u00e3o entre o patrim\u00f4nio pessoal e o patrim\u00f4nio da empresa, havendo responsabilidade limitada.<\/p>\n<p>Importante que para se considerar empres\u00e1rio ou empresa, n\u00e3o necessariamente ser\u00e1 obrigat\u00f3ria a contrata\u00e7\u00e3o de empregados, podendo realizar a atividade.<\/p>\n<p>Al\u00e9m disso, conforme art. 966 do CC, n\u00e3o ser\u00e1 empres\u00e1rio quem exerce profiss\u00e3o intelectual, de natureza cient\u00edfica, liter\u00e1ria ou art\u00edstica, mesmo que com auxiliares e colaboradores, exceto se constituir elemento de empresa.<\/p>\n<p>Assim, no caso de um m\u00e9dico, por exemplo, se os pacientes forem ao consult\u00f3rio em decorr\u00eancia do m\u00e9dico x, por sua fama, este n\u00e3o ser\u00e1 considerado empres\u00e1rio. N\u00e3o obstante, se n\u00e3o houver mais pessoalidade, se os pacientes forem em busca da fama do consult\u00f3rio, sem depender do m\u00e9dico x, haver\u00e1 o elemento de empresa. Para tanto, o m\u00e9dico x considerado empres\u00e1rio.<\/p>\n<h3>Sociedade de advogados<\/h3>\n<p>Ainda, a sociedade de advogados ser\u00e1 sociedade simples, que ser\u00e1 sempre registrado na OAB e n\u00e3o na Junta Comercial, com disposi\u00e7\u00e3o da Lei 8906 (Estatuto da OAB).<\/p>\n<p>Importante salientar ainda que a LC 147 alterou a LC 123 (ME\/EPP) e permitiu que a sociedade de advogados pudesse entrar no SIMPLES nacional. Com taxa de tributa\u00e7\u00e3o muito mais baixa que as outras empresas, podendo o advogado constituir uma sociedade unipessoal de advocacia (Lei 13247\/16).<\/p>\n","protected":false},"excerpt":{"rendered":"<p>Quem \u00e9 o empres\u00e1rio? O Empres\u00e1rio, conforme o art. 966 do C\u00f3digo Civil, \u00e9 aquele que exerce profissionalmente atividade econ\u00f4mica organizada, para produ\u00e7\u00e3o ou circula\u00e7\u00e3o de<span class=\"excerpt-hellip\"> [\u2026]<\/span><\/p>\n","protected":false},"author":1,"featured_media":2683,"comment_status":"open","ping_status":"open","sticky":false,"template":"","format":"standard","meta":{"footnotes":""},"categories":[39],"tags":[],"class_list":["post-2642","post","type-post","status-publish","format-standard","has-post-thumbnail","hentry","category-direito-empresarial"],"yoast_head":"<!-- This site is optimized with the Yoast SEO Premium plugin v23.2 (Yoast SEO v27.2) - https:\/\/yoast.com\/product\/yoast-seo-premium-wordpress\/ -->\n<title>Empres\u00e1rio Individual ou Sociedade Empres\u00e1ria - Carneiro Advocacia - Inventario<\/title>\n<meta name=\"description\" content=\"O Empres\u00e1rio, conforme o art. 966 do C\u00f3digo Civil, \u00e9 aquele que exerce profissionalmente atividade econ\u00f4mica organizada, para produ\u00e7\u00e3o ou ...\" \/>\n<meta name=\"robots\" content=\"index, follow, max-snippet:-1, max-image-preview:large, max-video-preview:-1\" \/>\n<link rel=\"canonical\" href=\"https:\/\/acarneiro.adv.br\/inventario\/empresario-individual-ou-sociedade-empresaria\/\" \/>\n<meta property=\"og:locale\" content=\"pt_BR\" \/>\n<meta property=\"og:type\" content=\"article\" \/>\n<meta property=\"og:title\" content=\"Empres\u00e1rio Individual ou Sociedade Empres\u00e1ria\" \/>\n<meta property=\"og:description\" content=\"O Empres\u00e1rio, conforme o art. 966 do C\u00f3digo Civil, \u00e9 aquele que exerce profissionalmente atividade econ\u00f4mica organizada, para produ\u00e7\u00e3o ou ...\" \/>\n<meta property=\"og:url\" content=\"https:\/\/acarneiro.adv.br\/inventario\/empresario-individual-ou-sociedade-empresaria\/\" \/>\n<meta property=\"og:site_name\" content=\"Carneiro Advocacia - Inventario\" \/>\n<meta property=\"article:publisher\" content=\"https:\/\/www.facebook.com\/carneiroadvocaciacivil\" \/>\n<meta property=\"article:published_time\" content=\"2018-08-27T18:00:36+00:00\" \/>\n<meta property=\"article:modified_time\" content=\"2018-09-06T21:16:16+00:00\" \/>\n<meta property=\"og:image\" content=\"https:\/\/acarneiro.adv.br\/inventario\/wp-content\/uploads\/2018\/08\/empresario-individual.jpg\" \/>\n\t<meta property=\"og:image:width\" content=\"960\" \/>\n\t<meta property=\"og:image:height\" content=\"640\" \/>\n\t<meta property=\"og:image:type\" content=\"image\/jpeg\" \/>\n<meta name=\"author\" content=\"admin\" \/>\n<meta name=\"twitter:card\" content=\"summary_large_image\" \/>\n<meta name=\"twitter:label1\" content=\"Escrito por\" \/>\n\t<meta name=\"twitter:data1\" content=\"admin\" \/>\n\t<meta name=\"twitter:label2\" content=\"Est. tempo de leitura\" \/>\n\t<meta name=\"twitter:data2\" content=\"2 minutos\" \/>\n<script type=\"application\/ld+json\" class=\"yoast-schema-graph\">{\"@context\":\"https:\/\/schema.org\",\"@graph\":[{\"@type\":\"Article\",\"@id\":\"https:\/\/acarneiro.adv.br\/inventario\/empresario-individual-ou-sociedade-empresaria\/#article\",\"isPartOf\":{\"@id\":\"https:\/\/acarneiro.adv.br\/inventario\/empresario-individual-ou-sociedade-empresaria\/\"},\"author\":{\"name\":\"admin\",\"@id\":\"https:\/\/acarneiro.adv.br\/inventario\/#\/schema\/person\/7f557aef02ff27f1a7017c4293e77deb\"},\"headline\":\"Empres\u00e1rio Individual ou Sociedade Empres\u00e1ria\",\"datePublished\":\"2018-08-27T18:00:36+00:00\",\"dateModified\":\"2018-09-06T21:16:16+00:00\",\"mainEntityOfPage\":{\"@id\":\"https:\/\/acarneiro.adv.br\/inventario\/empresario-individual-ou-sociedade-empresaria\/\"},\"wordCount\":332,\"commentCount\":0,\"publisher\":{\"@id\":\"https:\/\/acarneiro.adv.br\/inventario\/#organization\"},\"image\":{\"@id\":\"https:\/\/acarneiro.adv.br\/inventario\/empresario-individual-ou-sociedade-empresaria\/#primaryimage\"},\"thumbnailUrl\":\"https:\/\/acarneiro.adv.br\/inventario\/wp-content\/uploads\/2018\/08\/empresario-individual.jpg\",\"articleSection\":[\"Direito Empresarial\"],\"inLanguage\":\"pt-BR\",\"potentialAction\":[{\"@type\":\"CommentAction\",\"name\":\"Comment\",\"target\":[\"https:\/\/acarneiro.adv.br\/inventario\/empresario-individual-ou-sociedade-empresaria\/#respond\"]}]},{\"@type\":\"WebPage\",\"@id\":\"https:\/\/acarneiro.adv.br\/inventario\/empresario-individual-ou-sociedade-empresaria\/\",\"url\":\"https:\/\/acarneiro.adv.br\/inventario\/empresario-individual-ou-sociedade-empresaria\/\",\"name\":\"Empres\u00e1rio Individual ou Sociedade Empres\u00e1ria - Carneiro Advocacia - Inventario\",\"isPartOf\":{\"@id\":\"https:\/\/acarneiro.adv.br\/inventario\/#website\"},\"primaryImageOfPage\":{\"@id\":\"https:\/\/acarneiro.adv.br\/inventario\/empresario-individual-ou-sociedade-empresaria\/#primaryimage\"},\"image\":{\"@id\":\"https:\/\/acarneiro.adv.br\/inventario\/empresario-individual-ou-sociedade-empresaria\/#primaryimage\"},\"thumbnailUrl\":\"https:\/\/acarneiro.adv.br\/inventario\/wp-content\/uploads\/2018\/08\/empresario-individual.jpg\",\"datePublished\":\"2018-08-27T18:00:36+00:00\",\"dateModified\":\"2018-09-06T21:16:16+00:00\",\"description\":\"O Empres\u00e1rio, conforme o art. 966 do C\u00f3digo Civil, \u00e9 aquele que exerce profissionalmente atividade econ\u00f4mica organizada, para produ\u00e7\u00e3o ou ...\",\"breadcrumb\":{\"@id\":\"https:\/\/acarneiro.adv.br\/inventario\/empresario-individual-ou-sociedade-empresaria\/#breadcrumb\"},\"inLanguage\":\"pt-BR\",\"potentialAction\":[{\"@type\":\"ReadAction\",\"target\":[\"https:\/\/acarneiro.adv.br\/inventario\/empresario-individual-ou-sociedade-empresaria\/\"]}]},{\"@type\":\"ImageObject\",\"inLanguage\":\"pt-BR\",\"@id\":\"https:\/\/acarneiro.adv.br\/inventario\/empresario-individual-ou-sociedade-empresaria\/#primaryimage\",\"url\":\"https:\/\/acarneiro.adv.br\/inventario\/wp-content\/uploads\/2018\/08\/empresario-individual.jpg\",\"contentUrl\":\"https:\/\/acarneiro.adv.br\/inventario\/wp-content\/uploads\/2018\/08\/empresario-individual.jpg\",\"width\":960,\"height\":640},{\"@type\":\"BreadcrumbList\",\"@id\":\"https:\/\/acarneiro.adv.br\/inventario\/empresario-individual-ou-sociedade-empresaria\/#breadcrumb\",\"itemListElement\":[{\"@type\":\"ListItem\",\"position\":1,\"name\":\"In\u00edcio\",\"item\":\"https:\/\/acarneiro.adv.br\/inventario\/\"},{\"@type\":\"ListItem\",\"position\":2,\"name\":\"Empres\u00e1rio Individual ou Sociedade Empres\u00e1ria\"}]},{\"@type\":\"WebSite\",\"@id\":\"https:\/\/acarneiro.adv.br\/inventario\/#website\",\"url\":\"https:\/\/acarneiro.adv.br\/inventario\/\",\"name\":\"Carneiro Advocacia\",\"description\":\"Advocacia e Consultoria\",\"publisher\":{\"@id\":\"https:\/\/acarneiro.adv.br\/inventario\/#organization\"},\"potentialAction\":[{\"@type\":\"SearchAction\",\"target\":{\"@type\":\"EntryPoint\",\"urlTemplate\":\"https:\/\/acarneiro.adv.br\/inventario\/?s={search_term_string}\"},\"query-input\":{\"@type\":\"PropertyValueSpecification\",\"valueRequired\":true,\"valueName\":\"search_term_string\"}}],\"inLanguage\":\"pt-BR\"},{\"@type\":\"Organization\",\"@id\":\"https:\/\/acarneiro.adv.br\/inventario\/#organization\",\"name\":\"Carneiro - Advocacia e Consultoria\",\"url\":\"https:\/\/acarneiro.adv.br\/inventario\/\",\"logo\":{\"@type\":\"ImageObject\",\"inLanguage\":\"pt-BR\",\"@id\":\"https:\/\/acarneiro.adv.br\/inventario\/#\/schema\/logo\/image\/\",\"url\":\"https:\/\/acarneiro.adv.br\/inventario\/wp-content\/uploads\/2018\/08\/acarneiro118pxl.png\",\"contentUrl\":\"https:\/\/acarneiro.adv.br\/inventario\/wp-content\/uploads\/2018\/08\/acarneiro118pxl.png\",\"width\":300,\"height\":118,\"caption\":\"Carneiro - Advocacia e Consultoria\"},\"image\":{\"@id\":\"https:\/\/acarneiro.adv.br\/inventario\/#\/schema\/logo\/image\/\"},\"sameAs\":[\"https:\/\/www.facebook.com\/carneiroadvocaciacivil\",\"https:\/\/www.instagram.com\/carneiroadvsc\/\"]},{\"@type\":\"Person\",\"@id\":\"https:\/\/acarneiro.adv.br\/inventario\/#\/schema\/person\/7f557aef02ff27f1a7017c4293e77deb\",\"name\":\"admin\",\"image\":{\"@type\":\"ImageObject\",\"inLanguage\":\"pt-BR\",\"@id\":\"https:\/\/secure.gravatar.com\/avatar\/5e6cbd86765961e7e9f93140586f6004770a75d06ff80abb474645df42254fbc?s=96&d=mm&r=g\",\"url\":\"https:\/\/secure.gravatar.com\/avatar\/5e6cbd86765961e7e9f93140586f6004770a75d06ff80abb474645df42254fbc?s=96&d=mm&r=g\",\"contentUrl\":\"https:\/\/secure.gravatar.com\/avatar\/5e6cbd86765961e7e9f93140586f6004770a75d06ff80abb474645df42254fbc?s=96&d=mm&r=g\",\"caption\":\"admin\"}}]}<\/script>\n<!-- \/ Yoast SEO Premium plugin. -->","yoast_head_json":{"title":"Empres\u00e1rio Individual ou Sociedade Empres\u00e1ria - Carneiro Advocacia - Inventario","description":"O Empres\u00e1rio, conforme o art. 966 do C\u00f3digo Civil, \u00e9 aquele que exerce profissionalmente atividade econ\u00f4mica organizada, para produ\u00e7\u00e3o ou ...","robots":{"index":"index","follow":"follow","max-snippet":"max-snippet:-1","max-image-preview":"max-image-preview:large","max-video-preview":"max-video-preview:-1"},"canonical":"https:\/\/acarneiro.adv.br\/inventario\/empresario-individual-ou-sociedade-empresaria\/","og_locale":"pt_BR","og_type":"article","og_title":"Empres\u00e1rio Individual ou Sociedade Empres\u00e1ria","og_description":"O Empres\u00e1rio, conforme o art. 966 do C\u00f3digo Civil, \u00e9 aquele que exerce profissionalmente atividade econ\u00f4mica organizada, para produ\u00e7\u00e3o ou ...","og_url":"https:\/\/acarneiro.adv.br\/inventario\/empresario-individual-ou-sociedade-empresaria\/","og_site_name":"Carneiro Advocacia - Inventario","article_publisher":"https:\/\/www.facebook.com\/carneiroadvocaciacivil","article_published_time":"2018-08-27T18:00:36+00:00","article_modified_time":"2018-09-06T21:16:16+00:00","og_image":[{"width":960,"height":640,"url":"https:\/\/acarneiro.adv.br\/inventario\/wp-content\/uploads\/2018\/08\/empresario-individual.jpg","type":"image\/jpeg"}],"author":"admin","twitter_card":"summary_large_image","twitter_misc":{"Escrito por":"admin","Est. tempo de leitura":"2 minutos"},"schema":{"@context":"https:\/\/schema.org","@graph":[{"@type":"Article","@id":"https:\/\/acarneiro.adv.br\/inventario\/empresario-individual-ou-sociedade-empresaria\/#article","isPartOf":{"@id":"https:\/\/acarneiro.adv.br\/inventario\/empresario-individual-ou-sociedade-empresaria\/"},"author":{"name":"admin","@id":"https:\/\/acarneiro.adv.br\/inventario\/#\/schema\/person\/7f557aef02ff27f1a7017c4293e77deb"},"headline":"Empres\u00e1rio Individual ou Sociedade Empres\u00e1ria","datePublished":"2018-08-27T18:00:36+00:00","dateModified":"2018-09-06T21:16:16+00:00","mainEntityOfPage":{"@id":"https:\/\/acarneiro.adv.br\/inventario\/empresario-individual-ou-sociedade-empresaria\/"},"wordCount":332,"commentCount":0,"publisher":{"@id":"https:\/\/acarneiro.adv.br\/inventario\/#organization"},"image":{"@id":"https:\/\/acarneiro.adv.br\/inventario\/empresario-individual-ou-sociedade-empresaria\/#primaryimage"},"thumbnailUrl":"https:\/\/acarneiro.adv.br\/inventario\/wp-content\/uploads\/2018\/08\/empresario-individual.jpg","articleSection":["Direito Empresarial"],"inLanguage":"pt-BR","potentialAction":[{"@type":"CommentAction","name":"Comment","target":["https:\/\/acarneiro.adv.br\/inventario\/empresario-individual-ou-sociedade-empresaria\/#respond"]}]},{"@type":"WebPage","@id":"https:\/\/acarneiro.adv.br\/inventario\/empresario-individual-ou-sociedade-empresaria\/","url":"https:\/\/acarneiro.adv.br\/inventario\/empresario-individual-ou-sociedade-empresaria\/","name":"Empres\u00e1rio Individual ou Sociedade Empres\u00e1ria - Carneiro Advocacia - Inventario","isPartOf":{"@id":"https:\/\/acarneiro.adv.br\/inventario\/#website"},"primaryImageOfPage":{"@id":"https:\/\/acarneiro.adv.br\/inventario\/empresario-individual-ou-sociedade-empresaria\/#primaryimage"},"image":{"@id":"https:\/\/acarneiro.adv.br\/inventario\/empresario-individual-ou-sociedade-empresaria\/#primaryimage"},"thumbnailUrl":"https:\/\/acarneiro.adv.br\/inventario\/wp-content\/uploads\/2018\/08\/empresario-individual.jpg","datePublished":"2018-08-27T18:00:36+00:00","dateModified":"2018-09-06T21:16:16+00:00","description":"O Empres\u00e1rio, conforme o art. 966 do C\u00f3digo Civil, \u00e9 aquele que exerce profissionalmente atividade econ\u00f4mica organizada, para produ\u00e7\u00e3o ou ...","breadcrumb":{"@id":"https:\/\/acarneiro.adv.br\/inventario\/empresario-individual-ou-sociedade-empresaria\/#breadcrumb"},"inLanguage":"pt-BR","potentialAction":[{"@type":"ReadAction","target":["https:\/\/acarneiro.adv.br\/inventario\/empresario-individual-ou-sociedade-empresaria\/"]}]},{"@type":"ImageObject","inLanguage":"pt-BR","@id":"https:\/\/acarneiro.adv.br\/inventario\/empresario-individual-ou-sociedade-empresaria\/#primaryimage","url":"https:\/\/acarneiro.adv.br\/inventario\/wp-content\/uploads\/2018\/08\/empresario-individual.jpg","contentUrl":"https:\/\/acarneiro.adv.br\/inventario\/wp-content\/uploads\/2018\/08\/empresario-individual.jpg","width":960,"height":640},{"@type":"BreadcrumbList","@id":"https:\/\/acarneiro.adv.br\/inventario\/empresario-individual-ou-sociedade-empresaria\/#breadcrumb","itemListElement":[{"@type":"ListItem","position":1,"name":"In\u00edcio","item":"https:\/\/acarneiro.adv.br\/inventario\/"},{"@type":"ListItem","position":2,"name":"Empres\u00e1rio Individual ou Sociedade Empres\u00e1ria"}]},{"@type":"WebSite","@id":"https:\/\/acarneiro.adv.br\/inventario\/#website","url":"https:\/\/acarneiro.adv.br\/inventario\/","name":"Carneiro Advocacia","description":"Advocacia e Consultoria","publisher":{"@id":"https:\/\/acarneiro.adv.br\/inventario\/#organization"},"potentialAction":[{"@type":"SearchAction","target":{"@type":"EntryPoint","urlTemplate":"https:\/\/acarneiro.adv.br\/inventario\/?s={search_term_string}"},"query-input":{"@type":"PropertyValueSpecification","valueRequired":true,"valueName":"search_term_string"}}],"inLanguage":"pt-BR"},{"@type":"Organization","@id":"https:\/\/acarneiro.adv.br\/inventario\/#organization","name":"Carneiro - Advocacia e Consultoria","url":"https:\/\/acarneiro.adv.br\/inventario\/","logo":{"@type":"ImageObject","inLanguage":"pt-BR","@id":"https:\/\/acarneiro.adv.br\/inventario\/#\/schema\/logo\/image\/","url":"https:\/\/acarneiro.adv.br\/inventario\/wp-content\/uploads\/2018\/08\/acarneiro118pxl.png","contentUrl":"https:\/\/acarneiro.adv.br\/inventario\/wp-content\/uploads\/2018\/08\/acarneiro118pxl.png","width":300,"height":118,"caption":"Carneiro - Advocacia e Consultoria"},"image":{"@id":"https:\/\/acarneiro.adv.br\/inventario\/#\/schema\/logo\/image\/"},"sameAs":["https:\/\/www.facebook.com\/carneiroadvocaciacivil","https:\/\/www.instagram.com\/carneiroadvsc\/"]},{"@type":"Person","@id":"https:\/\/acarneiro.adv.br\/inventario\/#\/schema\/person\/7f557aef02ff27f1a7017c4293e77deb","name":"admin","image":{"@type":"ImageObject","inLanguage":"pt-BR","@id":"https:\/\/secure.gravatar.com\/avatar\/5e6cbd86765961e7e9f93140586f6004770a75d06ff80abb474645df42254fbc?s=96&d=mm&r=g","url":"https:\/\/secure.gravatar.com\/avatar\/5e6cbd86765961e7e9f93140586f6004770a75d06ff80abb474645df42254fbc?s=96&d=mm&r=g","contentUrl":"https:\/\/secure.gravatar.com\/avatar\/5e6cbd86765961e7e9f93140586f6004770a75d06ff80abb474645df42254fbc?s=96&d=mm&r=g","caption":"admin"}}]}},"_links":{"self":[{"href":"https:\/\/acarneiro.adv.br\/inventario\/wp-json\/wp\/v2\/posts\/2642","targetHints":{"allow":["GET"]}}],"collection":[{"href":"https:\/\/acarneiro.adv.br\/inventario\/wp-json\/wp\/v2\/posts"}],"about":[{"href":"https:\/\/acarneiro.adv.br\/inventario\/wp-json\/wp\/v2\/types\/post"}],"author":[{"embeddable":true,"href":"https:\/\/acarneiro.adv.br\/inventario\/wp-json\/wp\/v2\/users\/1"}],"replies":[{"embeddable":true,"href":"https:\/\/acarneiro.adv.br\/inventario\/wp-json\/wp\/v2\/comments?post=2642"}],"version-history":[{"count":4,"href":"https:\/\/acarneiro.adv.br\/inventario\/wp-json\/wp\/v2\/posts\/2642\/revisions"}],"predecessor-version":[{"id":3000,"href":"https:\/\/acarneiro.adv.br\/inventario\/wp-json\/wp\/v2\/posts\/2642\/revisions\/3000"}],"wp:featuredmedia":[{"embeddable":true,"href":"https:\/\/acarneiro.adv.br\/inventario\/wp-json\/wp\/v2\/media\/2683"}],"wp:attachment":[{"href":"https:\/\/acarneiro.adv.br\/inventario\/wp-json\/wp\/v2\/media?parent=2642"}],"wp:term":[{"taxonomy":"category","embeddable":true,"href":"https:\/\/acarneiro.adv.br\/inventario\/wp-json\/wp\/v2\/categories?post=2642"},{"taxonomy":"post_tag","embeddable":true,"href":"https:\/\/acarneiro.adv.br\/inventario\/wp-json\/wp\/v2\/tags?post=2642"}],"curies":[{"name":"wp","href":"https:\/\/api.w.org\/{rel}","templated":true}]}}