{"id":2651,"date":"2018-08-27T18:28:46","date_gmt":"2018-08-27T18:28:46","guid":{"rendered":"https:\/\/acarneiro.adv.br\/inventario\/?p=2651"},"modified":"2018-09-06T21:10:25","modified_gmt":"2018-09-06T21:10:25","slug":"registro-de-sociedade-empresaria","status":"publish","type":"post","link":"https:\/\/acarneiro.adv.br\/inventario\/registro-de-sociedade-empresaria\/","title":{"rendered":"Devo registrar a minha Empresa?"},"content":{"rendered":"<p>O art. 967 estabelece que \u00e9 obrigat\u00f3ria a inscri\u00e7\u00e3o do empres\u00e1rio no Registro P\u00fablico de Empresas Mercantis, devendo ser feito antes do in\u00edcio das atividades, necess\u00e1rio para regularidade, devendo-se registrar a Empresa.<\/p>\n<p>Contudo, o Registro tem natureza declarat\u00f3ria. N\u00e3o \u00e9 constitutivo, de forma que o Registro n\u00e3o constituir\u00e1 o Empres\u00e1rio. Somente \u00e9 necess\u00e1rio o Registro para que o Empres\u00e1rio seja <strong>Regular<\/strong>!<\/p>\n<p>J\u00e1 para quem exerce atividades Rurais, conforme j\u00e1 falado em post espec\u00edfico, \u00e9 uma exce\u00e7\u00e3o. Se registrar\u00e1 no Registro Civil das Pessoas Jur\u00eddicas. S\u00f3 ter\u00e1 natureza constitutiva de Empres\u00e1rios para quem exerce atividades Rurais quando o requerer.<\/p>\n<p>Assim, em resumo, para Empres\u00e1rios Individuais e Sociedades Empres\u00e1rias, o Registro deve ser feito na JUNTA COMERCIAL. Para as Sociedades Civis, deve haver o Registro no Registro Civil das Pessoas jur\u00eddicas. Para advogados, o Registro \u00e9 feito na OAB.<\/p>\n<p>Em tempo, ap\u00f3s o Registro, al\u00e9m de se tornar um Empres\u00e1rio Regular, surgir\u00e1 a personalidade jur\u00eddica.<\/p>\n<p>&nbsp;<\/p>\n<p><strong>por \u00faltimo, abaixo est\u00e3o as informa\u00e7\u00f5es necess\u00e1rias para o Registro c<\/strong>onforme art. 968.<\/p>\n<p>NOME:<\/p>\n<p>NACIONALIDADE:<\/p>\n<p>DOMIC\u00cdLIO:<\/p>\n<p>ESTADO CIVIL E REGIME DE BENS:<\/p>\n<p>FIRMA (como assina pela Empresa):<\/p>\n<p>CAPITAL:<\/p>\n<p>OBJETO:<\/p>\n<p>SEDE:<\/p>\n","protected":false},"excerpt":{"rendered":"<p>O art. 967 estabelece que \u00e9 obrigat\u00f3ria a inscri\u00e7\u00e3o do empres\u00e1rio no Registro P\u00fablico de Empresas Mercantis, devendo ser feito antes do in\u00edcio das atividades, necess\u00e1rio<span class=\"excerpt-hellip\"> [\u2026]<\/span><\/p>\n","protected":false},"author":1,"featured_media":2681,"comment_status":"open","ping_status":"open","sticky":false,"template":"","format":"standard","meta":{"footnotes":""},"categories":[39],"tags":[],"class_list":["post-2651","post","type-post","status-publish","format-standard","has-post-thumbnail","hentry","category-direito-empresarial"],"yoast_head":"<!-- This site is optimized with the Yoast SEO Premium plugin v23.2 (Yoast SEO v27.2) - https:\/\/yoast.com\/product\/yoast-seo-premium-wordpress\/ -->\n<title>Devo registrar a minha Empresa? - \u00c9 necess\u00e1rio? - Carneiro Advocacia - Inventario<\/title>\n<meta name=\"description\" content=\"O art. 967 estabelece que \u00e9 obrigat\u00f3ria a inscri\u00e7\u00e3o do empres\u00e1rio no Registro P\u00fablico de Empresas Mercantis, devendo ser feito antes do in\u00edcio ...\" \/>\n<meta name=\"robots\" content=\"index, follow, max-snippet:-1, max-image-preview:large, max-video-preview:-1\" \/>\n<link rel=\"canonical\" href=\"https:\/\/acarneiro.adv.br\/inventario\/registro-de-sociedade-empresaria\/\" \/>\n<meta property=\"og:locale\" content=\"pt_BR\" \/>\n<meta property=\"og:type\" content=\"article\" \/>\n<meta property=\"og:title\" content=\"Devo registrar a minha Empresa?\" \/>\n<meta property=\"og:description\" content=\"O art. 967 estabelece que \u00e9 obrigat\u00f3ria a inscri\u00e7\u00e3o do empres\u00e1rio no Registro P\u00fablico de Empresas Mercantis, devendo ser feito antes do in\u00edcio ...\" \/>\n<meta property=\"og:url\" content=\"https:\/\/acarneiro.adv.br\/inventario\/registro-de-sociedade-empresaria\/\" \/>\n<meta property=\"og:site_name\" content=\"Carneiro Advocacia - Inventario\" \/>\n<meta property=\"article:publisher\" content=\"https:\/\/www.facebook.com\/carneiroadvocaciacivil\" \/>\n<meta property=\"article:published_time\" content=\"2018-08-27T18:28:46+00:00\" \/>\n<meta property=\"article:modified_time\" content=\"2018-09-06T21:10:25+00:00\" \/>\n<meta property=\"og:image\" content=\"https:\/\/acarneiro.adv.br\/inventario\/wp-content\/uploads\/2018\/08\/empresario-registro.jpg\" \/>\n\t<meta property=\"og:image:width\" content=\"960\" \/>\n\t<meta property=\"og:image:height\" content=\"638\" \/>\n\t<meta property=\"og:image:type\" content=\"image\/jpeg\" \/>\n<meta name=\"author\" content=\"admin\" \/>\n<meta name=\"twitter:card\" content=\"summary_large_image\" \/>\n<meta name=\"twitter:label1\" content=\"Escrito por\" \/>\n\t<meta name=\"twitter:data1\" content=\"admin\" \/>\n\t<meta name=\"twitter:label2\" content=\"Est. tempo de leitura\" \/>\n\t<meta name=\"twitter:data2\" content=\"1 minuto\" \/>\n<script type=\"application\/ld+json\" class=\"yoast-schema-graph\">{\"@context\":\"https:\/\/schema.org\",\"@graph\":[{\"@type\":\"Article\",\"@id\":\"https:\/\/acarneiro.adv.br\/inventario\/registro-de-sociedade-empresaria\/#article\",\"isPartOf\":{\"@id\":\"https:\/\/acarneiro.adv.br\/inventario\/registro-de-sociedade-empresaria\/\"},\"author\":{\"name\":\"admin\",\"@id\":\"https:\/\/acarneiro.adv.br\/inventario\/#\/schema\/person\/7f557aef02ff27f1a7017c4293e77deb\"},\"headline\":\"Devo registrar a minha Empresa?\",\"datePublished\":\"2018-08-27T18:28:46+00:00\",\"dateModified\":\"2018-09-06T21:10:25+00:00\",\"mainEntityOfPage\":{\"@id\":\"https:\/\/acarneiro.adv.br\/inventario\/registro-de-sociedade-empresaria\/\"},\"wordCount\":209,\"commentCount\":0,\"publisher\":{\"@id\":\"https:\/\/acarneiro.adv.br\/inventario\/#organization\"},\"image\":{\"@id\":\"https:\/\/acarneiro.adv.br\/inventario\/registro-de-sociedade-empresaria\/#primaryimage\"},\"thumbnailUrl\":\"https:\/\/acarneiro.adv.br\/inventario\/wp-content\/uploads\/2018\/08\/empresario-registro.jpg\",\"articleSection\":[\"Direito Empresarial\"],\"inLanguage\":\"pt-BR\",\"potentialAction\":[{\"@type\":\"CommentAction\",\"name\":\"Comment\",\"target\":[\"https:\/\/acarneiro.adv.br\/inventario\/registro-de-sociedade-empresaria\/#respond\"]}]},{\"@type\":\"WebPage\",\"@id\":\"https:\/\/acarneiro.adv.br\/inventario\/registro-de-sociedade-empresaria\/\",\"url\":\"https:\/\/acarneiro.adv.br\/inventario\/registro-de-sociedade-empresaria\/\",\"name\":\"Devo registrar a minha Empresa? - \u00c9 necess\u00e1rio? - Carneiro Advocacia - Inventario\",\"isPartOf\":{\"@id\":\"https:\/\/acarneiro.adv.br\/inventario\/#website\"},\"primaryImageOfPage\":{\"@id\":\"https:\/\/acarneiro.adv.br\/inventario\/registro-de-sociedade-empresaria\/#primaryimage\"},\"image\":{\"@id\":\"https:\/\/acarneiro.adv.br\/inventario\/registro-de-sociedade-empresaria\/#primaryimage\"},\"thumbnailUrl\":\"https:\/\/acarneiro.adv.br\/inventario\/wp-content\/uploads\/2018\/08\/empresario-registro.jpg\",\"datePublished\":\"2018-08-27T18:28:46+00:00\",\"dateModified\":\"2018-09-06T21:10:25+00:00\",\"description\":\"O art. 967 estabelece que \u00e9 obrigat\u00f3ria a inscri\u00e7\u00e3o do empres\u00e1rio no Registro P\u00fablico de Empresas Mercantis, devendo ser feito antes do in\u00edcio ...\",\"breadcrumb\":{\"@id\":\"https:\/\/acarneiro.adv.br\/inventario\/registro-de-sociedade-empresaria\/#breadcrumb\"},\"inLanguage\":\"pt-BR\",\"potentialAction\":[{\"@type\":\"ReadAction\",\"target\":[\"https:\/\/acarneiro.adv.br\/inventario\/registro-de-sociedade-empresaria\/\"]}]},{\"@type\":\"ImageObject\",\"inLanguage\":\"pt-BR\",\"@id\":\"https:\/\/acarneiro.adv.br\/inventario\/registro-de-sociedade-empresaria\/#primaryimage\",\"url\":\"https:\/\/acarneiro.adv.br\/inventario\/wp-content\/uploads\/2018\/08\/empresario-registro.jpg\",\"contentUrl\":\"https:\/\/acarneiro.adv.br\/inventario\/wp-content\/uploads\/2018\/08\/empresario-registro.jpg\",\"width\":960,\"height\":638},{\"@type\":\"BreadcrumbList\",\"@id\":\"https:\/\/acarneiro.adv.br\/inventario\/registro-de-sociedade-empresaria\/#breadcrumb\",\"itemListElement\":[{\"@type\":\"ListItem\",\"position\":1,\"name\":\"In\u00edcio\",\"item\":\"https:\/\/acarneiro.adv.br\/inventario\/\"},{\"@type\":\"ListItem\",\"position\":2,\"name\":\"Devo registrar a minha Empresa?\"}]},{\"@type\":\"WebSite\",\"@id\":\"https:\/\/acarneiro.adv.br\/inventario\/#website\",\"url\":\"https:\/\/acarneiro.adv.br\/inventario\/\",\"name\":\"Carneiro Advocacia\",\"description\":\"Advocacia e Consultoria\",\"publisher\":{\"@id\":\"https:\/\/acarneiro.adv.br\/inventario\/#organization\"},\"potentialAction\":[{\"@type\":\"SearchAction\",\"target\":{\"@type\":\"EntryPoint\",\"urlTemplate\":\"https:\/\/acarneiro.adv.br\/inventario\/?s={search_term_string}\"},\"query-input\":{\"@type\":\"PropertyValueSpecification\",\"valueRequired\":true,\"valueName\":\"search_term_string\"}}],\"inLanguage\":\"pt-BR\"},{\"@type\":\"Organization\",\"@id\":\"https:\/\/acarneiro.adv.br\/inventario\/#organization\",\"name\":\"Carneiro - Advocacia e Consultoria\",\"url\":\"https:\/\/acarneiro.adv.br\/inventario\/\",\"logo\":{\"@type\":\"ImageObject\",\"inLanguage\":\"pt-BR\",\"@id\":\"https:\/\/acarneiro.adv.br\/inventario\/#\/schema\/logo\/image\/\",\"url\":\"https:\/\/acarneiro.adv.br\/inventario\/wp-content\/uploads\/2018\/08\/acarneiro118pxl.png\",\"contentUrl\":\"https:\/\/acarneiro.adv.br\/inventario\/wp-content\/uploads\/2018\/08\/acarneiro118pxl.png\",\"width\":300,\"height\":118,\"caption\":\"Carneiro - Advocacia e Consultoria\"},\"image\":{\"@id\":\"https:\/\/acarneiro.adv.br\/inventario\/#\/schema\/logo\/image\/\"},\"sameAs\":[\"https:\/\/www.facebook.com\/carneiroadvocaciacivil\",\"https:\/\/www.instagram.com\/carneiroadvsc\/\"]},{\"@type\":\"Person\",\"@id\":\"https:\/\/acarneiro.adv.br\/inventario\/#\/schema\/person\/7f557aef02ff27f1a7017c4293e77deb\",\"name\":\"admin\",\"image\":{\"@type\":\"ImageObject\",\"inLanguage\":\"pt-BR\",\"@id\":\"https:\/\/secure.gravatar.com\/avatar\/5e6cbd86765961e7e9f93140586f6004770a75d06ff80abb474645df42254fbc?s=96&d=mm&r=g\",\"url\":\"https:\/\/secure.gravatar.com\/avatar\/5e6cbd86765961e7e9f93140586f6004770a75d06ff80abb474645df42254fbc?s=96&d=mm&r=g\",\"contentUrl\":\"https:\/\/secure.gravatar.com\/avatar\/5e6cbd86765961e7e9f93140586f6004770a75d06ff80abb474645df42254fbc?s=96&d=mm&r=g\",\"caption\":\"admin\"}}]}<\/script>\n<!-- \/ Yoast SEO Premium plugin. -->","yoast_head_json":{"title":"Devo registrar a minha Empresa? - \u00c9 necess\u00e1rio? - Carneiro Advocacia - Inventario","description":"O art. 967 estabelece que \u00e9 obrigat\u00f3ria a inscri\u00e7\u00e3o do empres\u00e1rio no Registro P\u00fablico de Empresas Mercantis, devendo ser feito antes do in\u00edcio ...","robots":{"index":"index","follow":"follow","max-snippet":"max-snippet:-1","max-image-preview":"max-image-preview:large","max-video-preview":"max-video-preview:-1"},"canonical":"https:\/\/acarneiro.adv.br\/inventario\/registro-de-sociedade-empresaria\/","og_locale":"pt_BR","og_type":"article","og_title":"Devo registrar a minha Empresa?","og_description":"O art. 967 estabelece que \u00e9 obrigat\u00f3ria a inscri\u00e7\u00e3o do empres\u00e1rio no Registro P\u00fablico de Empresas Mercantis, devendo ser feito antes do in\u00edcio ...","og_url":"https:\/\/acarneiro.adv.br\/inventario\/registro-de-sociedade-empresaria\/","og_site_name":"Carneiro Advocacia - Inventario","article_publisher":"https:\/\/www.facebook.com\/carneiroadvocaciacivil","article_published_time":"2018-08-27T18:28:46+00:00","article_modified_time":"2018-09-06T21:10:25+00:00","og_image":[{"width":960,"height":638,"url":"https:\/\/acarneiro.adv.br\/inventario\/wp-content\/uploads\/2018\/08\/empresario-registro.jpg","type":"image\/jpeg"}],"author":"admin","twitter_card":"summary_large_image","twitter_misc":{"Escrito por":"admin","Est. tempo de leitura":"1 minuto"},"schema":{"@context":"https:\/\/schema.org","@graph":[{"@type":"Article","@id":"https:\/\/acarneiro.adv.br\/inventario\/registro-de-sociedade-empresaria\/#article","isPartOf":{"@id":"https:\/\/acarneiro.adv.br\/inventario\/registro-de-sociedade-empresaria\/"},"author":{"name":"admin","@id":"https:\/\/acarneiro.adv.br\/inventario\/#\/schema\/person\/7f557aef02ff27f1a7017c4293e77deb"},"headline":"Devo registrar a minha Empresa?","datePublished":"2018-08-27T18:28:46+00:00","dateModified":"2018-09-06T21:10:25+00:00","mainEntityOfPage":{"@id":"https:\/\/acarneiro.adv.br\/inventario\/registro-de-sociedade-empresaria\/"},"wordCount":209,"commentCount":0,"publisher":{"@id":"https:\/\/acarneiro.adv.br\/inventario\/#organization"},"image":{"@id":"https:\/\/acarneiro.adv.br\/inventario\/registro-de-sociedade-empresaria\/#primaryimage"},"thumbnailUrl":"https:\/\/acarneiro.adv.br\/inventario\/wp-content\/uploads\/2018\/08\/empresario-registro.jpg","articleSection":["Direito Empresarial"],"inLanguage":"pt-BR","potentialAction":[{"@type":"CommentAction","name":"Comment","target":["https:\/\/acarneiro.adv.br\/inventario\/registro-de-sociedade-empresaria\/#respond"]}]},{"@type":"WebPage","@id":"https:\/\/acarneiro.adv.br\/inventario\/registro-de-sociedade-empresaria\/","url":"https:\/\/acarneiro.adv.br\/inventario\/registro-de-sociedade-empresaria\/","name":"Devo registrar a minha Empresa? - \u00c9 necess\u00e1rio? - Carneiro Advocacia - Inventario","isPartOf":{"@id":"https:\/\/acarneiro.adv.br\/inventario\/#website"},"primaryImageOfPage":{"@id":"https:\/\/acarneiro.adv.br\/inventario\/registro-de-sociedade-empresaria\/#primaryimage"},"image":{"@id":"https:\/\/acarneiro.adv.br\/inventario\/registro-de-sociedade-empresaria\/#primaryimage"},"thumbnailUrl":"https:\/\/acarneiro.adv.br\/inventario\/wp-content\/uploads\/2018\/08\/empresario-registro.jpg","datePublished":"2018-08-27T18:28:46+00:00","dateModified":"2018-09-06T21:10:25+00:00","description":"O art. 967 estabelece que \u00e9 obrigat\u00f3ria a inscri\u00e7\u00e3o do empres\u00e1rio no Registro P\u00fablico de Empresas Mercantis, devendo ser feito antes do in\u00edcio ...","breadcrumb":{"@id":"https:\/\/acarneiro.adv.br\/inventario\/registro-de-sociedade-empresaria\/#breadcrumb"},"inLanguage":"pt-BR","potentialAction":[{"@type":"ReadAction","target":["https:\/\/acarneiro.adv.br\/inventario\/registro-de-sociedade-empresaria\/"]}]},{"@type":"ImageObject","inLanguage":"pt-BR","@id":"https:\/\/acarneiro.adv.br\/inventario\/registro-de-sociedade-empresaria\/#primaryimage","url":"https:\/\/acarneiro.adv.br\/inventario\/wp-content\/uploads\/2018\/08\/empresario-registro.jpg","contentUrl":"https:\/\/acarneiro.adv.br\/inventario\/wp-content\/uploads\/2018\/08\/empresario-registro.jpg","width":960,"height":638},{"@type":"BreadcrumbList","@id":"https:\/\/acarneiro.adv.br\/inventario\/registro-de-sociedade-empresaria\/#breadcrumb","itemListElement":[{"@type":"ListItem","position":1,"name":"In\u00edcio","item":"https:\/\/acarneiro.adv.br\/inventario\/"},{"@type":"ListItem","position":2,"name":"Devo registrar a minha Empresa?"}]},{"@type":"WebSite","@id":"https:\/\/acarneiro.adv.br\/inventario\/#website","url":"https:\/\/acarneiro.adv.br\/inventario\/","name":"Carneiro Advocacia","description":"Advocacia e Consultoria","publisher":{"@id":"https:\/\/acarneiro.adv.br\/inventario\/#organization"},"potentialAction":[{"@type":"SearchAction","target":{"@type":"EntryPoint","urlTemplate":"https:\/\/acarneiro.adv.br\/inventario\/?s={search_term_string}"},"query-input":{"@type":"PropertyValueSpecification","valueRequired":true,"valueName":"search_term_string"}}],"inLanguage":"pt-BR"},{"@type":"Organization","@id":"https:\/\/acarneiro.adv.br\/inventario\/#organization","name":"Carneiro - Advocacia e Consultoria","url":"https:\/\/acarneiro.adv.br\/inventario\/","logo":{"@type":"ImageObject","inLanguage":"pt-BR","@id":"https:\/\/acarneiro.adv.br\/inventario\/#\/schema\/logo\/image\/","url":"https:\/\/acarneiro.adv.br\/inventario\/wp-content\/uploads\/2018\/08\/acarneiro118pxl.png","contentUrl":"https:\/\/acarneiro.adv.br\/inventario\/wp-content\/uploads\/2018\/08\/acarneiro118pxl.png","width":300,"height":118,"caption":"Carneiro - Advocacia e Consultoria"},"image":{"@id":"https:\/\/acarneiro.adv.br\/inventario\/#\/schema\/logo\/image\/"},"sameAs":["https:\/\/www.facebook.com\/carneiroadvocaciacivil","https:\/\/www.instagram.com\/carneiroadvsc\/"]},{"@type":"Person","@id":"https:\/\/acarneiro.adv.br\/inventario\/#\/schema\/person\/7f557aef02ff27f1a7017c4293e77deb","name":"admin","image":{"@type":"ImageObject","inLanguage":"pt-BR","@id":"https:\/\/secure.gravatar.com\/avatar\/5e6cbd86765961e7e9f93140586f6004770a75d06ff80abb474645df42254fbc?s=96&d=mm&r=g","url":"https:\/\/secure.gravatar.com\/avatar\/5e6cbd86765961e7e9f93140586f6004770a75d06ff80abb474645df42254fbc?s=96&d=mm&r=g","contentUrl":"https:\/\/secure.gravatar.com\/avatar\/5e6cbd86765961e7e9f93140586f6004770a75d06ff80abb474645df42254fbc?s=96&d=mm&r=g","caption":"admin"}}]}},"_links":{"self":[{"href":"https:\/\/acarneiro.adv.br\/inventario\/wp-json\/wp\/v2\/posts\/2651","targetHints":{"allow":["GET"]}}],"collection":[{"href":"https:\/\/acarneiro.adv.br\/inventario\/wp-json\/wp\/v2\/posts"}],"about":[{"href":"https:\/\/acarneiro.adv.br\/inventario\/wp-json\/wp\/v2\/types\/post"}],"author":[{"embeddable":true,"href":"https:\/\/acarneiro.adv.br\/inventario\/wp-json\/wp\/v2\/users\/1"}],"replies":[{"embeddable":true,"href":"https:\/\/acarneiro.adv.br\/inventario\/wp-json\/wp\/v2\/comments?post=2651"}],"version-history":[{"count":4,"href":"https:\/\/acarneiro.adv.br\/inventario\/wp-json\/wp\/v2\/posts\/2651\/revisions"}],"predecessor-version":[{"id":2996,"href":"https:\/\/acarneiro.adv.br\/inventario\/wp-json\/wp\/v2\/posts\/2651\/revisions\/2996"}],"wp:featuredmedia":[{"embeddable":true,"href":"https:\/\/acarneiro.adv.br\/inventario\/wp-json\/wp\/v2\/media\/2681"}],"wp:attachment":[{"href":"https:\/\/acarneiro.adv.br\/inventario\/wp-json\/wp\/v2\/media?parent=2651"}],"wp:term":[{"taxonomy":"category","embeddable":true,"href":"https:\/\/acarneiro.adv.br\/inventario\/wp-json\/wp\/v2\/categories?post=2651"},{"taxonomy":"post_tag","embeddable":true,"href":"https:\/\/acarneiro.adv.br\/inventario\/wp-json\/wp\/v2\/tags?post=2651"}],"curies":[{"name":"wp","href":"https:\/\/api.w.org\/{rel}","templated":true}]}}