{"id":2653,"date":"2018-08-27T18:36:00","date_gmt":"2018-08-27T18:36:00","guid":{"rendered":"https:\/\/acarneiro.adv.br\/inventario\/?p=2653"},"modified":"2018-09-06T21:07:48","modified_gmt":"2018-09-06T21:07:48","slug":"o-incapaz-pode-ser-empresario","status":"publish","type":"post","link":"https:\/\/acarneiro.adv.br\/inventario\/o-incapaz-pode-ser-empresario\/","title":{"rendered":"O incapaz pode ser Empres\u00e1rio?"},"content":{"rendered":"<p>O Empres\u00e1rio individual deve ser plenamente capaz e n\u00e3o impedido para exercer a atividade. Contudo em duas hip\u00f3teses o incapaz poder\u00e1 ser Empres\u00e1rio.<\/p>\n<ol>\n<li>Em incapacidade superveniente, ou seja, era capaz, mas ficou incapaz em decorr\u00eancia de uma doen\u00e7a, por exemplo.<\/li>\n<li>Falecimento ou aus\u00eancia dos pais que eram empres\u00e1rios ou do Autor da heran\u00e7a.<\/li>\n<\/ol>\n<p>N\u00e3o obstante, o incapaz deve ter:<\/p>\n<p>a) uma Autoriza\u00e7\u00e3o judicial<\/p>\n<p>b) an\u00e1lise dos riscos para continuar com o neg\u00f3cio (revog\u00e1vel a qualquer tempo)<\/p>\n<p>c) devidamente representado (incapacidade absoluta) ou assistido (incapacidade relativa).<\/p>\n<p>&nbsp;<\/p>\n<p>Todavia, o incapaz poder\u00e1 iniciar na Sociedade Empres\u00e1ria com mais s\u00f3cios com pelo menos um s\u00f3cio capaz. Contudo, o s\u00f3cio incapaz n\u00e3o poder\u00e1 administrar a Sociedade, o Capital deve estar totalmente integralizado e o incapaz deve estar representado ou assistido conforme a capacidade.<\/p>\n","protected":false},"excerpt":{"rendered":"<p>O Empres\u00e1rio individual deve ser plenamente capaz e n\u00e3o impedido para exercer a atividade. Contudo em duas hip\u00f3teses o incapaz poder\u00e1 ser Empres\u00e1rio. Em incapacidade superveniente,<span class=\"excerpt-hellip\"> [\u2026]<\/span><\/p>\n","protected":false},"author":1,"featured_media":2680,"comment_status":"open","ping_status":"open","sticky":false,"template":"","format":"standard","meta":{"footnotes":""},"categories":[39],"tags":[],"class_list":["post-2653","post","type-post","status-publish","format-standard","has-post-thumbnail","hentry","category-direito-empresarial"],"yoast_head":"<!-- This site is optimized with the Yoast SEO Premium plugin v23.2 (Yoast SEO v27.2) - https:\/\/yoast.com\/product\/yoast-seo-premium-wordpress\/ -->\n<title>O incapaz pode ser Empres\u00e1rio? - Quais as possibilidades? Carneiro Advocacia - Inventario<\/title>\n<meta name=\"description\" content=\"O Empres\u00e1rio individual deve ser plenamente capaz e n\u00e3o impedido para exercer a atividade. Contudo em duas hip\u00f3teses o incapaz poder\u00e1 ser Empres\u00e1rio.\" \/>\n<meta name=\"robots\" content=\"index, follow, max-snippet:-1, max-image-preview:large, max-video-preview:-1\" \/>\n<link rel=\"canonical\" href=\"https:\/\/acarneiro.adv.br\/inventario\/o-incapaz-pode-ser-empresario\/\" \/>\n<meta property=\"og:locale\" content=\"pt_BR\" \/>\n<meta property=\"og:type\" content=\"article\" \/>\n<meta property=\"og:title\" content=\"O incapaz pode ser Empres\u00e1rio?\" \/>\n<meta property=\"og:description\" content=\"O Empres\u00e1rio individual deve ser plenamente capaz e n\u00e3o impedido para exercer a atividade. Contudo em duas hip\u00f3teses o incapaz poder\u00e1 ser Empres\u00e1rio.\" \/>\n<meta property=\"og:url\" content=\"https:\/\/acarneiro.adv.br\/inventario\/o-incapaz-pode-ser-empresario\/\" \/>\n<meta property=\"og:site_name\" content=\"Carneiro Advocacia - Inventario\" \/>\n<meta property=\"article:publisher\" content=\"https:\/\/www.facebook.com\/carneiroadvocaciacivil\" \/>\n<meta property=\"article:published_time\" content=\"2018-08-27T18:36:00+00:00\" \/>\n<meta property=\"article:modified_time\" content=\"2018-09-06T21:07:48+00:00\" \/>\n<meta property=\"og:image\" content=\"https:\/\/acarneiro.adv.br\/inventario\/wp-content\/uploads\/2018\/08\/crianca.jpg\" \/>\n\t<meta property=\"og:image:width\" content=\"960\" \/>\n\t<meta property=\"og:image:height\" content=\"635\" \/>\n\t<meta property=\"og:image:type\" content=\"image\/jpeg\" \/>\n<meta name=\"author\" content=\"admin\" \/>\n<meta name=\"twitter:card\" content=\"summary_large_image\" \/>\n<meta name=\"twitter:label1\" content=\"Escrito por\" \/>\n\t<meta name=\"twitter:data1\" content=\"admin\" \/>\n\t<meta name=\"twitter:label2\" content=\"Est. tempo de leitura\" \/>\n\t<meta name=\"twitter:data2\" content=\"1 minuto\" \/>\n<script type=\"application\/ld+json\" class=\"yoast-schema-graph\">{\"@context\":\"https:\/\/schema.org\",\"@graph\":[{\"@type\":\"Article\",\"@id\":\"https:\/\/acarneiro.adv.br\/inventario\/o-incapaz-pode-ser-empresario\/#article\",\"isPartOf\":{\"@id\":\"https:\/\/acarneiro.adv.br\/inventario\/o-incapaz-pode-ser-empresario\/\"},\"author\":{\"name\":\"admin\",\"@id\":\"https:\/\/acarneiro.adv.br\/inventario\/#\/schema\/person\/7f557aef02ff27f1a7017c4293e77deb\"},\"headline\":\"O incapaz pode ser Empres\u00e1rio?\",\"datePublished\":\"2018-08-27T18:36:00+00:00\",\"dateModified\":\"2018-09-06T21:07:48+00:00\",\"mainEntityOfPage\":{\"@id\":\"https:\/\/acarneiro.adv.br\/inventario\/o-incapaz-pode-ser-empresario\/\"},\"wordCount\":154,\"commentCount\":0,\"publisher\":{\"@id\":\"https:\/\/acarneiro.adv.br\/inventario\/#organization\"},\"image\":{\"@id\":\"https:\/\/acarneiro.adv.br\/inventario\/o-incapaz-pode-ser-empresario\/#primaryimage\"},\"thumbnailUrl\":\"https:\/\/acarneiro.adv.br\/inventario\/wp-content\/uploads\/2018\/08\/crianca.jpg\",\"articleSection\":[\"Direito Empresarial\"],\"inLanguage\":\"pt-BR\",\"potentialAction\":[{\"@type\":\"CommentAction\",\"name\":\"Comment\",\"target\":[\"https:\/\/acarneiro.adv.br\/inventario\/o-incapaz-pode-ser-empresario\/#respond\"]}]},{\"@type\":\"WebPage\",\"@id\":\"https:\/\/acarneiro.adv.br\/inventario\/o-incapaz-pode-ser-empresario\/\",\"url\":\"https:\/\/acarneiro.adv.br\/inventario\/o-incapaz-pode-ser-empresario\/\",\"name\":\"O incapaz pode ser Empres\u00e1rio? - Quais as possibilidades? Carneiro Advocacia - Inventario\",\"isPartOf\":{\"@id\":\"https:\/\/acarneiro.adv.br\/inventario\/#website\"},\"primaryImageOfPage\":{\"@id\":\"https:\/\/acarneiro.adv.br\/inventario\/o-incapaz-pode-ser-empresario\/#primaryimage\"},\"image\":{\"@id\":\"https:\/\/acarneiro.adv.br\/inventario\/o-incapaz-pode-ser-empresario\/#primaryimage\"},\"thumbnailUrl\":\"https:\/\/acarneiro.adv.br\/inventario\/wp-content\/uploads\/2018\/08\/crianca.jpg\",\"datePublished\":\"2018-08-27T18:36:00+00:00\",\"dateModified\":\"2018-09-06T21:07:48+00:00\",\"description\":\"O Empres\u00e1rio individual deve ser plenamente capaz e n\u00e3o impedido para exercer a atividade. Contudo em duas hip\u00f3teses o incapaz poder\u00e1 ser Empres\u00e1rio.\",\"breadcrumb\":{\"@id\":\"https:\/\/acarneiro.adv.br\/inventario\/o-incapaz-pode-ser-empresario\/#breadcrumb\"},\"inLanguage\":\"pt-BR\",\"potentialAction\":[{\"@type\":\"ReadAction\",\"target\":[\"https:\/\/acarneiro.adv.br\/inventario\/o-incapaz-pode-ser-empresario\/\"]}]},{\"@type\":\"ImageObject\",\"inLanguage\":\"pt-BR\",\"@id\":\"https:\/\/acarneiro.adv.br\/inventario\/o-incapaz-pode-ser-empresario\/#primaryimage\",\"url\":\"https:\/\/acarneiro.adv.br\/inventario\/wp-content\/uploads\/2018\/08\/crianca.jpg\",\"contentUrl\":\"https:\/\/acarneiro.adv.br\/inventario\/wp-content\/uploads\/2018\/08\/crianca.jpg\",\"width\":960,\"height\":635},{\"@type\":\"BreadcrumbList\",\"@id\":\"https:\/\/acarneiro.adv.br\/inventario\/o-incapaz-pode-ser-empresario\/#breadcrumb\",\"itemListElement\":[{\"@type\":\"ListItem\",\"position\":1,\"name\":\"In\u00edcio\",\"item\":\"https:\/\/acarneiro.adv.br\/inventario\/\"},{\"@type\":\"ListItem\",\"position\":2,\"name\":\"O incapaz pode ser Empres\u00e1rio?\"}]},{\"@type\":\"WebSite\",\"@id\":\"https:\/\/acarneiro.adv.br\/inventario\/#website\",\"url\":\"https:\/\/acarneiro.adv.br\/inventario\/\",\"name\":\"Carneiro Advocacia\",\"description\":\"Advocacia e Consultoria\",\"publisher\":{\"@id\":\"https:\/\/acarneiro.adv.br\/inventario\/#organization\"},\"potentialAction\":[{\"@type\":\"SearchAction\",\"target\":{\"@type\":\"EntryPoint\",\"urlTemplate\":\"https:\/\/acarneiro.adv.br\/inventario\/?s={search_term_string}\"},\"query-input\":{\"@type\":\"PropertyValueSpecification\",\"valueRequired\":true,\"valueName\":\"search_term_string\"}}],\"inLanguage\":\"pt-BR\"},{\"@type\":\"Organization\",\"@id\":\"https:\/\/acarneiro.adv.br\/inventario\/#organization\",\"name\":\"Carneiro - Advocacia e Consultoria\",\"url\":\"https:\/\/acarneiro.adv.br\/inventario\/\",\"logo\":{\"@type\":\"ImageObject\",\"inLanguage\":\"pt-BR\",\"@id\":\"https:\/\/acarneiro.adv.br\/inventario\/#\/schema\/logo\/image\/\",\"url\":\"https:\/\/acarneiro.adv.br\/inventario\/wp-content\/uploads\/2018\/08\/acarneiro118pxl.png\",\"contentUrl\":\"https:\/\/acarneiro.adv.br\/inventario\/wp-content\/uploads\/2018\/08\/acarneiro118pxl.png\",\"width\":300,\"height\":118,\"caption\":\"Carneiro - Advocacia e Consultoria\"},\"image\":{\"@id\":\"https:\/\/acarneiro.adv.br\/inventario\/#\/schema\/logo\/image\/\"},\"sameAs\":[\"https:\/\/www.facebook.com\/carneiroadvocaciacivil\",\"https:\/\/www.instagram.com\/carneiroadvsc\/\"]},{\"@type\":\"Person\",\"@id\":\"https:\/\/acarneiro.adv.br\/inventario\/#\/schema\/person\/7f557aef02ff27f1a7017c4293e77deb\",\"name\":\"admin\",\"image\":{\"@type\":\"ImageObject\",\"inLanguage\":\"pt-BR\",\"@id\":\"https:\/\/secure.gravatar.com\/avatar\/5e6cbd86765961e7e9f93140586f6004770a75d06ff80abb474645df42254fbc?s=96&d=mm&r=g\",\"url\":\"https:\/\/secure.gravatar.com\/avatar\/5e6cbd86765961e7e9f93140586f6004770a75d06ff80abb474645df42254fbc?s=96&d=mm&r=g\",\"contentUrl\":\"https:\/\/secure.gravatar.com\/avatar\/5e6cbd86765961e7e9f93140586f6004770a75d06ff80abb474645df42254fbc?s=96&d=mm&r=g\",\"caption\":\"admin\"}}]}<\/script>\n<!-- \/ Yoast SEO Premium plugin. -->","yoast_head_json":{"title":"O incapaz pode ser Empres\u00e1rio? - Quais as possibilidades? Carneiro Advocacia - Inventario","description":"O Empres\u00e1rio individual deve ser plenamente capaz e n\u00e3o impedido para exercer a atividade. Contudo em duas hip\u00f3teses o incapaz poder\u00e1 ser Empres\u00e1rio.","robots":{"index":"index","follow":"follow","max-snippet":"max-snippet:-1","max-image-preview":"max-image-preview:large","max-video-preview":"max-video-preview:-1"},"canonical":"https:\/\/acarneiro.adv.br\/inventario\/o-incapaz-pode-ser-empresario\/","og_locale":"pt_BR","og_type":"article","og_title":"O incapaz pode ser Empres\u00e1rio?","og_description":"O Empres\u00e1rio individual deve ser plenamente capaz e n\u00e3o impedido para exercer a atividade. Contudo em duas hip\u00f3teses o incapaz poder\u00e1 ser Empres\u00e1rio.","og_url":"https:\/\/acarneiro.adv.br\/inventario\/o-incapaz-pode-ser-empresario\/","og_site_name":"Carneiro Advocacia - Inventario","article_publisher":"https:\/\/www.facebook.com\/carneiroadvocaciacivil","article_published_time":"2018-08-27T18:36:00+00:00","article_modified_time":"2018-09-06T21:07:48+00:00","og_image":[{"width":960,"height":635,"url":"https:\/\/acarneiro.adv.br\/inventario\/wp-content\/uploads\/2018\/08\/crianca.jpg","type":"image\/jpeg"}],"author":"admin","twitter_card":"summary_large_image","twitter_misc":{"Escrito por":"admin","Est. tempo de leitura":"1 minuto"},"schema":{"@context":"https:\/\/schema.org","@graph":[{"@type":"Article","@id":"https:\/\/acarneiro.adv.br\/inventario\/o-incapaz-pode-ser-empresario\/#article","isPartOf":{"@id":"https:\/\/acarneiro.adv.br\/inventario\/o-incapaz-pode-ser-empresario\/"},"author":{"name":"admin","@id":"https:\/\/acarneiro.adv.br\/inventario\/#\/schema\/person\/7f557aef02ff27f1a7017c4293e77deb"},"headline":"O incapaz pode ser Empres\u00e1rio?","datePublished":"2018-08-27T18:36:00+00:00","dateModified":"2018-09-06T21:07:48+00:00","mainEntityOfPage":{"@id":"https:\/\/acarneiro.adv.br\/inventario\/o-incapaz-pode-ser-empresario\/"},"wordCount":154,"commentCount":0,"publisher":{"@id":"https:\/\/acarneiro.adv.br\/inventario\/#organization"},"image":{"@id":"https:\/\/acarneiro.adv.br\/inventario\/o-incapaz-pode-ser-empresario\/#primaryimage"},"thumbnailUrl":"https:\/\/acarneiro.adv.br\/inventario\/wp-content\/uploads\/2018\/08\/crianca.jpg","articleSection":["Direito Empresarial"],"inLanguage":"pt-BR","potentialAction":[{"@type":"CommentAction","name":"Comment","target":["https:\/\/acarneiro.adv.br\/inventario\/o-incapaz-pode-ser-empresario\/#respond"]}]},{"@type":"WebPage","@id":"https:\/\/acarneiro.adv.br\/inventario\/o-incapaz-pode-ser-empresario\/","url":"https:\/\/acarneiro.adv.br\/inventario\/o-incapaz-pode-ser-empresario\/","name":"O incapaz pode ser Empres\u00e1rio? - Quais as possibilidades? Carneiro Advocacia - Inventario","isPartOf":{"@id":"https:\/\/acarneiro.adv.br\/inventario\/#website"},"primaryImageOfPage":{"@id":"https:\/\/acarneiro.adv.br\/inventario\/o-incapaz-pode-ser-empresario\/#primaryimage"},"image":{"@id":"https:\/\/acarneiro.adv.br\/inventario\/o-incapaz-pode-ser-empresario\/#primaryimage"},"thumbnailUrl":"https:\/\/acarneiro.adv.br\/inventario\/wp-content\/uploads\/2018\/08\/crianca.jpg","datePublished":"2018-08-27T18:36:00+00:00","dateModified":"2018-09-06T21:07:48+00:00","description":"O Empres\u00e1rio individual deve ser plenamente capaz e n\u00e3o impedido para exercer a atividade. Contudo em duas hip\u00f3teses o incapaz poder\u00e1 ser Empres\u00e1rio.","breadcrumb":{"@id":"https:\/\/acarneiro.adv.br\/inventario\/o-incapaz-pode-ser-empresario\/#breadcrumb"},"inLanguage":"pt-BR","potentialAction":[{"@type":"ReadAction","target":["https:\/\/acarneiro.adv.br\/inventario\/o-incapaz-pode-ser-empresario\/"]}]},{"@type":"ImageObject","inLanguage":"pt-BR","@id":"https:\/\/acarneiro.adv.br\/inventario\/o-incapaz-pode-ser-empresario\/#primaryimage","url":"https:\/\/acarneiro.adv.br\/inventario\/wp-content\/uploads\/2018\/08\/crianca.jpg","contentUrl":"https:\/\/acarneiro.adv.br\/inventario\/wp-content\/uploads\/2018\/08\/crianca.jpg","width":960,"height":635},{"@type":"BreadcrumbList","@id":"https:\/\/acarneiro.adv.br\/inventario\/o-incapaz-pode-ser-empresario\/#breadcrumb","itemListElement":[{"@type":"ListItem","position":1,"name":"In\u00edcio","item":"https:\/\/acarneiro.adv.br\/inventario\/"},{"@type":"ListItem","position":2,"name":"O incapaz pode ser Empres\u00e1rio?"}]},{"@type":"WebSite","@id":"https:\/\/acarneiro.adv.br\/inventario\/#website","url":"https:\/\/acarneiro.adv.br\/inventario\/","name":"Carneiro Advocacia","description":"Advocacia e Consultoria","publisher":{"@id":"https:\/\/acarneiro.adv.br\/inventario\/#organization"},"potentialAction":[{"@type":"SearchAction","target":{"@type":"EntryPoint","urlTemplate":"https:\/\/acarneiro.adv.br\/inventario\/?s={search_term_string}"},"query-input":{"@type":"PropertyValueSpecification","valueRequired":true,"valueName":"search_term_string"}}],"inLanguage":"pt-BR"},{"@type":"Organization","@id":"https:\/\/acarneiro.adv.br\/inventario\/#organization","name":"Carneiro - Advocacia e Consultoria","url":"https:\/\/acarneiro.adv.br\/inventario\/","logo":{"@type":"ImageObject","inLanguage":"pt-BR","@id":"https:\/\/acarneiro.adv.br\/inventario\/#\/schema\/logo\/image\/","url":"https:\/\/acarneiro.adv.br\/inventario\/wp-content\/uploads\/2018\/08\/acarneiro118pxl.png","contentUrl":"https:\/\/acarneiro.adv.br\/inventario\/wp-content\/uploads\/2018\/08\/acarneiro118pxl.png","width":300,"height":118,"caption":"Carneiro - Advocacia e Consultoria"},"image":{"@id":"https:\/\/acarneiro.adv.br\/inventario\/#\/schema\/logo\/image\/"},"sameAs":["https:\/\/www.facebook.com\/carneiroadvocaciacivil","https:\/\/www.instagram.com\/carneiroadvsc\/"]},{"@type":"Person","@id":"https:\/\/acarneiro.adv.br\/inventario\/#\/schema\/person\/7f557aef02ff27f1a7017c4293e77deb","name":"admin","image":{"@type":"ImageObject","inLanguage":"pt-BR","@id":"https:\/\/secure.gravatar.com\/avatar\/5e6cbd86765961e7e9f93140586f6004770a75d06ff80abb474645df42254fbc?s=96&d=mm&r=g","url":"https:\/\/secure.gravatar.com\/avatar\/5e6cbd86765961e7e9f93140586f6004770a75d06ff80abb474645df42254fbc?s=96&d=mm&r=g","contentUrl":"https:\/\/secure.gravatar.com\/avatar\/5e6cbd86765961e7e9f93140586f6004770a75d06ff80abb474645df42254fbc?s=96&d=mm&r=g","caption":"admin"}}]}},"_links":{"self":[{"href":"https:\/\/acarneiro.adv.br\/inventario\/wp-json\/wp\/v2\/posts\/2653","targetHints":{"allow":["GET"]}}],"collection":[{"href":"https:\/\/acarneiro.adv.br\/inventario\/wp-json\/wp\/v2\/posts"}],"about":[{"href":"https:\/\/acarneiro.adv.br\/inventario\/wp-json\/wp\/v2\/types\/post"}],"author":[{"embeddable":true,"href":"https:\/\/acarneiro.adv.br\/inventario\/wp-json\/wp\/v2\/users\/1"}],"replies":[{"embeddable":true,"href":"https:\/\/acarneiro.adv.br\/inventario\/wp-json\/wp\/v2\/comments?post=2653"}],"version-history":[{"count":3,"href":"https:\/\/acarneiro.adv.br\/inventario\/wp-json\/wp\/v2\/posts\/2653\/revisions"}],"predecessor-version":[{"id":2705,"href":"https:\/\/acarneiro.adv.br\/inventario\/wp-json\/wp\/v2\/posts\/2653\/revisions\/2705"}],"wp:featuredmedia":[{"embeddable":true,"href":"https:\/\/acarneiro.adv.br\/inventario\/wp-json\/wp\/v2\/media\/2680"}],"wp:attachment":[{"href":"https:\/\/acarneiro.adv.br\/inventario\/wp-json\/wp\/v2\/media?parent=2653"}],"wp:term":[{"taxonomy":"category","embeddable":true,"href":"https:\/\/acarneiro.adv.br\/inventario\/wp-json\/wp\/v2\/categories?post=2653"},{"taxonomy":"post_tag","embeddable":true,"href":"https:\/\/acarneiro.adv.br\/inventario\/wp-json\/wp\/v2\/tags?post=2653"}],"curies":[{"name":"wp","href":"https:\/\/api.w.org\/{rel}","templated":true}]}}