{"id":2706,"date":"2018-08-28T15:32:02","date_gmt":"2018-08-28T15:32:02","guid":{"rendered":"https:\/\/acarneiro.adv.br\/inventario\/?p=2706"},"modified":"2018-09-06T21:00:14","modified_gmt":"2018-09-06T21:00:14","slug":"pagamento-de-icms-quando-devo-pagar","status":"publish","type":"post","link":"https:\/\/acarneiro.adv.br\/inventario\/pagamento-de-icms-quando-devo-pagar\/","title":{"rendered":"Pagamento de ICMS. Quando devo pagar?"},"content":{"rendered":"<h2>O que \u00e9 o ICMS?<\/h2>\n<h4>O ICMS \u00e9 um Imposto Estadual, conforme o art. 155, II da Constitui\u00e7\u00e3o Federal, sendo que o seu Fato Gerador \u00e9 a:<\/h4>\n<ul>\n<li>circula\u00e7\u00e3o de mercadoria, inclusive de Energia;<\/li>\n<li>presta\u00e7\u00e3o de servi\u00e7o de transporte interestadual ou intermunicipal;<\/li>\n<li>servi\u00e7os de comunica\u00e7\u00e3o onerosos.<\/li>\n<\/ul>\n<p>Assim, se voc\u00ea presta algum desses servi\u00e7os, voc\u00ea realizou o Fato Gerador que enseja na cobran\u00e7a do Tributo.<\/p>\n<p>Aten\u00e7\u00e3o para as situa\u00e7\u00f5es em que o ICMS n\u00e3o incide, via de regra, constitucionalmente n\u00e3o incide sobre:<\/p>\n<ul>\n<li>Transporte internacional;<\/li>\n<li>transporte <strong>intramunicipais;<\/strong><\/li>\n<li>exporta\u00e7\u00e3o (imunidade);<\/li>\n<li>radiodifus\u00e3o gratuita &#8211; radio comunit\u00e1ria, por exemplo (imunidade);<\/li>\n<li>produ\u00e7\u00e3o e venda de fonogramas produzidos no Brasil contendo obras de Autores brasileiros ou interpretadas por Autores brasileiros (imunidade);<\/li>\n<li>sa\u00edda de Petr\u00f3leo, Derivados e Energia El\u00e9trica (imunidade);<\/li>\n<li>circula\u00e7\u00e3o de ouro como ativo financeiro ou instrumento cambial (imunidade).<\/li>\n<\/ul>\n<h5><strong>E se houver a presta\u00e7\u00e3o de servi\u00e7o e circula\u00e7\u00e3o de mercadorias?<\/strong><\/h5>\n<p>Neste caso, havendo servi\u00e7o, em tese, deveria haver a incid\u00eancia do ISS, a ser pago ao munic\u00edpio onde se realiza o servi\u00e7o. Contudo, a CF\/88 deixou claro que <strong>quando o servi\u00e7o vem acompanhado de circula\u00e7\u00e3o de mercadoria<\/strong>, como no caso de um hospital que presta servi\u00e7os e fornece medicamentos aos pacientes, <strong>deve incidir o ICMS, exceto os servi\u00e7os que constem na\u00a0<a href=\"http:\/\/www.planalto.gov.br\/ccivil_03\/LEIS\/LCP\/Lcp116.htm\" target=\"_blank\" rel=\"noopener\">LC 116\/03<\/a>, situa\u00e7\u00e3o que deve incidir o ISS<\/strong>.\u00a0Segue o link -&gt; <a href=\"http:\/\/www.planalto.gov.br\/ccivil_03\/LEIS\/LCP\/Lcp116.htm\" target=\"_blank\" rel=\"noopener\">LC 116\/03<\/a><\/p>\n<h4>Quais s\u00e3o as atividades que est\u00e3o inseridas na LC?<\/h4>\n<p>Abaixo s\u00e3o apresentados os itens da LC 116\/03 que s\u00e3o exce\u00e7\u00f5es \u00e0 regra de incid\u00eancia Pura do ISS. Assim, s\u00e3o sujeitos ao ISS:<\/p>\n<div class=\"page\" title=\"Page 37\">\n<div class=\"section\">\n<div class=\"layoutArea\">\n<div class=\"column\">\n<ul>\n<li><strong>1) Obras de constru\u00e7\u00e3o e montagem de produtos (Montagem fora do local da obra, incide ICMS) (Item 7.02.\u00a0<\/strong>\u00a0Execu\u00e7\u00e3o, por administra\u00e7\u00e3o, empreitada ou subempreitada, de <strong>obras de constru\u00e7\u00e3o <\/strong>civil, hidr\u00e1ulica ou el\u00e9trica e de outras obras semelhantes, inclusive sondagem, perfura\u00e7\u00e3o de po\u00e7os, escava\u00e7\u00e3o, drenagem e irriga\u00e7\u00e3o, terraplanagem, pavimenta\u00e7\u00e3o, concretagem e a instala\u00e7\u00e3o <strong>e montagem de produtos, pe\u00e7as e equipamentos<\/strong> (exceto o fornecimento de mercadorias produzidas pelo prestador de servi\u00e7os fora do local da presta\u00e7\u00e3o dos servi\u00e7os, que fica sujeito ao ICMS)).<\/li>\n<li><strong>2) Reformas de Edif\u00edcios, portos, pontes, incide ICMS sobre mercadoria utilizada na reforma mas produzida fora do local da reforma e ISS sobre o restante.\u00a0<\/strong>\u00a0(Item 7.05. Repara\u00e7\u00e3o, conserva\u00e7\u00e3o e <strong>reforma de edif\u00edcios<\/strong>, estradas, pontes, portos e cong\u00eaneres (exceto o fornecimento de mercadorias produzidas pelo prestador dos servi\u00e7os, fora do local da presta\u00e7\u00e3o dos servi\u00e7os, que fica sujeito ao ICMS)).<\/li>\n<li><strong>3) Instala\u00e7\u00f5es para casa, incide ICMS sobre material trazido pelo prestador do servi\u00e7o e ISS pelo restante. (Item 7.06.\u00a0<\/strong>Coloca\u00e7\u00e3o e instala\u00e7\u00e3o de tapetes, carpetes, assoalhos, cortinas, revestimentos de parede, vidros, divis\u00f3rias, placas de gesso e cong\u00eaneres, com material fornecido pelo tomador do servi\u00e7o).<\/li>\n<li><strong>4) Hospedagens em geral, se a alimenta\u00e7\u00e3o e gorjeta n\u00e3o forem inclu\u00eddos no pre\u00e7o da di\u00e1ria, incidir\u00e1 ICMS sobre elas e ISS no restante. (Item 9.01.<\/strong>\u00a0 Hospedagem de qualquer natureza em hot\u00e9is, apart-service condominiais, flat, apart-hot\u00e9is, hot\u00e9is resid\u00eancia, residence-service, suite service, hotelaria mar\u00edtima, mot\u00e9is, pens\u00f5es e cong\u00eaneres; ocupa\u00e7\u00e3o por temporada com fornecimento de servi\u00e7o (o valor da alimenta\u00e7\u00e3o e gorjeta, quando inclu\u00eddo no pre\u00e7o da di\u00e1ria, fica sujeito ao Imposto Sobre Servi\u00e7os)).<\/li>\n<li><strong>5) Consertos de motores e ve\u00edculos, incide ICMS nas pe\u00e7as utilizadas nos consertos e o restante ISS. (Item 14.01.\u00a0<\/strong>Lubrifica\u00e7\u00e3o, limpeza, lustra\u00e7\u00e3o, revis\u00e3o, carga e recarga, conserto, restaura\u00e7\u00e3o, blindagem, manuten\u00e7\u00e3o e conserva\u00e7\u00e3o de m\u00e1quinas, ve\u00edculos, aparelhos, equipamentos, motores, elevadores ou de qualquer objeto (exceto pe\u00e7as e partes empregadas, que ficam sujeitas ao ICMS).<\/li>\n<li><strong>6) Recondicionamento de motores incide ICMS nas pe\u00e7as utilizadas. <\/strong>(Item 14.03. Recondicionamento de motores (exceto pe\u00e7as e partes empregadas, que ficam sujeitas ao ICMS)).<\/li>\n<li><strong>7) Incide ICMS quando o material \u00e9 do alfaiate, caso contr\u00e1rio, incide apenas ISS.<\/strong> (14.09 \u2013 Alfaiataria e costura, quando o material for fornecido pelo usu\u00e1rio final, exceto aviamento.)<\/li>\n<li><strong>8) Em festas, incide ICMS apenas no fornecimento de alimentos e bebidas.<\/strong> (Item 17.11 \u2013 Organiza\u00e7\u00e3o de festas e recep\u00e7\u00f5es; buf\u00ea (exceto o fornecimento de alimenta\u00e7\u00e3o e bebidas, que fica sujeito ao ICMS)).<\/li>\n<\/ul>\n<\/div>\n<\/div>\n<\/div>\n<\/div>\n","protected":false},"excerpt":{"rendered":"<p>O que \u00e9 o ICMS? O ICMS \u00e9 um Imposto Estadual, conforme o art. 155, II da Constitui\u00e7\u00e3o Federal, sendo que o seu Fato Gerador \u00e9<span class=\"excerpt-hellip\"> [\u2026]<\/span><\/p>\n","protected":false},"author":1,"featured_media":2712,"comment_status":"open","ping_status":"open","sticky":false,"template":"","format":"standard","meta":{"footnotes":""},"categories":[42],"tags":[],"class_list":["post-2706","post","type-post","status-publish","format-standard","has-post-thumbnail","hentry","category-direito-tributario"],"yoast_head":"<!-- This site is optimized with the Yoast SEO Premium plugin v23.2 (Yoast SEO v27.2) - https:\/\/yoast.com\/product\/yoast-seo-premium-wordpress\/ -->\n<title>Pagamento de ICMS. Quando devo pagar? - Carneiro Advocacia - Inventario<\/title>\n<meta name=\"description\" content=\"O ICMS \u00e9 um Imposto Estadual, conforme o art. 155, II da Constitui\u00e7\u00e3o Federal, sendo que o seu Fato Gerador \u00e9 a circula\u00e7\u00e3o de mercadorias ...\" \/>\n<meta name=\"robots\" content=\"index, follow, max-snippet:-1, max-image-preview:large, max-video-preview:-1\" \/>\n<link rel=\"canonical\" href=\"https:\/\/acarneiro.adv.br\/inventario\/pagamento-de-icms-quando-devo-pagar\/\" \/>\n<meta property=\"og:locale\" content=\"pt_BR\" \/>\n<meta property=\"og:type\" content=\"article\" \/>\n<meta property=\"og:title\" content=\"Pagamento de ICMS. Quando devo pagar?\" \/>\n<meta property=\"og:description\" content=\"O ICMS \u00e9 um Imposto Estadual, conforme o art. 155, II da Constitui\u00e7\u00e3o Federal, sendo que o seu Fato Gerador \u00e9 a circula\u00e7\u00e3o de mercadorias ...\" \/>\n<meta property=\"og:url\" content=\"https:\/\/acarneiro.adv.br\/inventario\/pagamento-de-icms-quando-devo-pagar\/\" \/>\n<meta property=\"og:site_name\" content=\"Carneiro Advocacia - Inventario\" \/>\n<meta property=\"article:publisher\" content=\"https:\/\/www.facebook.com\/carneiroadvocaciacivil\" \/>\n<meta property=\"article:published_time\" content=\"2018-08-28T15:32:02+00:00\" \/>\n<meta property=\"article:modified_time\" content=\"2018-09-06T21:00:14+00:00\" \/>\n<meta property=\"og:image\" content=\"https:\/\/acarneiro.adv.br\/inventario\/wp-content\/uploads\/2018\/08\/buffet-icms.jpg\" \/>\n\t<meta property=\"og:image:width\" content=\"1125\" \/>\n\t<meta property=\"og:image:height\" content=\"750\" \/>\n\t<meta property=\"og:image:type\" content=\"image\/jpeg\" \/>\n<meta name=\"author\" content=\"admin\" \/>\n<meta name=\"twitter:card\" content=\"summary_large_image\" \/>\n<meta name=\"twitter:label1\" content=\"Escrito por\" \/>\n\t<meta name=\"twitter:data1\" content=\"admin\" \/>\n\t<meta name=\"twitter:label2\" content=\"Est. tempo de leitura\" \/>\n\t<meta name=\"twitter:data2\" content=\"4 minutos\" \/>\n<script type=\"application\/ld+json\" class=\"yoast-schema-graph\">{\"@context\":\"https:\/\/schema.org\",\"@graph\":[{\"@type\":\"Article\",\"@id\":\"https:\/\/acarneiro.adv.br\/inventario\/pagamento-de-icms-quando-devo-pagar\/#article\",\"isPartOf\":{\"@id\":\"https:\/\/acarneiro.adv.br\/inventario\/pagamento-de-icms-quando-devo-pagar\/\"},\"author\":{\"name\":\"admin\",\"@id\":\"https:\/\/acarneiro.adv.br\/inventario\/#\/schema\/person\/7f557aef02ff27f1a7017c4293e77deb\"},\"headline\":\"Pagamento de ICMS. Quando devo pagar?\",\"datePublished\":\"2018-08-28T15:32:02+00:00\",\"dateModified\":\"2018-09-06T21:00:14+00:00\",\"mainEntityOfPage\":{\"@id\":\"https:\/\/acarneiro.adv.br\/inventario\/pagamento-de-icms-quando-devo-pagar\/\"},\"wordCount\":733,\"commentCount\":0,\"publisher\":{\"@id\":\"https:\/\/acarneiro.adv.br\/inventario\/#organization\"},\"image\":{\"@id\":\"https:\/\/acarneiro.adv.br\/inventario\/pagamento-de-icms-quando-devo-pagar\/#primaryimage\"},\"thumbnailUrl\":\"https:\/\/acarneiro.adv.br\/inventario\/wp-content\/uploads\/2018\/08\/buffet-icms.jpg\",\"articleSection\":[\"Direito Tribut\u00e1rio\"],\"inLanguage\":\"pt-BR\",\"potentialAction\":[{\"@type\":\"CommentAction\",\"name\":\"Comment\",\"target\":[\"https:\/\/acarneiro.adv.br\/inventario\/pagamento-de-icms-quando-devo-pagar\/#respond\"]}]},{\"@type\":\"WebPage\",\"@id\":\"https:\/\/acarneiro.adv.br\/inventario\/pagamento-de-icms-quando-devo-pagar\/\",\"url\":\"https:\/\/acarneiro.adv.br\/inventario\/pagamento-de-icms-quando-devo-pagar\/\",\"name\":\"Pagamento de ICMS. Quando devo pagar? - Carneiro Advocacia - Inventario\",\"isPartOf\":{\"@id\":\"https:\/\/acarneiro.adv.br\/inventario\/#website\"},\"primaryImageOfPage\":{\"@id\":\"https:\/\/acarneiro.adv.br\/inventario\/pagamento-de-icms-quando-devo-pagar\/#primaryimage\"},\"image\":{\"@id\":\"https:\/\/acarneiro.adv.br\/inventario\/pagamento-de-icms-quando-devo-pagar\/#primaryimage\"},\"thumbnailUrl\":\"https:\/\/acarneiro.adv.br\/inventario\/wp-content\/uploads\/2018\/08\/buffet-icms.jpg\",\"datePublished\":\"2018-08-28T15:32:02+00:00\",\"dateModified\":\"2018-09-06T21:00:14+00:00\",\"description\":\"O ICMS \u00e9 um Imposto Estadual, conforme o art. 155, II da Constitui\u00e7\u00e3o Federal, sendo que o seu Fato Gerador \u00e9 a circula\u00e7\u00e3o de mercadorias ...\",\"breadcrumb\":{\"@id\":\"https:\/\/acarneiro.adv.br\/inventario\/pagamento-de-icms-quando-devo-pagar\/#breadcrumb\"},\"inLanguage\":\"pt-BR\",\"potentialAction\":[{\"@type\":\"ReadAction\",\"target\":[\"https:\/\/acarneiro.adv.br\/inventario\/pagamento-de-icms-quando-devo-pagar\/\"]}]},{\"@type\":\"ImageObject\",\"inLanguage\":\"pt-BR\",\"@id\":\"https:\/\/acarneiro.adv.br\/inventario\/pagamento-de-icms-quando-devo-pagar\/#primaryimage\",\"url\":\"https:\/\/acarneiro.adv.br\/inventario\/wp-content\/uploads\/2018\/08\/buffet-icms.jpg\",\"contentUrl\":\"https:\/\/acarneiro.adv.br\/inventario\/wp-content\/uploads\/2018\/08\/buffet-icms.jpg\",\"width\":1125,\"height\":750},{\"@type\":\"BreadcrumbList\",\"@id\":\"https:\/\/acarneiro.adv.br\/inventario\/pagamento-de-icms-quando-devo-pagar\/#breadcrumb\",\"itemListElement\":[{\"@type\":\"ListItem\",\"position\":1,\"name\":\"In\u00edcio\",\"item\":\"https:\/\/acarneiro.adv.br\/inventario\/\"},{\"@type\":\"ListItem\",\"position\":2,\"name\":\"Pagamento de ICMS. Quando devo pagar?\"}]},{\"@type\":\"WebSite\",\"@id\":\"https:\/\/acarneiro.adv.br\/inventario\/#website\",\"url\":\"https:\/\/acarneiro.adv.br\/inventario\/\",\"name\":\"Carneiro Advocacia\",\"description\":\"Advocacia e Consultoria\",\"publisher\":{\"@id\":\"https:\/\/acarneiro.adv.br\/inventario\/#organization\"},\"potentialAction\":[{\"@type\":\"SearchAction\",\"target\":{\"@type\":\"EntryPoint\",\"urlTemplate\":\"https:\/\/acarneiro.adv.br\/inventario\/?s={search_term_string}\"},\"query-input\":{\"@type\":\"PropertyValueSpecification\",\"valueRequired\":true,\"valueName\":\"search_term_string\"}}],\"inLanguage\":\"pt-BR\"},{\"@type\":\"Organization\",\"@id\":\"https:\/\/acarneiro.adv.br\/inventario\/#organization\",\"name\":\"Carneiro - Advocacia e Consultoria\",\"url\":\"https:\/\/acarneiro.adv.br\/inventario\/\",\"logo\":{\"@type\":\"ImageObject\",\"inLanguage\":\"pt-BR\",\"@id\":\"https:\/\/acarneiro.adv.br\/inventario\/#\/schema\/logo\/image\/\",\"url\":\"https:\/\/acarneiro.adv.br\/inventario\/wp-content\/uploads\/2018\/08\/acarneiro118pxl.png\",\"contentUrl\":\"https:\/\/acarneiro.adv.br\/inventario\/wp-content\/uploads\/2018\/08\/acarneiro118pxl.png\",\"width\":300,\"height\":118,\"caption\":\"Carneiro - Advocacia e Consultoria\"},\"image\":{\"@id\":\"https:\/\/acarneiro.adv.br\/inventario\/#\/schema\/logo\/image\/\"},\"sameAs\":[\"https:\/\/www.facebook.com\/carneiroadvocaciacivil\",\"https:\/\/www.instagram.com\/carneiroadvsc\/\"]},{\"@type\":\"Person\",\"@id\":\"https:\/\/acarneiro.adv.br\/inventario\/#\/schema\/person\/7f557aef02ff27f1a7017c4293e77deb\",\"name\":\"admin\",\"image\":{\"@type\":\"ImageObject\",\"inLanguage\":\"pt-BR\",\"@id\":\"https:\/\/secure.gravatar.com\/avatar\/5e6cbd86765961e7e9f93140586f6004770a75d06ff80abb474645df42254fbc?s=96&d=mm&r=g\",\"url\":\"https:\/\/secure.gravatar.com\/avatar\/5e6cbd86765961e7e9f93140586f6004770a75d06ff80abb474645df42254fbc?s=96&d=mm&r=g\",\"contentUrl\":\"https:\/\/secure.gravatar.com\/avatar\/5e6cbd86765961e7e9f93140586f6004770a75d06ff80abb474645df42254fbc?s=96&d=mm&r=g\",\"caption\":\"admin\"}}]}<\/script>\n<!-- \/ Yoast SEO Premium plugin. -->","yoast_head_json":{"title":"Pagamento de ICMS. Quando devo pagar? - Carneiro Advocacia - Inventario","description":"O ICMS \u00e9 um Imposto Estadual, conforme o art. 155, II da Constitui\u00e7\u00e3o Federal, sendo que o seu Fato Gerador \u00e9 a circula\u00e7\u00e3o de mercadorias ...","robots":{"index":"index","follow":"follow","max-snippet":"max-snippet:-1","max-image-preview":"max-image-preview:large","max-video-preview":"max-video-preview:-1"},"canonical":"https:\/\/acarneiro.adv.br\/inventario\/pagamento-de-icms-quando-devo-pagar\/","og_locale":"pt_BR","og_type":"article","og_title":"Pagamento de ICMS. Quando devo pagar?","og_description":"O ICMS \u00e9 um Imposto Estadual, conforme o art. 155, II da Constitui\u00e7\u00e3o Federal, sendo que o seu Fato Gerador \u00e9 a circula\u00e7\u00e3o de mercadorias ...","og_url":"https:\/\/acarneiro.adv.br\/inventario\/pagamento-de-icms-quando-devo-pagar\/","og_site_name":"Carneiro Advocacia - Inventario","article_publisher":"https:\/\/www.facebook.com\/carneiroadvocaciacivil","article_published_time":"2018-08-28T15:32:02+00:00","article_modified_time":"2018-09-06T21:00:14+00:00","og_image":[{"width":1125,"height":750,"url":"https:\/\/acarneiro.adv.br\/inventario\/wp-content\/uploads\/2018\/08\/buffet-icms.jpg","type":"image\/jpeg"}],"author":"admin","twitter_card":"summary_large_image","twitter_misc":{"Escrito por":"admin","Est. tempo de leitura":"4 minutos"},"schema":{"@context":"https:\/\/schema.org","@graph":[{"@type":"Article","@id":"https:\/\/acarneiro.adv.br\/inventario\/pagamento-de-icms-quando-devo-pagar\/#article","isPartOf":{"@id":"https:\/\/acarneiro.adv.br\/inventario\/pagamento-de-icms-quando-devo-pagar\/"},"author":{"name":"admin","@id":"https:\/\/acarneiro.adv.br\/inventario\/#\/schema\/person\/7f557aef02ff27f1a7017c4293e77deb"},"headline":"Pagamento de ICMS. Quando devo pagar?","datePublished":"2018-08-28T15:32:02+00:00","dateModified":"2018-09-06T21:00:14+00:00","mainEntityOfPage":{"@id":"https:\/\/acarneiro.adv.br\/inventario\/pagamento-de-icms-quando-devo-pagar\/"},"wordCount":733,"commentCount":0,"publisher":{"@id":"https:\/\/acarneiro.adv.br\/inventario\/#organization"},"image":{"@id":"https:\/\/acarneiro.adv.br\/inventario\/pagamento-de-icms-quando-devo-pagar\/#primaryimage"},"thumbnailUrl":"https:\/\/acarneiro.adv.br\/inventario\/wp-content\/uploads\/2018\/08\/buffet-icms.jpg","articleSection":["Direito Tribut\u00e1rio"],"inLanguage":"pt-BR","potentialAction":[{"@type":"CommentAction","name":"Comment","target":["https:\/\/acarneiro.adv.br\/inventario\/pagamento-de-icms-quando-devo-pagar\/#respond"]}]},{"@type":"WebPage","@id":"https:\/\/acarneiro.adv.br\/inventario\/pagamento-de-icms-quando-devo-pagar\/","url":"https:\/\/acarneiro.adv.br\/inventario\/pagamento-de-icms-quando-devo-pagar\/","name":"Pagamento de ICMS. Quando devo pagar? - Carneiro Advocacia - Inventario","isPartOf":{"@id":"https:\/\/acarneiro.adv.br\/inventario\/#website"},"primaryImageOfPage":{"@id":"https:\/\/acarneiro.adv.br\/inventario\/pagamento-de-icms-quando-devo-pagar\/#primaryimage"},"image":{"@id":"https:\/\/acarneiro.adv.br\/inventario\/pagamento-de-icms-quando-devo-pagar\/#primaryimage"},"thumbnailUrl":"https:\/\/acarneiro.adv.br\/inventario\/wp-content\/uploads\/2018\/08\/buffet-icms.jpg","datePublished":"2018-08-28T15:32:02+00:00","dateModified":"2018-09-06T21:00:14+00:00","description":"O ICMS \u00e9 um Imposto Estadual, conforme o art. 155, II da Constitui\u00e7\u00e3o Federal, sendo que o seu Fato Gerador \u00e9 a circula\u00e7\u00e3o de mercadorias ...","breadcrumb":{"@id":"https:\/\/acarneiro.adv.br\/inventario\/pagamento-de-icms-quando-devo-pagar\/#breadcrumb"},"inLanguage":"pt-BR","potentialAction":[{"@type":"ReadAction","target":["https:\/\/acarneiro.adv.br\/inventario\/pagamento-de-icms-quando-devo-pagar\/"]}]},{"@type":"ImageObject","inLanguage":"pt-BR","@id":"https:\/\/acarneiro.adv.br\/inventario\/pagamento-de-icms-quando-devo-pagar\/#primaryimage","url":"https:\/\/acarneiro.adv.br\/inventario\/wp-content\/uploads\/2018\/08\/buffet-icms.jpg","contentUrl":"https:\/\/acarneiro.adv.br\/inventario\/wp-content\/uploads\/2018\/08\/buffet-icms.jpg","width":1125,"height":750},{"@type":"BreadcrumbList","@id":"https:\/\/acarneiro.adv.br\/inventario\/pagamento-de-icms-quando-devo-pagar\/#breadcrumb","itemListElement":[{"@type":"ListItem","position":1,"name":"In\u00edcio","item":"https:\/\/acarneiro.adv.br\/inventario\/"},{"@type":"ListItem","position":2,"name":"Pagamento de ICMS. Quando devo pagar?"}]},{"@type":"WebSite","@id":"https:\/\/acarneiro.adv.br\/inventario\/#website","url":"https:\/\/acarneiro.adv.br\/inventario\/","name":"Carneiro Advocacia","description":"Advocacia e Consultoria","publisher":{"@id":"https:\/\/acarneiro.adv.br\/inventario\/#organization"},"potentialAction":[{"@type":"SearchAction","target":{"@type":"EntryPoint","urlTemplate":"https:\/\/acarneiro.adv.br\/inventario\/?s={search_term_string}"},"query-input":{"@type":"PropertyValueSpecification","valueRequired":true,"valueName":"search_term_string"}}],"inLanguage":"pt-BR"},{"@type":"Organization","@id":"https:\/\/acarneiro.adv.br\/inventario\/#organization","name":"Carneiro - Advocacia e Consultoria","url":"https:\/\/acarneiro.adv.br\/inventario\/","logo":{"@type":"ImageObject","inLanguage":"pt-BR","@id":"https:\/\/acarneiro.adv.br\/inventario\/#\/schema\/logo\/image\/","url":"https:\/\/acarneiro.adv.br\/inventario\/wp-content\/uploads\/2018\/08\/acarneiro118pxl.png","contentUrl":"https:\/\/acarneiro.adv.br\/inventario\/wp-content\/uploads\/2018\/08\/acarneiro118pxl.png","width":300,"height":118,"caption":"Carneiro - Advocacia e Consultoria"},"image":{"@id":"https:\/\/acarneiro.adv.br\/inventario\/#\/schema\/logo\/image\/"},"sameAs":["https:\/\/www.facebook.com\/carneiroadvocaciacivil","https:\/\/www.instagram.com\/carneiroadvsc\/"]},{"@type":"Person","@id":"https:\/\/acarneiro.adv.br\/inventario\/#\/schema\/person\/7f557aef02ff27f1a7017c4293e77deb","name":"admin","image":{"@type":"ImageObject","inLanguage":"pt-BR","@id":"https:\/\/secure.gravatar.com\/avatar\/5e6cbd86765961e7e9f93140586f6004770a75d06ff80abb474645df42254fbc?s=96&d=mm&r=g","url":"https:\/\/secure.gravatar.com\/avatar\/5e6cbd86765961e7e9f93140586f6004770a75d06ff80abb474645df42254fbc?s=96&d=mm&r=g","contentUrl":"https:\/\/secure.gravatar.com\/avatar\/5e6cbd86765961e7e9f93140586f6004770a75d06ff80abb474645df42254fbc?s=96&d=mm&r=g","caption":"admin"}}]}},"_links":{"self":[{"href":"https:\/\/acarneiro.adv.br\/inventario\/wp-json\/wp\/v2\/posts\/2706","targetHints":{"allow":["GET"]}}],"collection":[{"href":"https:\/\/acarneiro.adv.br\/inventario\/wp-json\/wp\/v2\/posts"}],"about":[{"href":"https:\/\/acarneiro.adv.br\/inventario\/wp-json\/wp\/v2\/types\/post"}],"author":[{"embeddable":true,"href":"https:\/\/acarneiro.adv.br\/inventario\/wp-json\/wp\/v2\/users\/1"}],"replies":[{"embeddable":true,"href":"https:\/\/acarneiro.adv.br\/inventario\/wp-json\/wp\/v2\/comments?post=2706"}],"version-history":[{"count":3,"href":"https:\/\/acarneiro.adv.br\/inventario\/wp-json\/wp\/v2\/posts\/2706\/revisions"}],"predecessor-version":[{"id":2989,"href":"https:\/\/acarneiro.adv.br\/inventario\/wp-json\/wp\/v2\/posts\/2706\/revisions\/2989"}],"wp:featuredmedia":[{"embeddable":true,"href":"https:\/\/acarneiro.adv.br\/inventario\/wp-json\/wp\/v2\/media\/2712"}],"wp:attachment":[{"href":"https:\/\/acarneiro.adv.br\/inventario\/wp-json\/wp\/v2\/media?parent=2706"}],"wp:term":[{"taxonomy":"category","embeddable":true,"href":"https:\/\/acarneiro.adv.br\/inventario\/wp-json\/wp\/v2\/categories?post=2706"},{"taxonomy":"post_tag","embeddable":true,"href":"https:\/\/acarneiro.adv.br\/inventario\/wp-json\/wp\/v2\/tags?post=2706"}],"curies":[{"name":"wp","href":"https:\/\/api.w.org\/{rel}","templated":true}]}}