{"id":2707,"date":"2018-08-28T01:55:08","date_gmt":"2018-08-28T01:55:08","guid":{"rendered":"https:\/\/acarneiro.adv.br\/inventario\/?p=2707"},"modified":"2018-09-06T21:01:42","modified_gmt":"2018-09-06T21:01:42","slug":"contribuicao-de-melhoria-como-podem-cobrar","status":"publish","type":"post","link":"https:\/\/acarneiro.adv.br\/inventario\/contribuicao-de-melhoria-como-podem-cobrar\/","title":{"rendered":"Contribui\u00e7\u00e3o de melhoria. O que \u00e9 e como pode ser cobrada?"},"content":{"rendered":"<h3>Benef\u00edcios do Estado<\/h3>\n<p>A partir do momento em que o Estado realiza uma obra que beneficia o im\u00f3vel e este aumenta o seu valor, o Estado pode se valer da contribui\u00e7\u00e3o de melhoria para custear aquela e evitar que o dono do im\u00f3vel tenha um enriquecimento sem causa. Contudo, h\u00e1 regras claras que devem ser seguidas. Se atente a elas e veja se h\u00e1 irregularidades quanto ao seu im\u00f3vel.<\/p>\n<p>\u00c9 interessante frisar que o tributo vinculado surge de uma atividade estatal, a realiza\u00e7\u00e3o de uma obra p\u00fablica com valoriza\u00e7\u00e3o imobili\u00e1ria, no caso. A compet\u00eancia para isto \u00e9 concorrente entre os Entes da Federa\u00e7\u00e3o (Estado, Uni\u00e3o, Munic\u00edpio, DF). Quem realizou a obra p\u00fablica \u00e9 quem pode instituir o tributo.<\/p>\n<p>O limite m\u00e1ximo que o Estado pode cobrar \u00e9 o limite global gasto com a obra e o limite individual m\u00e1ximo que pode ser cobrado \u00e9 o limite da valoriza\u00e7\u00e3o do im\u00f3vel. Como exemplos, tem-se a constru\u00e7\u00e3o de pontes, viadutos, com valoriza\u00e7\u00e3o o im\u00f3vel.<\/p>\n<p>O art. 81 do CTN estabelece que a\u00a0contribui\u00e7\u00e3o de melhoria \u00e9 institu\u00edda para fazer face ao custo de obras p\u00fablicas de que decorra valoriza\u00e7\u00e3o imobili\u00e1ria, tendo como limite total a despesa realizada e como limite individual o acr\u00e9scimo de valor que da obra resultar para cada im\u00f3vel beneficiado.<\/p>\n<p>Portanto, s\u00f3 poder\u00e1 ser cobrado o tributo pelo ente que realizou a obra, se teve valoriza\u00e7\u00e3o do im\u00f3vel, se n\u00e3o houve cobran\u00e7a maior do que o valor global gasto com a obra.<\/p>\n<h3>O que pode ser cobrado?<\/h3>\n<p>Abaixo, \u00e9 listado pelo DL 195\/67 as atividades que podem ser cobradas como contribui\u00e7\u00e3o de melhoria:<\/p>\n<p>I &#8211; abertura, alargamento, pavimenta\u00e7\u00e3o, ilumina\u00e7\u00e3o, arboriza\u00e7\u00e3o, esgotos pluviais e outros melhoramentos de pra\u00e7as e vias p\u00fablicas;<\/p>\n<div class=\"page\" title=\"Page 62\">\n<div class=\"layoutArea\">\n<div class=\"column\">\n<p>II &#8211; constru\u00e7\u00e3o e amplia\u00e7\u00e3o de parques, campos de desportos, pontes, t\u00faneis e viadutos;<\/p>\n<p>III &#8211; constru\u00e7\u00e3o ou amplia\u00e7\u00e3o de sistemas de tr\u00e2nsito r\u00e1pido inclusive todas as obras e edifica\u00e7\u00f5es necess\u00e1rias ao funcionamento do sistema;<\/p>\n<p>IV &#8211; servi\u00e7os e obras de abastecimento de \u00e1gua pot\u00e1vel, esgotos, instala\u00e7\u00f5es de redes el\u00e9tricas, telef\u00f4nicas, transportes e comunica\u00e7\u00f5es em geral ou de suprimento de g\u00e1s, funiculares, ascensores e instala\u00c1\u0131es de comodidade p\u00fablica;<\/p>\n<p>V &#8211; prote\u00e7\u00e3o contra secas, inunda\u00e7\u00f5es, eros\u00f5es, ressacas, e de saneamento de drenagem em geral, diques, cais, desobstru\u00e7\u00e3o de barras, portos e canais, retifica\u00e7\u00e3o e regulariza\u00e7\u00e3o de cursos d\u2019\u00e1gua e irriga\u00e7\u00e3o;<\/p>\n<p>VI &#8211; constru\u00e7\u00e3o de estradas de ferro e constru\u00e7\u00e3o, pavimenta\u00e7\u00e3o e melhoramento de estradas de rodagem;<\/p>\n<p>VII &#8211; constru\u00e7\u00e3o de aer\u00f3dromos e aeroportos e seus acessos;<br \/>\nVIII &#8211; aterros e realiza\u00e7\u00f5es de embelezamento em geral, inclusive desapropria\u00e7\u00f5es em desenvolvimento de plano de aspecto paisagI\u00edstico.<\/p>\n<h3>Legalidade<\/h3>\n<\/div>\n<\/div>\n<\/div>\n<p>Destarde, dever\u00e1 haver o respeito \u00e0 legalidade conforme art. 3 do CTN, de acordo com o art. 82 do mesmo diploma.<\/p>\n<div class=\"page\" title=\"Page 63\">\n<div class=\"layoutArea\">\n<div class=\"column\">\n<p>I &#8211; publica\u00e7\u00e3o pr\u00e9via dos seguintes elementos:<\/p>\n<p>a) memorial descritivo do projeto;<\/p>\n<p>b) or\u00e7aamento do custo da obra;<\/p>\n<p>c) determina\u00e7\u00e3o da parcela do custo da obra a ser financiada pela contribui\u00e7\u00e3o;<\/p>\n<p>d) delimita\u00e7\u00e3o da zona beneficiada;<\/p>\n<p>e) determina\u00e7\u00e3o do fator de absor\u00e7\u00e3o do benefI\u00edcio da valoriza\u00e7\u00e3o para toda a zona ou para cada uma das \u00e1reas diferenciadas, nela contidas;<\/p>\n<p>II &#8211; fixa\u00e7\u00e3o de prazo n\u00e3o inferior a 30 dias, para impugna\u00e7\u00e3o pelos interessados, de qualquer dos elementos referidos no inciso anterior;<\/p>\n<p>III &#8211; regulamenta\u00e7\u00e3o do processo administrativo de instru\u00e7\u00e3o e julgamento da impugna\u00e7\u00e3o a que se refere o inciso anterior, sem preju\u00edzo da sua aprecia\u00e7\u00e3o judicial.<\/p>\n<\/div>\n<\/div>\n<\/div>\n","protected":false},"excerpt":{"rendered":"<p>Benef\u00edcios do Estado A partir do momento em que o Estado realiza uma obra que beneficia o im\u00f3vel e este aumenta o seu valor, o Estado<span class=\"excerpt-hellip\"> [\u2026]<\/span><\/p>\n","protected":false},"author":1,"featured_media":2708,"comment_status":"open","ping_status":"open","sticky":false,"template":"","format":"standard","meta":{"footnotes":""},"categories":[42],"tags":[],"class_list":["post-2707","post","type-post","status-publish","format-standard","has-post-thumbnail","hentry","category-direito-tributario"],"yoast_head":"<!-- This site is optimized with the Yoast SEO Premium plugin v23.2 (Yoast SEO v27.2) - https:\/\/yoast.com\/product\/yoast-seo-premium-wordpress\/ -->\n<title>Contribui\u00e7\u00e3o de melhoria. O que \u00e9 e como pode ser cobrada? - Carneiro Advocacia - Inventario<\/title>\n<meta name=\"description\" content=\"partir do momento em que o Estado realiza uma obra que beneficia o im\u00f3vel e este aumenta o seu valor, o Estado pode se valer da contribui\u00e7\u00e3o de melhoria ...\" \/>\n<meta name=\"robots\" content=\"index, follow, max-snippet:-1, max-image-preview:large, max-video-preview:-1\" \/>\n<link rel=\"canonical\" href=\"https:\/\/acarneiro.adv.br\/inventario\/contribuicao-de-melhoria-como-podem-cobrar\/\" \/>\n<meta property=\"og:locale\" content=\"pt_BR\" \/>\n<meta property=\"og:type\" content=\"article\" \/>\n<meta property=\"og:title\" content=\"Contribui\u00e7\u00e3o de melhoria. O que \u00e9 e como pode ser cobrada?\" \/>\n<meta property=\"og:description\" content=\"partir do momento em que o Estado realiza uma obra que beneficia o im\u00f3vel e este aumenta o seu valor, o Estado pode se valer da contribui\u00e7\u00e3o de melhoria ...\" \/>\n<meta property=\"og:url\" content=\"https:\/\/acarneiro.adv.br\/inventario\/contribuicao-de-melhoria-como-podem-cobrar\/\" \/>\n<meta property=\"og:site_name\" content=\"Carneiro Advocacia - Inventario\" \/>\n<meta property=\"article:publisher\" content=\"https:\/\/www.facebook.com\/carneiroadvocaciacivil\" \/>\n<meta property=\"article:published_time\" content=\"2018-08-28T01:55:08+00:00\" \/>\n<meta property=\"article:modified_time\" content=\"2018-09-06T21:01:42+00:00\" \/>\n<meta property=\"og:image\" content=\"https:\/\/acarneiro.adv.br\/inventario\/wp-content\/uploads\/2018\/08\/construcao.jpg\" \/>\n\t<meta property=\"og:image:width\" content=\"960\" \/>\n\t<meta property=\"og:image:height\" content=\"720\" \/>\n\t<meta property=\"og:image:type\" content=\"image\/jpeg\" \/>\n<meta name=\"author\" content=\"admin\" \/>\n<meta name=\"twitter:card\" content=\"summary_large_image\" \/>\n<meta name=\"twitter:label1\" content=\"Escrito por\" \/>\n\t<meta name=\"twitter:data1\" content=\"admin\" \/>\n\t<meta name=\"twitter:label2\" content=\"Est. tempo de leitura\" \/>\n\t<meta name=\"twitter:data2\" content=\"3 minutos\" \/>\n<script type=\"application\/ld+json\" class=\"yoast-schema-graph\">{\"@context\":\"https:\/\/schema.org\",\"@graph\":[{\"@type\":\"Article\",\"@id\":\"https:\/\/acarneiro.adv.br\/inventario\/contribuicao-de-melhoria-como-podem-cobrar\/#article\",\"isPartOf\":{\"@id\":\"https:\/\/acarneiro.adv.br\/inventario\/contribuicao-de-melhoria-como-podem-cobrar\/\"},\"author\":{\"name\":\"admin\",\"@id\":\"https:\/\/acarneiro.adv.br\/inventario\/#\/schema\/person\/7f557aef02ff27f1a7017c4293e77deb\"},\"headline\":\"Contribui\u00e7\u00e3o de melhoria. O que \u00e9 e como pode ser cobrada?\",\"datePublished\":\"2018-08-28T01:55:08+00:00\",\"dateModified\":\"2018-09-06T21:01:42+00:00\",\"mainEntityOfPage\":{\"@id\":\"https:\/\/acarneiro.adv.br\/inventario\/contribuicao-de-melhoria-como-podem-cobrar\/\"},\"wordCount\":640,\"commentCount\":0,\"publisher\":{\"@id\":\"https:\/\/acarneiro.adv.br\/inventario\/#organization\"},\"image\":{\"@id\":\"https:\/\/acarneiro.adv.br\/inventario\/contribuicao-de-melhoria-como-podem-cobrar\/#primaryimage\"},\"thumbnailUrl\":\"https:\/\/acarneiro.adv.br\/inventario\/wp-content\/uploads\/2018\/08\/construcao.jpg\",\"articleSection\":[\"Direito Tribut\u00e1rio\"],\"inLanguage\":\"pt-BR\",\"potentialAction\":[{\"@type\":\"CommentAction\",\"name\":\"Comment\",\"target\":[\"https:\/\/acarneiro.adv.br\/inventario\/contribuicao-de-melhoria-como-podem-cobrar\/#respond\"]}]},{\"@type\":\"WebPage\",\"@id\":\"https:\/\/acarneiro.adv.br\/inventario\/contribuicao-de-melhoria-como-podem-cobrar\/\",\"url\":\"https:\/\/acarneiro.adv.br\/inventario\/contribuicao-de-melhoria-como-podem-cobrar\/\",\"name\":\"Contribui\u00e7\u00e3o de melhoria. O que \u00e9 e como pode ser cobrada? - Carneiro Advocacia - Inventario\",\"isPartOf\":{\"@id\":\"https:\/\/acarneiro.adv.br\/inventario\/#website\"},\"primaryImageOfPage\":{\"@id\":\"https:\/\/acarneiro.adv.br\/inventario\/contribuicao-de-melhoria-como-podem-cobrar\/#primaryimage\"},\"image\":{\"@id\":\"https:\/\/acarneiro.adv.br\/inventario\/contribuicao-de-melhoria-como-podem-cobrar\/#primaryimage\"},\"thumbnailUrl\":\"https:\/\/acarneiro.adv.br\/inventario\/wp-content\/uploads\/2018\/08\/construcao.jpg\",\"datePublished\":\"2018-08-28T01:55:08+00:00\",\"dateModified\":\"2018-09-06T21:01:42+00:00\",\"description\":\"partir do momento em que o Estado realiza uma obra que beneficia o im\u00f3vel e este aumenta o seu valor, o Estado pode se valer da contribui\u00e7\u00e3o de melhoria ...\",\"breadcrumb\":{\"@id\":\"https:\/\/acarneiro.adv.br\/inventario\/contribuicao-de-melhoria-como-podem-cobrar\/#breadcrumb\"},\"inLanguage\":\"pt-BR\",\"potentialAction\":[{\"@type\":\"ReadAction\",\"target\":[\"https:\/\/acarneiro.adv.br\/inventario\/contribuicao-de-melhoria-como-podem-cobrar\/\"]}]},{\"@type\":\"ImageObject\",\"inLanguage\":\"pt-BR\",\"@id\":\"https:\/\/acarneiro.adv.br\/inventario\/contribuicao-de-melhoria-como-podem-cobrar\/#primaryimage\",\"url\":\"https:\/\/acarneiro.adv.br\/inventario\/wp-content\/uploads\/2018\/08\/construcao.jpg\",\"contentUrl\":\"https:\/\/acarneiro.adv.br\/inventario\/wp-content\/uploads\/2018\/08\/construcao.jpg\",\"width\":960,\"height\":720},{\"@type\":\"BreadcrumbList\",\"@id\":\"https:\/\/acarneiro.adv.br\/inventario\/contribuicao-de-melhoria-como-podem-cobrar\/#breadcrumb\",\"itemListElement\":[{\"@type\":\"ListItem\",\"position\":1,\"name\":\"In\u00edcio\",\"item\":\"https:\/\/acarneiro.adv.br\/inventario\/\"},{\"@type\":\"ListItem\",\"position\":2,\"name\":\"Contribui\u00e7\u00e3o de melhoria. O que \u00e9 e como pode ser cobrada?\"}]},{\"@type\":\"WebSite\",\"@id\":\"https:\/\/acarneiro.adv.br\/inventario\/#website\",\"url\":\"https:\/\/acarneiro.adv.br\/inventario\/\",\"name\":\"Carneiro Advocacia\",\"description\":\"Advocacia e Consultoria\",\"publisher\":{\"@id\":\"https:\/\/acarneiro.adv.br\/inventario\/#organization\"},\"potentialAction\":[{\"@type\":\"SearchAction\",\"target\":{\"@type\":\"EntryPoint\",\"urlTemplate\":\"https:\/\/acarneiro.adv.br\/inventario\/?s={search_term_string}\"},\"query-input\":{\"@type\":\"PropertyValueSpecification\",\"valueRequired\":true,\"valueName\":\"search_term_string\"}}],\"inLanguage\":\"pt-BR\"},{\"@type\":\"Organization\",\"@id\":\"https:\/\/acarneiro.adv.br\/inventario\/#organization\",\"name\":\"Carneiro - Advocacia e Consultoria\",\"url\":\"https:\/\/acarneiro.adv.br\/inventario\/\",\"logo\":{\"@type\":\"ImageObject\",\"inLanguage\":\"pt-BR\",\"@id\":\"https:\/\/acarneiro.adv.br\/inventario\/#\/schema\/logo\/image\/\",\"url\":\"https:\/\/acarneiro.adv.br\/inventario\/wp-content\/uploads\/2018\/08\/acarneiro118pxl.png\",\"contentUrl\":\"https:\/\/acarneiro.adv.br\/inventario\/wp-content\/uploads\/2018\/08\/acarneiro118pxl.png\",\"width\":300,\"height\":118,\"caption\":\"Carneiro - Advocacia e Consultoria\"},\"image\":{\"@id\":\"https:\/\/acarneiro.adv.br\/inventario\/#\/schema\/logo\/image\/\"},\"sameAs\":[\"https:\/\/www.facebook.com\/carneiroadvocaciacivil\",\"https:\/\/www.instagram.com\/carneiroadvsc\/\"]},{\"@type\":\"Person\",\"@id\":\"https:\/\/acarneiro.adv.br\/inventario\/#\/schema\/person\/7f557aef02ff27f1a7017c4293e77deb\",\"name\":\"admin\",\"image\":{\"@type\":\"ImageObject\",\"inLanguage\":\"pt-BR\",\"@id\":\"https:\/\/secure.gravatar.com\/avatar\/5e6cbd86765961e7e9f93140586f6004770a75d06ff80abb474645df42254fbc?s=96&d=mm&r=g\",\"url\":\"https:\/\/secure.gravatar.com\/avatar\/5e6cbd86765961e7e9f93140586f6004770a75d06ff80abb474645df42254fbc?s=96&d=mm&r=g\",\"contentUrl\":\"https:\/\/secure.gravatar.com\/avatar\/5e6cbd86765961e7e9f93140586f6004770a75d06ff80abb474645df42254fbc?s=96&d=mm&r=g\",\"caption\":\"admin\"}}]}<\/script>\n<!-- \/ Yoast SEO Premium plugin. -->","yoast_head_json":{"title":"Contribui\u00e7\u00e3o de melhoria. O que \u00e9 e como pode ser cobrada? - Carneiro Advocacia - Inventario","description":"partir do momento em que o Estado realiza uma obra que beneficia o im\u00f3vel e este aumenta o seu valor, o Estado pode se valer da contribui\u00e7\u00e3o de melhoria ...","robots":{"index":"index","follow":"follow","max-snippet":"max-snippet:-1","max-image-preview":"max-image-preview:large","max-video-preview":"max-video-preview:-1"},"canonical":"https:\/\/acarneiro.adv.br\/inventario\/contribuicao-de-melhoria-como-podem-cobrar\/","og_locale":"pt_BR","og_type":"article","og_title":"Contribui\u00e7\u00e3o de melhoria. O que \u00e9 e como pode ser cobrada?","og_description":"partir do momento em que o Estado realiza uma obra que beneficia o im\u00f3vel e este aumenta o seu valor, o Estado pode se valer da contribui\u00e7\u00e3o de melhoria ...","og_url":"https:\/\/acarneiro.adv.br\/inventario\/contribuicao-de-melhoria-como-podem-cobrar\/","og_site_name":"Carneiro Advocacia - Inventario","article_publisher":"https:\/\/www.facebook.com\/carneiroadvocaciacivil","article_published_time":"2018-08-28T01:55:08+00:00","article_modified_time":"2018-09-06T21:01:42+00:00","og_image":[{"width":960,"height":720,"url":"https:\/\/acarneiro.adv.br\/inventario\/wp-content\/uploads\/2018\/08\/construcao.jpg","type":"image\/jpeg"}],"author":"admin","twitter_card":"summary_large_image","twitter_misc":{"Escrito por":"admin","Est. tempo de leitura":"3 minutos"},"schema":{"@context":"https:\/\/schema.org","@graph":[{"@type":"Article","@id":"https:\/\/acarneiro.adv.br\/inventario\/contribuicao-de-melhoria-como-podem-cobrar\/#article","isPartOf":{"@id":"https:\/\/acarneiro.adv.br\/inventario\/contribuicao-de-melhoria-como-podem-cobrar\/"},"author":{"name":"admin","@id":"https:\/\/acarneiro.adv.br\/inventario\/#\/schema\/person\/7f557aef02ff27f1a7017c4293e77deb"},"headline":"Contribui\u00e7\u00e3o de melhoria. O que \u00e9 e como pode ser cobrada?","datePublished":"2018-08-28T01:55:08+00:00","dateModified":"2018-09-06T21:01:42+00:00","mainEntityOfPage":{"@id":"https:\/\/acarneiro.adv.br\/inventario\/contribuicao-de-melhoria-como-podem-cobrar\/"},"wordCount":640,"commentCount":0,"publisher":{"@id":"https:\/\/acarneiro.adv.br\/inventario\/#organization"},"image":{"@id":"https:\/\/acarneiro.adv.br\/inventario\/contribuicao-de-melhoria-como-podem-cobrar\/#primaryimage"},"thumbnailUrl":"https:\/\/acarneiro.adv.br\/inventario\/wp-content\/uploads\/2018\/08\/construcao.jpg","articleSection":["Direito Tribut\u00e1rio"],"inLanguage":"pt-BR","potentialAction":[{"@type":"CommentAction","name":"Comment","target":["https:\/\/acarneiro.adv.br\/inventario\/contribuicao-de-melhoria-como-podem-cobrar\/#respond"]}]},{"@type":"WebPage","@id":"https:\/\/acarneiro.adv.br\/inventario\/contribuicao-de-melhoria-como-podem-cobrar\/","url":"https:\/\/acarneiro.adv.br\/inventario\/contribuicao-de-melhoria-como-podem-cobrar\/","name":"Contribui\u00e7\u00e3o de melhoria. O que \u00e9 e como pode ser cobrada? - Carneiro Advocacia - Inventario","isPartOf":{"@id":"https:\/\/acarneiro.adv.br\/inventario\/#website"},"primaryImageOfPage":{"@id":"https:\/\/acarneiro.adv.br\/inventario\/contribuicao-de-melhoria-como-podem-cobrar\/#primaryimage"},"image":{"@id":"https:\/\/acarneiro.adv.br\/inventario\/contribuicao-de-melhoria-como-podem-cobrar\/#primaryimage"},"thumbnailUrl":"https:\/\/acarneiro.adv.br\/inventario\/wp-content\/uploads\/2018\/08\/construcao.jpg","datePublished":"2018-08-28T01:55:08+00:00","dateModified":"2018-09-06T21:01:42+00:00","description":"partir do momento em que o Estado realiza uma obra que beneficia o im\u00f3vel e este aumenta o seu valor, o Estado pode se valer da contribui\u00e7\u00e3o de melhoria ...","breadcrumb":{"@id":"https:\/\/acarneiro.adv.br\/inventario\/contribuicao-de-melhoria-como-podem-cobrar\/#breadcrumb"},"inLanguage":"pt-BR","potentialAction":[{"@type":"ReadAction","target":["https:\/\/acarneiro.adv.br\/inventario\/contribuicao-de-melhoria-como-podem-cobrar\/"]}]},{"@type":"ImageObject","inLanguage":"pt-BR","@id":"https:\/\/acarneiro.adv.br\/inventario\/contribuicao-de-melhoria-como-podem-cobrar\/#primaryimage","url":"https:\/\/acarneiro.adv.br\/inventario\/wp-content\/uploads\/2018\/08\/construcao.jpg","contentUrl":"https:\/\/acarneiro.adv.br\/inventario\/wp-content\/uploads\/2018\/08\/construcao.jpg","width":960,"height":720},{"@type":"BreadcrumbList","@id":"https:\/\/acarneiro.adv.br\/inventario\/contribuicao-de-melhoria-como-podem-cobrar\/#breadcrumb","itemListElement":[{"@type":"ListItem","position":1,"name":"In\u00edcio","item":"https:\/\/acarneiro.adv.br\/inventario\/"},{"@type":"ListItem","position":2,"name":"Contribui\u00e7\u00e3o de melhoria. O que \u00e9 e como pode ser cobrada?"}]},{"@type":"WebSite","@id":"https:\/\/acarneiro.adv.br\/inventario\/#website","url":"https:\/\/acarneiro.adv.br\/inventario\/","name":"Carneiro Advocacia","description":"Advocacia e Consultoria","publisher":{"@id":"https:\/\/acarneiro.adv.br\/inventario\/#organization"},"potentialAction":[{"@type":"SearchAction","target":{"@type":"EntryPoint","urlTemplate":"https:\/\/acarneiro.adv.br\/inventario\/?s={search_term_string}"},"query-input":{"@type":"PropertyValueSpecification","valueRequired":true,"valueName":"search_term_string"}}],"inLanguage":"pt-BR"},{"@type":"Organization","@id":"https:\/\/acarneiro.adv.br\/inventario\/#organization","name":"Carneiro - Advocacia e Consultoria","url":"https:\/\/acarneiro.adv.br\/inventario\/","logo":{"@type":"ImageObject","inLanguage":"pt-BR","@id":"https:\/\/acarneiro.adv.br\/inventario\/#\/schema\/logo\/image\/","url":"https:\/\/acarneiro.adv.br\/inventario\/wp-content\/uploads\/2018\/08\/acarneiro118pxl.png","contentUrl":"https:\/\/acarneiro.adv.br\/inventario\/wp-content\/uploads\/2018\/08\/acarneiro118pxl.png","width":300,"height":118,"caption":"Carneiro - Advocacia e Consultoria"},"image":{"@id":"https:\/\/acarneiro.adv.br\/inventario\/#\/schema\/logo\/image\/"},"sameAs":["https:\/\/www.facebook.com\/carneiroadvocaciacivil","https:\/\/www.instagram.com\/carneiroadvsc\/"]},{"@type":"Person","@id":"https:\/\/acarneiro.adv.br\/inventario\/#\/schema\/person\/7f557aef02ff27f1a7017c4293e77deb","name":"admin","image":{"@type":"ImageObject","inLanguage":"pt-BR","@id":"https:\/\/secure.gravatar.com\/avatar\/5e6cbd86765961e7e9f93140586f6004770a75d06ff80abb474645df42254fbc?s=96&d=mm&r=g","url":"https:\/\/secure.gravatar.com\/avatar\/5e6cbd86765961e7e9f93140586f6004770a75d06ff80abb474645df42254fbc?s=96&d=mm&r=g","contentUrl":"https:\/\/secure.gravatar.com\/avatar\/5e6cbd86765961e7e9f93140586f6004770a75d06ff80abb474645df42254fbc?s=96&d=mm&r=g","caption":"admin"}}]}},"_links":{"self":[{"href":"https:\/\/acarneiro.adv.br\/inventario\/wp-json\/wp\/v2\/posts\/2707","targetHints":{"allow":["GET"]}}],"collection":[{"href":"https:\/\/acarneiro.adv.br\/inventario\/wp-json\/wp\/v2\/posts"}],"about":[{"href":"https:\/\/acarneiro.adv.br\/inventario\/wp-json\/wp\/v2\/types\/post"}],"author":[{"embeddable":true,"href":"https:\/\/acarneiro.adv.br\/inventario\/wp-json\/wp\/v2\/users\/1"}],"replies":[{"embeddable":true,"href":"https:\/\/acarneiro.adv.br\/inventario\/wp-json\/wp\/v2\/comments?post=2707"}],"version-history":[{"count":4,"href":"https:\/\/acarneiro.adv.br\/inventario\/wp-json\/wp\/v2\/posts\/2707\/revisions"}],"predecessor-version":[{"id":2991,"href":"https:\/\/acarneiro.adv.br\/inventario\/wp-json\/wp\/v2\/posts\/2707\/revisions\/2991"}],"wp:featuredmedia":[{"embeddable":true,"href":"https:\/\/acarneiro.adv.br\/inventario\/wp-json\/wp\/v2\/media\/2708"}],"wp:attachment":[{"href":"https:\/\/acarneiro.adv.br\/inventario\/wp-json\/wp\/v2\/media?parent=2707"}],"wp:term":[{"taxonomy":"category","embeddable":true,"href":"https:\/\/acarneiro.adv.br\/inventario\/wp-json\/wp\/v2\/categories?post=2707"},{"taxonomy":"post_tag","embeddable":true,"href":"https:\/\/acarneiro.adv.br\/inventario\/wp-json\/wp\/v2\/tags?post=2707"}],"curies":[{"name":"wp","href":"https:\/\/api.w.org\/{rel}","templated":true}]}}