{"id":2814,"date":"2018-09-03T23:16:16","date_gmt":"2018-09-03T23:16:16","guid":{"rendered":"https:\/\/acarneiro.adv.br\/inventario\/?p=2814"},"modified":"2018-09-06T20:57:59","modified_gmt":"2018-09-06T20:57:59","slug":"quem-tem-o-poder-para-instituir-tributos","status":"publish","type":"post","link":"https:\/\/acarneiro.adv.br\/inventario\/quem-tem-o-poder-para-instituir-tributos\/","title":{"rendered":"Quem tem o Poder para instituir Tributos?"},"content":{"rendered":"<h3><strong>Apenas a Constitui\u00e7\u00e3o Federal<\/strong> pode atribuir o poder de instituir tributos.<\/h3>\n<p>Assim, somente a Constitui\u00e7\u00e3o Federal \u00e9 que poder\u00e1 limitar este poder de instituir tributos e o poder de tributar. Da mesma forma, somente por Lei o Ente Federado poder\u00e1 aplicar penalidades, como por exemplo, uma multa. Desta forma, \u00e9 vedado a qualquer Ente Federado exigir qualquer Tributo sem Lei, mesmo que seja atrav\u00e9s de uma Medida Provis\u00f3ria (n\u00e3o poss\u00edvel para LC).<\/p>\n<p>Em suma, caso a institui\u00e7\u00e3o do Tributo n\u00e3o seja realizada por meio de lei, a sua cobran\u00e7a \u00e9 ilegal. Alguns tributos v\u00e3o al\u00e9m e necessitam de Lei Complementar, a saber o Imposto sobre Grandes Fortunas, Impostos Residuais, Contribui\u00e7\u00f5es Residuais e Empr\u00e9stimos Compuls\u00f3rios.<\/p>\n<h3><strong>Mas tem alguma exce\u00e7\u00e3o que pode ser realizada sem Lei?<\/strong><\/h3>\n<p>Sim. Para alterar <strong>al\u00edquotas. Estas poder\u00e3o ser alteradas<\/strong>\u00a0por Lei ou Ato Infralegal (em forma de exce\u00e7\u00e3o). S\u00e3o os tributos Extrafiscais (<strong>II<\/strong> &#8211; Imposto de Importa\u00e7\u00e3o, <strong>IE<\/strong> &#8211; Imposto de Exporta\u00e7\u00e3o, <strong>IPI<\/strong> &#8211; Imposto sobre o Produto industrializado e <strong>IOF<\/strong> &#8211; Imposto sobre Opera\u00e7\u00f5es Financeiras) que poder\u00e3o ser alterados por atos infralegais, decreto, por exemplo.<\/p>\n<p>Al\u00e9m daqueles, as al\u00edquotas do <strong>ICMS<\/strong> para combust\u00edveis s\u00e3o fixadas pelo CONFAZ, por meio de conv\u00eanio e a <strong>CIDE combust\u00edveis<\/strong> poder\u00e1 ser reduzida ou reestabelecida ao porcentual anterior pelo Presidente da Rep\u00fablica.<\/p>\n<h3><strong>E quando h\u00e1 apenas a atualiza\u00e7\u00e3o do Tributo que eu pago?<\/strong><\/h3>\n<p>Neste caso, tamb\u00e9m poder\u00e1 haver a <strong>atualiza\u00e7\u00e3o por meio de ato infralegal<\/strong>, conforme art. 97 do CTN. Contudo, se for majora\u00e7\u00e3o, n\u00e3o poder\u00e1 ser realizada por meio de ato infralegal, apenas por Lei. E aten\u00e7\u00e3o, a atualiza\u00e7\u00e3o de acordo com a Taca Selic \u00e9 considerada majora\u00e7\u00e3o por se tratar de juros mais corre\u00e7\u00e3o monet\u00e1ria, ou seja, mais do que a simples corre\u00e7\u00e3o monet\u00e1ria.<\/p>\n<p>&nbsp;<\/p>\n","protected":false},"excerpt":{"rendered":"<p>Apenas a Constitui\u00e7\u00e3o Federal pode atribuir o poder de instituir tributos. Assim, somente a Constitui\u00e7\u00e3o Federal \u00e9 que poder\u00e1 limitar este poder de instituir tributos e<span class=\"excerpt-hellip\"> [\u2026]<\/span><\/p>\n","protected":false},"author":1,"featured_media":2815,"comment_status":"open","ping_status":"open","sticky":false,"template":"","format":"standard","meta":{"footnotes":""},"categories":[42],"tags":[],"class_list":["post-2814","post","type-post","status-publish","format-standard","has-post-thumbnail","hentry","category-direito-tributario"],"yoast_head":"<!-- This site is optimized with the Yoast SEO Premium plugin v23.2 (Yoast SEO v27.2) - https:\/\/yoast.com\/product\/yoast-seo-premium-wordpress\/ -->\n<title>Quem tem o Poder para instituir Tributos? - Carneiro Advocacia - Inventario<\/title>\n<meta name=\"description\" content=\"Somente a Constitui\u00e7\u00e3o Federal poder\u00e1 limitar o poder de instituir tributos e o poder de tributar. Da mesma forma, somente por Lei o Ente Federado ...\" \/>\n<meta name=\"robots\" content=\"index, follow, max-snippet:-1, max-image-preview:large, max-video-preview:-1\" \/>\n<link rel=\"canonical\" href=\"https:\/\/acarneiro.adv.br\/inventario\/quem-tem-o-poder-para-instituir-tributos\/\" \/>\n<meta property=\"og:locale\" content=\"pt_BR\" \/>\n<meta property=\"og:type\" content=\"article\" \/>\n<meta property=\"og:title\" content=\"Quem tem o Poder para instituir Tributos?\" \/>\n<meta property=\"og:description\" content=\"Somente a Constitui\u00e7\u00e3o Federal poder\u00e1 limitar o poder de instituir tributos e o poder de tributar. Da mesma forma, somente por Lei o Ente Federado ...\" \/>\n<meta property=\"og:url\" content=\"https:\/\/acarneiro.adv.br\/inventario\/quem-tem-o-poder-para-instituir-tributos\/\" \/>\n<meta property=\"og:site_name\" content=\"Carneiro Advocacia - Inventario\" \/>\n<meta property=\"article:publisher\" content=\"https:\/\/www.facebook.com\/carneiroadvocaciacivil\" \/>\n<meta property=\"article:published_time\" content=\"2018-09-03T23:16:16+00:00\" \/>\n<meta property=\"article:modified_time\" content=\"2018-09-06T20:57:59+00:00\" \/>\n<meta property=\"og:image\" content=\"https:\/\/acarneiro.adv.br\/inventario\/wp-content\/uploads\/2018\/09\/taxa-e1538566213700.jpg\" \/>\n\t<meta property=\"og:image:width\" content=\"500\" \/>\n\t<meta property=\"og:image:height\" content=\"333\" \/>\n\t<meta property=\"og:image:type\" content=\"image\/jpeg\" \/>\n<meta name=\"author\" content=\"admin\" \/>\n<meta name=\"twitter:card\" content=\"summary_large_image\" \/>\n<meta name=\"twitter:label1\" content=\"Escrito por\" \/>\n\t<meta name=\"twitter:data1\" content=\"admin\" \/>\n\t<meta name=\"twitter:label2\" content=\"Est. tempo de leitura\" \/>\n\t<meta name=\"twitter:data2\" content=\"2 minutos\" \/>\n<script type=\"application\/ld+json\" class=\"yoast-schema-graph\">{\"@context\":\"https:\/\/schema.org\",\"@graph\":[{\"@type\":\"Article\",\"@id\":\"https:\/\/acarneiro.adv.br\/inventario\/quem-tem-o-poder-para-instituir-tributos\/#article\",\"isPartOf\":{\"@id\":\"https:\/\/acarneiro.adv.br\/inventario\/quem-tem-o-poder-para-instituir-tributos\/\"},\"author\":{\"name\":\"admin\",\"@id\":\"https:\/\/acarneiro.adv.br\/inventario\/#\/schema\/person\/7f557aef02ff27f1a7017c4293e77deb\"},\"headline\":\"Quem tem o Poder para instituir Tributos?\",\"datePublished\":\"2018-09-03T23:16:16+00:00\",\"dateModified\":\"2018-09-06T20:57:59+00:00\",\"mainEntityOfPage\":{\"@id\":\"https:\/\/acarneiro.adv.br\/inventario\/quem-tem-o-poder-para-instituir-tributos\/\"},\"wordCount\":330,\"commentCount\":0,\"publisher\":{\"@id\":\"https:\/\/acarneiro.adv.br\/inventario\/#organization\"},\"image\":{\"@id\":\"https:\/\/acarneiro.adv.br\/inventario\/quem-tem-o-poder-para-instituir-tributos\/#primaryimage\"},\"thumbnailUrl\":\"https:\/\/acarneiro.adv.br\/inventario\/wp-content\/uploads\/2018\/09\/taxa-e1538566213700.jpg\",\"articleSection\":[\"Direito Tribut\u00e1rio\"],\"inLanguage\":\"pt-BR\",\"potentialAction\":[{\"@type\":\"CommentAction\",\"name\":\"Comment\",\"target\":[\"https:\/\/acarneiro.adv.br\/inventario\/quem-tem-o-poder-para-instituir-tributos\/#respond\"]}]},{\"@type\":\"WebPage\",\"@id\":\"https:\/\/acarneiro.adv.br\/inventario\/quem-tem-o-poder-para-instituir-tributos\/\",\"url\":\"https:\/\/acarneiro.adv.br\/inventario\/quem-tem-o-poder-para-instituir-tributos\/\",\"name\":\"Quem tem o Poder para instituir Tributos? - Carneiro Advocacia - Inventario\",\"isPartOf\":{\"@id\":\"https:\/\/acarneiro.adv.br\/inventario\/#website\"},\"primaryImageOfPage\":{\"@id\":\"https:\/\/acarneiro.adv.br\/inventario\/quem-tem-o-poder-para-instituir-tributos\/#primaryimage\"},\"image\":{\"@id\":\"https:\/\/acarneiro.adv.br\/inventario\/quem-tem-o-poder-para-instituir-tributos\/#primaryimage\"},\"thumbnailUrl\":\"https:\/\/acarneiro.adv.br\/inventario\/wp-content\/uploads\/2018\/09\/taxa-e1538566213700.jpg\",\"datePublished\":\"2018-09-03T23:16:16+00:00\",\"dateModified\":\"2018-09-06T20:57:59+00:00\",\"description\":\"Somente a Constitui\u00e7\u00e3o Federal poder\u00e1 limitar o poder de instituir tributos e o poder de tributar. Da mesma forma, somente por Lei o Ente Federado ...\",\"breadcrumb\":{\"@id\":\"https:\/\/acarneiro.adv.br\/inventario\/quem-tem-o-poder-para-instituir-tributos\/#breadcrumb\"},\"inLanguage\":\"pt-BR\",\"potentialAction\":[{\"@type\":\"ReadAction\",\"target\":[\"https:\/\/acarneiro.adv.br\/inventario\/quem-tem-o-poder-para-instituir-tributos\/\"]}]},{\"@type\":\"ImageObject\",\"inLanguage\":\"pt-BR\",\"@id\":\"https:\/\/acarneiro.adv.br\/inventario\/quem-tem-o-poder-para-instituir-tributos\/#primaryimage\",\"url\":\"https:\/\/acarneiro.adv.br\/inventario\/wp-content\/uploads\/2018\/09\/taxa-e1538566213700.jpg\",\"contentUrl\":\"https:\/\/acarneiro.adv.br\/inventario\/wp-content\/uploads\/2018\/09\/taxa-e1538566213700.jpg\",\"width\":500,\"height\":333},{\"@type\":\"BreadcrumbList\",\"@id\":\"https:\/\/acarneiro.adv.br\/inventario\/quem-tem-o-poder-para-instituir-tributos\/#breadcrumb\",\"itemListElement\":[{\"@type\":\"ListItem\",\"position\":1,\"name\":\"In\u00edcio\",\"item\":\"https:\/\/acarneiro.adv.br\/inventario\/\"},{\"@type\":\"ListItem\",\"position\":2,\"name\":\"Quem tem o Poder para instituir Tributos?\"}]},{\"@type\":\"WebSite\",\"@id\":\"https:\/\/acarneiro.adv.br\/inventario\/#website\",\"url\":\"https:\/\/acarneiro.adv.br\/inventario\/\",\"name\":\"Carneiro Advocacia\",\"description\":\"Advocacia e Consultoria\",\"publisher\":{\"@id\":\"https:\/\/acarneiro.adv.br\/inventario\/#organization\"},\"potentialAction\":[{\"@type\":\"SearchAction\",\"target\":{\"@type\":\"EntryPoint\",\"urlTemplate\":\"https:\/\/acarneiro.adv.br\/inventario\/?s={search_term_string}\"},\"query-input\":{\"@type\":\"PropertyValueSpecification\",\"valueRequired\":true,\"valueName\":\"search_term_string\"}}],\"inLanguage\":\"pt-BR\"},{\"@type\":\"Organization\",\"@id\":\"https:\/\/acarneiro.adv.br\/inventario\/#organization\",\"name\":\"Carneiro - Advocacia e Consultoria\",\"url\":\"https:\/\/acarneiro.adv.br\/inventario\/\",\"logo\":{\"@type\":\"ImageObject\",\"inLanguage\":\"pt-BR\",\"@id\":\"https:\/\/acarneiro.adv.br\/inventario\/#\/schema\/logo\/image\/\",\"url\":\"https:\/\/acarneiro.adv.br\/inventario\/wp-content\/uploads\/2018\/08\/acarneiro118pxl.png\",\"contentUrl\":\"https:\/\/acarneiro.adv.br\/inventario\/wp-content\/uploads\/2018\/08\/acarneiro118pxl.png\",\"width\":300,\"height\":118,\"caption\":\"Carneiro - Advocacia e Consultoria\"},\"image\":{\"@id\":\"https:\/\/acarneiro.adv.br\/inventario\/#\/schema\/logo\/image\/\"},\"sameAs\":[\"https:\/\/www.facebook.com\/carneiroadvocaciacivil\",\"https:\/\/www.instagram.com\/carneiroadvsc\/\"]},{\"@type\":\"Person\",\"@id\":\"https:\/\/acarneiro.adv.br\/inventario\/#\/schema\/person\/7f557aef02ff27f1a7017c4293e77deb\",\"name\":\"admin\",\"image\":{\"@type\":\"ImageObject\",\"inLanguage\":\"pt-BR\",\"@id\":\"https:\/\/secure.gravatar.com\/avatar\/5e6cbd86765961e7e9f93140586f6004770a75d06ff80abb474645df42254fbc?s=96&d=mm&r=g\",\"url\":\"https:\/\/secure.gravatar.com\/avatar\/5e6cbd86765961e7e9f93140586f6004770a75d06ff80abb474645df42254fbc?s=96&d=mm&r=g\",\"contentUrl\":\"https:\/\/secure.gravatar.com\/avatar\/5e6cbd86765961e7e9f93140586f6004770a75d06ff80abb474645df42254fbc?s=96&d=mm&r=g\",\"caption\":\"admin\"}}]}<\/script>\n<!-- \/ Yoast SEO Premium plugin. -->","yoast_head_json":{"title":"Quem tem o Poder para instituir Tributos? - Carneiro Advocacia - Inventario","description":"Somente a Constitui\u00e7\u00e3o Federal poder\u00e1 limitar o poder de instituir tributos e o poder de tributar. Da mesma forma, somente por Lei o Ente Federado ...","robots":{"index":"index","follow":"follow","max-snippet":"max-snippet:-1","max-image-preview":"max-image-preview:large","max-video-preview":"max-video-preview:-1"},"canonical":"https:\/\/acarneiro.adv.br\/inventario\/quem-tem-o-poder-para-instituir-tributos\/","og_locale":"pt_BR","og_type":"article","og_title":"Quem tem o Poder para instituir Tributos?","og_description":"Somente a Constitui\u00e7\u00e3o Federal poder\u00e1 limitar o poder de instituir tributos e o poder de tributar. Da mesma forma, somente por Lei o Ente Federado ...","og_url":"https:\/\/acarneiro.adv.br\/inventario\/quem-tem-o-poder-para-instituir-tributos\/","og_site_name":"Carneiro Advocacia - Inventario","article_publisher":"https:\/\/www.facebook.com\/carneiroadvocaciacivil","article_published_time":"2018-09-03T23:16:16+00:00","article_modified_time":"2018-09-06T20:57:59+00:00","og_image":[{"width":500,"height":333,"url":"https:\/\/acarneiro.adv.br\/inventario\/wp-content\/uploads\/2018\/09\/taxa-e1538566213700.jpg","type":"image\/jpeg"}],"author":"admin","twitter_card":"summary_large_image","twitter_misc":{"Escrito por":"admin","Est. tempo de leitura":"2 minutos"},"schema":{"@context":"https:\/\/schema.org","@graph":[{"@type":"Article","@id":"https:\/\/acarneiro.adv.br\/inventario\/quem-tem-o-poder-para-instituir-tributos\/#article","isPartOf":{"@id":"https:\/\/acarneiro.adv.br\/inventario\/quem-tem-o-poder-para-instituir-tributos\/"},"author":{"name":"admin","@id":"https:\/\/acarneiro.adv.br\/inventario\/#\/schema\/person\/7f557aef02ff27f1a7017c4293e77deb"},"headline":"Quem tem o Poder para instituir Tributos?","datePublished":"2018-09-03T23:16:16+00:00","dateModified":"2018-09-06T20:57:59+00:00","mainEntityOfPage":{"@id":"https:\/\/acarneiro.adv.br\/inventario\/quem-tem-o-poder-para-instituir-tributos\/"},"wordCount":330,"commentCount":0,"publisher":{"@id":"https:\/\/acarneiro.adv.br\/inventario\/#organization"},"image":{"@id":"https:\/\/acarneiro.adv.br\/inventario\/quem-tem-o-poder-para-instituir-tributos\/#primaryimage"},"thumbnailUrl":"https:\/\/acarneiro.adv.br\/inventario\/wp-content\/uploads\/2018\/09\/taxa-e1538566213700.jpg","articleSection":["Direito Tribut\u00e1rio"],"inLanguage":"pt-BR","potentialAction":[{"@type":"CommentAction","name":"Comment","target":["https:\/\/acarneiro.adv.br\/inventario\/quem-tem-o-poder-para-instituir-tributos\/#respond"]}]},{"@type":"WebPage","@id":"https:\/\/acarneiro.adv.br\/inventario\/quem-tem-o-poder-para-instituir-tributos\/","url":"https:\/\/acarneiro.adv.br\/inventario\/quem-tem-o-poder-para-instituir-tributos\/","name":"Quem tem o Poder para instituir Tributos? - Carneiro Advocacia - Inventario","isPartOf":{"@id":"https:\/\/acarneiro.adv.br\/inventario\/#website"},"primaryImageOfPage":{"@id":"https:\/\/acarneiro.adv.br\/inventario\/quem-tem-o-poder-para-instituir-tributos\/#primaryimage"},"image":{"@id":"https:\/\/acarneiro.adv.br\/inventario\/quem-tem-o-poder-para-instituir-tributos\/#primaryimage"},"thumbnailUrl":"https:\/\/acarneiro.adv.br\/inventario\/wp-content\/uploads\/2018\/09\/taxa-e1538566213700.jpg","datePublished":"2018-09-03T23:16:16+00:00","dateModified":"2018-09-06T20:57:59+00:00","description":"Somente a Constitui\u00e7\u00e3o Federal poder\u00e1 limitar o poder de instituir tributos e o poder de tributar. Da mesma forma, somente por Lei o Ente Federado ...","breadcrumb":{"@id":"https:\/\/acarneiro.adv.br\/inventario\/quem-tem-o-poder-para-instituir-tributos\/#breadcrumb"},"inLanguage":"pt-BR","potentialAction":[{"@type":"ReadAction","target":["https:\/\/acarneiro.adv.br\/inventario\/quem-tem-o-poder-para-instituir-tributos\/"]}]},{"@type":"ImageObject","inLanguage":"pt-BR","@id":"https:\/\/acarneiro.adv.br\/inventario\/quem-tem-o-poder-para-instituir-tributos\/#primaryimage","url":"https:\/\/acarneiro.adv.br\/inventario\/wp-content\/uploads\/2018\/09\/taxa-e1538566213700.jpg","contentUrl":"https:\/\/acarneiro.adv.br\/inventario\/wp-content\/uploads\/2018\/09\/taxa-e1538566213700.jpg","width":500,"height":333},{"@type":"BreadcrumbList","@id":"https:\/\/acarneiro.adv.br\/inventario\/quem-tem-o-poder-para-instituir-tributos\/#breadcrumb","itemListElement":[{"@type":"ListItem","position":1,"name":"In\u00edcio","item":"https:\/\/acarneiro.adv.br\/inventario\/"},{"@type":"ListItem","position":2,"name":"Quem tem o Poder para instituir Tributos?"}]},{"@type":"WebSite","@id":"https:\/\/acarneiro.adv.br\/inventario\/#website","url":"https:\/\/acarneiro.adv.br\/inventario\/","name":"Carneiro Advocacia","description":"Advocacia e Consultoria","publisher":{"@id":"https:\/\/acarneiro.adv.br\/inventario\/#organization"},"potentialAction":[{"@type":"SearchAction","target":{"@type":"EntryPoint","urlTemplate":"https:\/\/acarneiro.adv.br\/inventario\/?s={search_term_string}"},"query-input":{"@type":"PropertyValueSpecification","valueRequired":true,"valueName":"search_term_string"}}],"inLanguage":"pt-BR"},{"@type":"Organization","@id":"https:\/\/acarneiro.adv.br\/inventario\/#organization","name":"Carneiro - Advocacia e Consultoria","url":"https:\/\/acarneiro.adv.br\/inventario\/","logo":{"@type":"ImageObject","inLanguage":"pt-BR","@id":"https:\/\/acarneiro.adv.br\/inventario\/#\/schema\/logo\/image\/","url":"https:\/\/acarneiro.adv.br\/inventario\/wp-content\/uploads\/2018\/08\/acarneiro118pxl.png","contentUrl":"https:\/\/acarneiro.adv.br\/inventario\/wp-content\/uploads\/2018\/08\/acarneiro118pxl.png","width":300,"height":118,"caption":"Carneiro - Advocacia e Consultoria"},"image":{"@id":"https:\/\/acarneiro.adv.br\/inventario\/#\/schema\/logo\/image\/"},"sameAs":["https:\/\/www.facebook.com\/carneiroadvocaciacivil","https:\/\/www.instagram.com\/carneiroadvsc\/"]},{"@type":"Person","@id":"https:\/\/acarneiro.adv.br\/inventario\/#\/schema\/person\/7f557aef02ff27f1a7017c4293e77deb","name":"admin","image":{"@type":"ImageObject","inLanguage":"pt-BR","@id":"https:\/\/secure.gravatar.com\/avatar\/5e6cbd86765961e7e9f93140586f6004770a75d06ff80abb474645df42254fbc?s=96&d=mm&r=g","url":"https:\/\/secure.gravatar.com\/avatar\/5e6cbd86765961e7e9f93140586f6004770a75d06ff80abb474645df42254fbc?s=96&d=mm&r=g","contentUrl":"https:\/\/secure.gravatar.com\/avatar\/5e6cbd86765961e7e9f93140586f6004770a75d06ff80abb474645df42254fbc?s=96&d=mm&r=g","caption":"admin"}}]}},"_links":{"self":[{"href":"https:\/\/acarneiro.adv.br\/inventario\/wp-json\/wp\/v2\/posts\/2814","targetHints":{"allow":["GET"]}}],"collection":[{"href":"https:\/\/acarneiro.adv.br\/inventario\/wp-json\/wp\/v2\/posts"}],"about":[{"href":"https:\/\/acarneiro.adv.br\/inventario\/wp-json\/wp\/v2\/types\/post"}],"author":[{"embeddable":true,"href":"https:\/\/acarneiro.adv.br\/inventario\/wp-json\/wp\/v2\/users\/1"}],"replies":[{"embeddable":true,"href":"https:\/\/acarneiro.adv.br\/inventario\/wp-json\/wp\/v2\/comments?post=2814"}],"version-history":[{"count":3,"href":"https:\/\/acarneiro.adv.br\/inventario\/wp-json\/wp\/v2\/posts\/2814\/revisions"}],"predecessor-version":[{"id":2987,"href":"https:\/\/acarneiro.adv.br\/inventario\/wp-json\/wp\/v2\/posts\/2814\/revisions\/2987"}],"wp:featuredmedia":[{"embeddable":true,"href":"https:\/\/acarneiro.adv.br\/inventario\/wp-json\/wp\/v2\/media\/2815"}],"wp:attachment":[{"href":"https:\/\/acarneiro.adv.br\/inventario\/wp-json\/wp\/v2\/media?parent=2814"}],"wp:term":[{"taxonomy":"category","embeddable":true,"href":"https:\/\/acarneiro.adv.br\/inventario\/wp-json\/wp\/v2\/categories?post=2814"},{"taxonomy":"post_tag","embeddable":true,"href":"https:\/\/acarneiro.adv.br\/inventario\/wp-json\/wp\/v2\/tags?post=2814"}],"curies":[{"name":"wp","href":"https:\/\/api.w.org\/{rel}","templated":true}]}}