{"id":2821,"date":"2018-09-03T23:44:29","date_gmt":"2018-09-03T23:44:29","guid":{"rendered":"https:\/\/acarneiro.adv.br\/inventario\/?p=2821"},"modified":"2018-09-06T20:55:06","modified_gmt":"2018-09-06T20:55:06","slug":"tenho-um-imovel-com-as-mesmas-caracteristicas-do-meu-vizinho-e-pago-mais-iptu-pode","status":"publish","type":"post","link":"https:\/\/acarneiro.adv.br\/inventario\/tenho-um-imovel-com-as-mesmas-caracteristicas-do-meu-vizinho-e-pago-mais-iptu-pode\/","title":{"rendered":"Pago mais IPTU que meu vizinho. Pode?"},"content":{"rendered":"<p>E agora? Descobri que pago IPTU maior que meu vizinho e nossa casa tem o mesmo tamanho.<\/p>\n<p>Conforme o art. 150, n\u00e3o se pode\u00a0instituir tratamento desigual entre contribuintes que se encontrem em situa\u00e7\u00e3o equivalente, proibida qualquer distin\u00e7\u00e3o em raz\u00e3o de ocupa\u00e7\u00e3o profissional ou fun\u00e7\u00e3o por eles exercida, independentemente da denomina\u00e7\u00e3o jur\u00eddica dos rendimentos, t\u00edtulos ou direitos.<\/p>\n<p>Este artigo trata do Princ\u00edpio da Isonomia.<\/p>\n<p>Desta forma, n\u00e3o se pode atribuir al\u00edquotas diferenciadas para contribuintes que estejam em situa\u00e7\u00e3o equivalente. \u00c9 inconstitucional, por exemplo, a Lei que venha a atribuir uma al\u00edquota mais baixa para cidad\u00e3os que sejam servidores municipais que a al\u00edquota aplicada para funcion\u00e1rios da iniciativa privada, por exemplo. (STF, AI 157.871-Agr)<\/p>\n<p>\u00c9 importante salientar que o STF decidiu que quando se tratar de est\u00edmulo a contrata\u00e7\u00e3o de empregados com determinada caracter\u00edstica, como por exemplo, idade avan\u00e7ada, poder\u00e1 haver a diferencia\u00e7\u00e3o de al\u00edquotas, atrav\u00e9s de incentivos fiscais. (STF, ADI1.276)<\/p>\n","protected":false},"excerpt":{"rendered":"<p>E agora? Descobri que pago IPTU maior que meu vizinho e nossa casa tem o mesmo tamanho. Conforme o art. 150, n\u00e3o se pode\u00a0instituir tratamento desigual<span class=\"excerpt-hellip\"> [\u2026]<\/span><\/p>\n","protected":false},"author":1,"featured_media":2822,"comment_status":"open","ping_status":"open","sticky":false,"template":"","format":"standard","meta":{"footnotes":""},"categories":[42],"tags":[],"class_list":["post-2821","post","type-post","status-publish","format-standard","has-post-thumbnail","hentry","category-direito-tributario"],"yoast_head":"<!-- This site is optimized with the Yoast SEO Premium plugin v23.2 (Yoast SEO v27.2) - https:\/\/yoast.com\/product\/yoast-seo-premium-wordpress\/ -->\n<title>Pago mais IPTU que meu vizinho. Pode? - Carneiro Advocacia - Inventario<\/title>\n<meta name=\"description\" content=\"Conforme o art. 150, n\u00e3o se pode\u00a0instituir tratamento desigual entre contribuintes que se encontrem em situa\u00e7\u00e3o equivalente, proibida qualquer distin\u00e7\u00e3o ...\" \/>\n<meta name=\"robots\" content=\"index, follow, max-snippet:-1, max-image-preview:large, max-video-preview:-1\" \/>\n<link rel=\"canonical\" href=\"https:\/\/acarneiro.adv.br\/inventario\/tenho-um-imovel-com-as-mesmas-caracteristicas-do-meu-vizinho-e-pago-mais-iptu-pode\/\" \/>\n<meta property=\"og:locale\" content=\"pt_BR\" \/>\n<meta property=\"og:type\" content=\"article\" \/>\n<meta property=\"og:title\" content=\"Pago mais IPTU que meu vizinho. Pode?\" \/>\n<meta property=\"og:description\" content=\"Conforme o art. 150, n\u00e3o se pode\u00a0instituir tratamento desigual entre contribuintes que se encontrem em situa\u00e7\u00e3o equivalente, proibida qualquer distin\u00e7\u00e3o ...\" \/>\n<meta property=\"og:url\" content=\"https:\/\/acarneiro.adv.br\/inventario\/tenho-um-imovel-com-as-mesmas-caracteristicas-do-meu-vizinho-e-pago-mais-iptu-pode\/\" \/>\n<meta property=\"og:site_name\" content=\"Carneiro Advocacia - Inventario\" \/>\n<meta property=\"article:publisher\" content=\"https:\/\/www.facebook.com\/carneiroadvocaciacivil\" \/>\n<meta property=\"article:published_time\" content=\"2018-09-03T23:44:29+00:00\" \/>\n<meta property=\"article:modified_time\" content=\"2018-09-06T20:55:06+00:00\" \/>\n<meta property=\"og:image\" content=\"https:\/\/acarneiro.adv.br\/inventario\/wp-content\/uploads\/2018\/09\/velho-e1538566103590.jpg\" \/>\n\t<meta property=\"og:image:width\" content=\"500\" \/>\n\t<meta property=\"og:image:height\" content=\"333\" \/>\n\t<meta property=\"og:image:type\" content=\"image\/jpeg\" \/>\n<meta name=\"author\" content=\"admin\" \/>\n<meta name=\"twitter:card\" content=\"summary_large_image\" \/>\n<meta name=\"twitter:label1\" content=\"Escrito por\" \/>\n\t<meta name=\"twitter:data1\" content=\"admin\" \/>\n\t<meta name=\"twitter:label2\" content=\"Est. tempo de leitura\" \/>\n\t<meta name=\"twitter:data2\" content=\"1 minuto\" \/>\n<script type=\"application\/ld+json\" class=\"yoast-schema-graph\">{\"@context\":\"https:\/\/schema.org\",\"@graph\":[{\"@type\":\"Article\",\"@id\":\"https:\/\/acarneiro.adv.br\/inventario\/tenho-um-imovel-com-as-mesmas-caracteristicas-do-meu-vizinho-e-pago-mais-iptu-pode\/#article\",\"isPartOf\":{\"@id\":\"https:\/\/acarneiro.adv.br\/inventario\/tenho-um-imovel-com-as-mesmas-caracteristicas-do-meu-vizinho-e-pago-mais-iptu-pode\/\"},\"author\":{\"name\":\"admin\",\"@id\":\"https:\/\/acarneiro.adv.br\/inventario\/#\/schema\/person\/7f557aef02ff27f1a7017c4293e77deb\"},\"headline\":\"Pago mais IPTU que meu vizinho. Pode?\",\"datePublished\":\"2018-09-03T23:44:29+00:00\",\"dateModified\":\"2018-09-06T20:55:06+00:00\",\"mainEntityOfPage\":{\"@id\":\"https:\/\/acarneiro.adv.br\/inventario\/tenho-um-imovel-com-as-mesmas-caracteristicas-do-meu-vizinho-e-pago-mais-iptu-pode\/\"},\"wordCount\":178,\"commentCount\":0,\"publisher\":{\"@id\":\"https:\/\/acarneiro.adv.br\/inventario\/#organization\"},\"image\":{\"@id\":\"https:\/\/acarneiro.adv.br\/inventario\/tenho-um-imovel-com-as-mesmas-caracteristicas-do-meu-vizinho-e-pago-mais-iptu-pode\/#primaryimage\"},\"thumbnailUrl\":\"https:\/\/acarneiro.adv.br\/inventario\/wp-content\/uploads\/2018\/09\/velho-e1538566103590.jpg\",\"articleSection\":[\"Direito Tribut\u00e1rio\"],\"inLanguage\":\"pt-BR\",\"potentialAction\":[{\"@type\":\"CommentAction\",\"name\":\"Comment\",\"target\":[\"https:\/\/acarneiro.adv.br\/inventario\/tenho-um-imovel-com-as-mesmas-caracteristicas-do-meu-vizinho-e-pago-mais-iptu-pode\/#respond\"]}]},{\"@type\":\"WebPage\",\"@id\":\"https:\/\/acarneiro.adv.br\/inventario\/tenho-um-imovel-com-as-mesmas-caracteristicas-do-meu-vizinho-e-pago-mais-iptu-pode\/\",\"url\":\"https:\/\/acarneiro.adv.br\/inventario\/tenho-um-imovel-com-as-mesmas-caracteristicas-do-meu-vizinho-e-pago-mais-iptu-pode\/\",\"name\":\"Pago mais IPTU que meu vizinho. Pode? - Carneiro Advocacia - Inventario\",\"isPartOf\":{\"@id\":\"https:\/\/acarneiro.adv.br\/inventario\/#website\"},\"primaryImageOfPage\":{\"@id\":\"https:\/\/acarneiro.adv.br\/inventario\/tenho-um-imovel-com-as-mesmas-caracteristicas-do-meu-vizinho-e-pago-mais-iptu-pode\/#primaryimage\"},\"image\":{\"@id\":\"https:\/\/acarneiro.adv.br\/inventario\/tenho-um-imovel-com-as-mesmas-caracteristicas-do-meu-vizinho-e-pago-mais-iptu-pode\/#primaryimage\"},\"thumbnailUrl\":\"https:\/\/acarneiro.adv.br\/inventario\/wp-content\/uploads\/2018\/09\/velho-e1538566103590.jpg\",\"datePublished\":\"2018-09-03T23:44:29+00:00\",\"dateModified\":\"2018-09-06T20:55:06+00:00\",\"description\":\"Conforme o art. 150, n\u00e3o se pode\u00a0instituir tratamento desigual entre contribuintes que se encontrem em situa\u00e7\u00e3o equivalente, proibida qualquer distin\u00e7\u00e3o ...\",\"breadcrumb\":{\"@id\":\"https:\/\/acarneiro.adv.br\/inventario\/tenho-um-imovel-com-as-mesmas-caracteristicas-do-meu-vizinho-e-pago-mais-iptu-pode\/#breadcrumb\"},\"inLanguage\":\"pt-BR\",\"potentialAction\":[{\"@type\":\"ReadAction\",\"target\":[\"https:\/\/acarneiro.adv.br\/inventario\/tenho-um-imovel-com-as-mesmas-caracteristicas-do-meu-vizinho-e-pago-mais-iptu-pode\/\"]}]},{\"@type\":\"ImageObject\",\"inLanguage\":\"pt-BR\",\"@id\":\"https:\/\/acarneiro.adv.br\/inventario\/tenho-um-imovel-com-as-mesmas-caracteristicas-do-meu-vizinho-e-pago-mais-iptu-pode\/#primaryimage\",\"url\":\"https:\/\/acarneiro.adv.br\/inventario\/wp-content\/uploads\/2018\/09\/velho-e1538566103590.jpg\",\"contentUrl\":\"https:\/\/acarneiro.adv.br\/inventario\/wp-content\/uploads\/2018\/09\/velho-e1538566103590.jpg\",\"width\":500,\"height\":333,\"caption\":\"inventario\"},{\"@type\":\"BreadcrumbList\",\"@id\":\"https:\/\/acarneiro.adv.br\/inventario\/tenho-um-imovel-com-as-mesmas-caracteristicas-do-meu-vizinho-e-pago-mais-iptu-pode\/#breadcrumb\",\"itemListElement\":[{\"@type\":\"ListItem\",\"position\":1,\"name\":\"In\u00edcio\",\"item\":\"https:\/\/acarneiro.adv.br\/inventario\/\"},{\"@type\":\"ListItem\",\"position\":2,\"name\":\"Pago mais IPTU que meu vizinho. Pode?\"}]},{\"@type\":\"WebSite\",\"@id\":\"https:\/\/acarneiro.adv.br\/inventario\/#website\",\"url\":\"https:\/\/acarneiro.adv.br\/inventario\/\",\"name\":\"Carneiro Advocacia\",\"description\":\"Advocacia e Consultoria\",\"publisher\":{\"@id\":\"https:\/\/acarneiro.adv.br\/inventario\/#organization\"},\"potentialAction\":[{\"@type\":\"SearchAction\",\"target\":{\"@type\":\"EntryPoint\",\"urlTemplate\":\"https:\/\/acarneiro.adv.br\/inventario\/?s={search_term_string}\"},\"query-input\":{\"@type\":\"PropertyValueSpecification\",\"valueRequired\":true,\"valueName\":\"search_term_string\"}}],\"inLanguage\":\"pt-BR\"},{\"@type\":\"Organization\",\"@id\":\"https:\/\/acarneiro.adv.br\/inventario\/#organization\",\"name\":\"Carneiro - Advocacia e Consultoria\",\"url\":\"https:\/\/acarneiro.adv.br\/inventario\/\",\"logo\":{\"@type\":\"ImageObject\",\"inLanguage\":\"pt-BR\",\"@id\":\"https:\/\/acarneiro.adv.br\/inventario\/#\/schema\/logo\/image\/\",\"url\":\"https:\/\/acarneiro.adv.br\/inventario\/wp-content\/uploads\/2018\/08\/acarneiro118pxl.png\",\"contentUrl\":\"https:\/\/acarneiro.adv.br\/inventario\/wp-content\/uploads\/2018\/08\/acarneiro118pxl.png\",\"width\":300,\"height\":118,\"caption\":\"Carneiro - Advocacia e Consultoria\"},\"image\":{\"@id\":\"https:\/\/acarneiro.adv.br\/inventario\/#\/schema\/logo\/image\/\"},\"sameAs\":[\"https:\/\/www.facebook.com\/carneiroadvocaciacivil\",\"https:\/\/www.instagram.com\/carneiroadvsc\/\"]},{\"@type\":\"Person\",\"@id\":\"https:\/\/acarneiro.adv.br\/inventario\/#\/schema\/person\/7f557aef02ff27f1a7017c4293e77deb\",\"name\":\"admin\",\"image\":{\"@type\":\"ImageObject\",\"inLanguage\":\"pt-BR\",\"@id\":\"https:\/\/secure.gravatar.com\/avatar\/5e6cbd86765961e7e9f93140586f6004770a75d06ff80abb474645df42254fbc?s=96&d=mm&r=g\",\"url\":\"https:\/\/secure.gravatar.com\/avatar\/5e6cbd86765961e7e9f93140586f6004770a75d06ff80abb474645df42254fbc?s=96&d=mm&r=g\",\"contentUrl\":\"https:\/\/secure.gravatar.com\/avatar\/5e6cbd86765961e7e9f93140586f6004770a75d06ff80abb474645df42254fbc?s=96&d=mm&r=g\",\"caption\":\"admin\"}}]}<\/script>\n<!-- \/ Yoast SEO Premium plugin. -->","yoast_head_json":{"title":"Pago mais IPTU que meu vizinho. Pode? - Carneiro Advocacia - Inventario","description":"Conforme o art. 150, n\u00e3o se pode\u00a0instituir tratamento desigual entre contribuintes que se encontrem em situa\u00e7\u00e3o equivalente, proibida qualquer distin\u00e7\u00e3o ...","robots":{"index":"index","follow":"follow","max-snippet":"max-snippet:-1","max-image-preview":"max-image-preview:large","max-video-preview":"max-video-preview:-1"},"canonical":"https:\/\/acarneiro.adv.br\/inventario\/tenho-um-imovel-com-as-mesmas-caracteristicas-do-meu-vizinho-e-pago-mais-iptu-pode\/","og_locale":"pt_BR","og_type":"article","og_title":"Pago mais IPTU que meu vizinho. Pode?","og_description":"Conforme o art. 150, n\u00e3o se pode\u00a0instituir tratamento desigual entre contribuintes que se encontrem em situa\u00e7\u00e3o equivalente, proibida qualquer distin\u00e7\u00e3o ...","og_url":"https:\/\/acarneiro.adv.br\/inventario\/tenho-um-imovel-com-as-mesmas-caracteristicas-do-meu-vizinho-e-pago-mais-iptu-pode\/","og_site_name":"Carneiro Advocacia - Inventario","article_publisher":"https:\/\/www.facebook.com\/carneiroadvocaciacivil","article_published_time":"2018-09-03T23:44:29+00:00","article_modified_time":"2018-09-06T20:55:06+00:00","og_image":[{"width":500,"height":333,"url":"https:\/\/acarneiro.adv.br\/inventario\/wp-content\/uploads\/2018\/09\/velho-e1538566103590.jpg","type":"image\/jpeg"}],"author":"admin","twitter_card":"summary_large_image","twitter_misc":{"Escrito por":"admin","Est. tempo de leitura":"1 minuto"},"schema":{"@context":"https:\/\/schema.org","@graph":[{"@type":"Article","@id":"https:\/\/acarneiro.adv.br\/inventario\/tenho-um-imovel-com-as-mesmas-caracteristicas-do-meu-vizinho-e-pago-mais-iptu-pode\/#article","isPartOf":{"@id":"https:\/\/acarneiro.adv.br\/inventario\/tenho-um-imovel-com-as-mesmas-caracteristicas-do-meu-vizinho-e-pago-mais-iptu-pode\/"},"author":{"name":"admin","@id":"https:\/\/acarneiro.adv.br\/inventario\/#\/schema\/person\/7f557aef02ff27f1a7017c4293e77deb"},"headline":"Pago mais IPTU que meu vizinho. Pode?","datePublished":"2018-09-03T23:44:29+00:00","dateModified":"2018-09-06T20:55:06+00:00","mainEntityOfPage":{"@id":"https:\/\/acarneiro.adv.br\/inventario\/tenho-um-imovel-com-as-mesmas-caracteristicas-do-meu-vizinho-e-pago-mais-iptu-pode\/"},"wordCount":178,"commentCount":0,"publisher":{"@id":"https:\/\/acarneiro.adv.br\/inventario\/#organization"},"image":{"@id":"https:\/\/acarneiro.adv.br\/inventario\/tenho-um-imovel-com-as-mesmas-caracteristicas-do-meu-vizinho-e-pago-mais-iptu-pode\/#primaryimage"},"thumbnailUrl":"https:\/\/acarneiro.adv.br\/inventario\/wp-content\/uploads\/2018\/09\/velho-e1538566103590.jpg","articleSection":["Direito Tribut\u00e1rio"],"inLanguage":"pt-BR","potentialAction":[{"@type":"CommentAction","name":"Comment","target":["https:\/\/acarneiro.adv.br\/inventario\/tenho-um-imovel-com-as-mesmas-caracteristicas-do-meu-vizinho-e-pago-mais-iptu-pode\/#respond"]}]},{"@type":"WebPage","@id":"https:\/\/acarneiro.adv.br\/inventario\/tenho-um-imovel-com-as-mesmas-caracteristicas-do-meu-vizinho-e-pago-mais-iptu-pode\/","url":"https:\/\/acarneiro.adv.br\/inventario\/tenho-um-imovel-com-as-mesmas-caracteristicas-do-meu-vizinho-e-pago-mais-iptu-pode\/","name":"Pago mais IPTU que meu vizinho. Pode? - Carneiro Advocacia - Inventario","isPartOf":{"@id":"https:\/\/acarneiro.adv.br\/inventario\/#website"},"primaryImageOfPage":{"@id":"https:\/\/acarneiro.adv.br\/inventario\/tenho-um-imovel-com-as-mesmas-caracteristicas-do-meu-vizinho-e-pago-mais-iptu-pode\/#primaryimage"},"image":{"@id":"https:\/\/acarneiro.adv.br\/inventario\/tenho-um-imovel-com-as-mesmas-caracteristicas-do-meu-vizinho-e-pago-mais-iptu-pode\/#primaryimage"},"thumbnailUrl":"https:\/\/acarneiro.adv.br\/inventario\/wp-content\/uploads\/2018\/09\/velho-e1538566103590.jpg","datePublished":"2018-09-03T23:44:29+00:00","dateModified":"2018-09-06T20:55:06+00:00","description":"Conforme o art. 150, n\u00e3o se pode\u00a0instituir tratamento desigual entre contribuintes que se encontrem em situa\u00e7\u00e3o equivalente, proibida qualquer distin\u00e7\u00e3o ...","breadcrumb":{"@id":"https:\/\/acarneiro.adv.br\/inventario\/tenho-um-imovel-com-as-mesmas-caracteristicas-do-meu-vizinho-e-pago-mais-iptu-pode\/#breadcrumb"},"inLanguage":"pt-BR","potentialAction":[{"@type":"ReadAction","target":["https:\/\/acarneiro.adv.br\/inventario\/tenho-um-imovel-com-as-mesmas-caracteristicas-do-meu-vizinho-e-pago-mais-iptu-pode\/"]}]},{"@type":"ImageObject","inLanguage":"pt-BR","@id":"https:\/\/acarneiro.adv.br\/inventario\/tenho-um-imovel-com-as-mesmas-caracteristicas-do-meu-vizinho-e-pago-mais-iptu-pode\/#primaryimage","url":"https:\/\/acarneiro.adv.br\/inventario\/wp-content\/uploads\/2018\/09\/velho-e1538566103590.jpg","contentUrl":"https:\/\/acarneiro.adv.br\/inventario\/wp-content\/uploads\/2018\/09\/velho-e1538566103590.jpg","width":500,"height":333,"caption":"inventario"},{"@type":"BreadcrumbList","@id":"https:\/\/acarneiro.adv.br\/inventario\/tenho-um-imovel-com-as-mesmas-caracteristicas-do-meu-vizinho-e-pago-mais-iptu-pode\/#breadcrumb","itemListElement":[{"@type":"ListItem","position":1,"name":"In\u00edcio","item":"https:\/\/acarneiro.adv.br\/inventario\/"},{"@type":"ListItem","position":2,"name":"Pago mais IPTU que meu vizinho. Pode?"}]},{"@type":"WebSite","@id":"https:\/\/acarneiro.adv.br\/inventario\/#website","url":"https:\/\/acarneiro.adv.br\/inventario\/","name":"Carneiro Advocacia","description":"Advocacia e Consultoria","publisher":{"@id":"https:\/\/acarneiro.adv.br\/inventario\/#organization"},"potentialAction":[{"@type":"SearchAction","target":{"@type":"EntryPoint","urlTemplate":"https:\/\/acarneiro.adv.br\/inventario\/?s={search_term_string}"},"query-input":{"@type":"PropertyValueSpecification","valueRequired":true,"valueName":"search_term_string"}}],"inLanguage":"pt-BR"},{"@type":"Organization","@id":"https:\/\/acarneiro.adv.br\/inventario\/#organization","name":"Carneiro - Advocacia e Consultoria","url":"https:\/\/acarneiro.adv.br\/inventario\/","logo":{"@type":"ImageObject","inLanguage":"pt-BR","@id":"https:\/\/acarneiro.adv.br\/inventario\/#\/schema\/logo\/image\/","url":"https:\/\/acarneiro.adv.br\/inventario\/wp-content\/uploads\/2018\/08\/acarneiro118pxl.png","contentUrl":"https:\/\/acarneiro.adv.br\/inventario\/wp-content\/uploads\/2018\/08\/acarneiro118pxl.png","width":300,"height":118,"caption":"Carneiro - Advocacia e Consultoria"},"image":{"@id":"https:\/\/acarneiro.adv.br\/inventario\/#\/schema\/logo\/image\/"},"sameAs":["https:\/\/www.facebook.com\/carneiroadvocaciacivil","https:\/\/www.instagram.com\/carneiroadvsc\/"]},{"@type":"Person","@id":"https:\/\/acarneiro.adv.br\/inventario\/#\/schema\/person\/7f557aef02ff27f1a7017c4293e77deb","name":"admin","image":{"@type":"ImageObject","inLanguage":"pt-BR","@id":"https:\/\/secure.gravatar.com\/avatar\/5e6cbd86765961e7e9f93140586f6004770a75d06ff80abb474645df42254fbc?s=96&d=mm&r=g","url":"https:\/\/secure.gravatar.com\/avatar\/5e6cbd86765961e7e9f93140586f6004770a75d06ff80abb474645df42254fbc?s=96&d=mm&r=g","contentUrl":"https:\/\/secure.gravatar.com\/avatar\/5e6cbd86765961e7e9f93140586f6004770a75d06ff80abb474645df42254fbc?s=96&d=mm&r=g","caption":"admin"}}]}},"_links":{"self":[{"href":"https:\/\/acarneiro.adv.br\/inventario\/wp-json\/wp\/v2\/posts\/2821","targetHints":{"allow":["GET"]}}],"collection":[{"href":"https:\/\/acarneiro.adv.br\/inventario\/wp-json\/wp\/v2\/posts"}],"about":[{"href":"https:\/\/acarneiro.adv.br\/inventario\/wp-json\/wp\/v2\/types\/post"}],"author":[{"embeddable":true,"href":"https:\/\/acarneiro.adv.br\/inventario\/wp-json\/wp\/v2\/users\/1"}],"replies":[{"embeddable":true,"href":"https:\/\/acarneiro.adv.br\/inventario\/wp-json\/wp\/v2\/comments?post=2821"}],"version-history":[{"count":3,"href":"https:\/\/acarneiro.adv.br\/inventario\/wp-json\/wp\/v2\/posts\/2821\/revisions"}],"predecessor-version":[{"id":2984,"href":"https:\/\/acarneiro.adv.br\/inventario\/wp-json\/wp\/v2\/posts\/2821\/revisions\/2984"}],"wp:featuredmedia":[{"embeddable":true,"href":"https:\/\/acarneiro.adv.br\/inventario\/wp-json\/wp\/v2\/media\/2822"}],"wp:attachment":[{"href":"https:\/\/acarneiro.adv.br\/inventario\/wp-json\/wp\/v2\/media?parent=2821"}],"wp:term":[{"taxonomy":"category","embeddable":true,"href":"https:\/\/acarneiro.adv.br\/inventario\/wp-json\/wp\/v2\/categories?post=2821"},{"taxonomy":"post_tag","embeddable":true,"href":"https:\/\/acarneiro.adv.br\/inventario\/wp-json\/wp\/v2\/tags?post=2821"}],"curies":[{"name":"wp","href":"https:\/\/api.w.org\/{rel}","templated":true}]}}