{"id":2838,"date":"2018-09-04T00:49:37","date_gmt":"2018-09-04T00:49:37","guid":{"rendered":"https:\/\/acarneiro.adv.br\/inventario\/?p=2838"},"modified":"2018-09-06T20:44:50","modified_gmt":"2018-09-06T20:44:50","slug":"diversidade-de-familias","status":"publish","type":"post","link":"https:\/\/acarneiro.adv.br\/inventario\/diversidade-de-familias\/","title":{"rendered":"Diversidade de fam\u00edlia"},"content":{"rendered":"<h1>A fam\u00edlia<\/h1>\n<p>Em um Estado laico de Direito, deve-se entender que as religi\u00f5es s\u00e3o embasadas em dogmas e paradigmas estabelecidos para as suas cren\u00e7as, que n\u00e3o necessitam ser seguidos por todos, incluindo o conceito de fam\u00edlia.<\/p>\n<p>O conceito n\u00e3o necessariamente \u00e9 embasado na sociedade conjugal, composta por pai, m\u00e3e e filhos (fam\u00edlia institui\u00e7\u00e3o). A fam\u00edlia institui\u00e7\u00e3o foi substitu\u00edda pela fam\u00edlia instrumento, que nas palavras de Maria Berenice Dias &#8220;existe e contribui tanto para o desenvolvimento da personalidade de seus integrantes, como para o crescimento e forma\u00e7\u00e3o da pr\u00f3pria sociedade, justificando, com isso, a sua prote\u00e7\u00e3o pelo Estado&#8221;. (DIAS, Maria Berenice, Manual de Direito das Fam\u00edlias, 2007, p. 41).<\/p>\n<h2>Casais heteroafetivos<\/h2>\n<p>Desta forma, n\u00e3o h\u00e1 de se falar apenas em fam\u00edlia tradicional (pai, m\u00e3e e filhos), uma vez que em outros tipos de fam\u00edlia tamb\u00e9m pode existir o desenvolvimento perfeito da personalidade de seus integrantes quanto o aux\u00edlio para o crescimento e forma\u00e7\u00e3o da pr\u00f3pria sociedade.<\/p>\n<p>Como exemplo, em uma fam\u00edlia composta por casais heteroafetivos, o c\u00f4njuge pode estar em um ambiente desestruturado, sofrendo agress\u00f5es f\u00edsicas e morais, de forma a n\u00e3o haver o desenvolvimento adequado de sua personalidade.<\/p>\n<h2>Casais homoafetivos<\/h2>\n<p>J\u00e1 em uma fam\u00edlia composta por casais homoafetivos, o c\u00f4njuge pode estar em um ambiente estruturado e sadio, havendo o completo desenvolvimento mencionado.<\/p>\n<p>Assim, pode-se dizer que h\u00e1 cinco tipos b\u00e1sicos de fam\u00edlias no Brasil, com base em renomados autores como Maria Berenice Dias, Fl\u00e1vio Tartuce e S\u00e9rgio Resende de Barros, a saber:<\/p>\n<h3>Tipos de fam\u00edlias<\/h3>\n<p>1) Fam\u00edlia matrimonial: constitu\u00edda com o Casamento (exemplo: casais heteroafetivos ou homoafetivos casados em comunh\u00e3o civil &#8211; art.\u00a01511,\u00a0CC\u00a0e ss, informativo 486 STJ, informativo 625, STF, resolu\u00e7\u00e3o 175\/13, CNJ, Enunciado\u00a0601\u00a0da VII Jornada de Direito Civil -);<\/p>\n<p>2) Fam\u00edlia informal: constitu\u00edda com a Uni\u00e3o Est\u00e1vel (exemplo: casais heteroafetivos ou homoafetivos com o \u00edmpeto de constituir fam\u00edlia sem a necessidade de uma comunh\u00e3o civil &#8211; art.\u00a01723,\u00a0CC, informativo 486 STJ, informativo 625, STF, resolu\u00e7\u00e3o 175\/13, CNJ, Enunciado 601 da VII Jornada de Direito Civil -);<\/p>\n<p>3) Fam\u00edlia monoparental: constitu\u00edda com um dos genitores e seu filho (exemplo: pai que vive com os filhos &#8211; art.\u00a0226,\u00a0\u00a7 4\u00ba,\u00a0CF\u00a0-);<\/p>\n<p>4) Fam\u00edlia anaparental: constitu\u00edda pela conviv\u00eancia entre pessoas com identidade e prop\u00f3sito baseada no afeto sem contar com pai e nem m\u00e3e (exemplo: irm\u00e3os idosos que vivem juntos &#8211; Enunciado 117, STJ, art. 226, \u00a7 4\u00ba, CF -);<\/p>\n<p>5) Fam\u00edlia eudemonista: constitu\u00edda como base pelo afeto buscando a felicidade individual, sem levar em conta a rigidez das regras do artigo\u00a01566,\u00a0CC, como a fidelidade, vida em comum num mesmo domic\u00edlio conjugal e m\u00fatua assist\u00eancia (exemplo: casal que n\u00e3o convive no mesmo domic\u00edlio, permitindo aos dois realiza\u00e7\u00f5es pessoais e profissionais em busca da felicidade individual de cada um, rela\u00e7\u00e3o baseada no afeto, no amor entre as pessoas).<\/p>\n<h3>Constitui\u00e7\u00e3o Federal<\/h3>\n<p>Frente ao conceito de fam\u00edlia atual, fica evidente que o artigo\u00a0226\u00a0da\u00a0Constitui\u00e7\u00e3o Federal, simplesmente exemplifica algumas situa\u00e7\u00f5es referentes \u00e0 fam\u00edlia e a sua especial prote\u00e7\u00e3o do Estado. Deve ser repudiado do ordenamento jur\u00eddico qualquer lei que diga o contr\u00e1rio e tente &#8220;moldar&#8221; o conceito de fam\u00edlia, privando minorias de exercerem seus direitos j\u00e1 conquistados e reconhecidos pela sociedade e por tribunais superiores.<\/p>\n","protected":false},"excerpt":{"rendered":"<p>A fam\u00edlia Em um Estado laico de Direito, deve-se entender que as religi\u00f5es s\u00e3o embasadas em dogmas e paradigmas estabelecidos para as suas cren\u00e7as, que n\u00e3o<span class=\"excerpt-hellip\"> [\u2026]<\/span><\/p>\n","protected":false},"author":1,"featured_media":2839,"comment_status":"open","ping_status":"open","sticky":false,"template":"","format":"standard","meta":{"footnotes":""},"categories":[37,41],"tags":[],"class_list":["post-2838","post","type-post","status-publish","format-standard","has-post-thumbnail","hentry","category-direito-civil","category-direito-de-familia"],"yoast_head":"<!-- This site is optimized with the Yoast SEO Premium plugin v23.2 (Yoast SEO v27.2) - https:\/\/yoast.com\/product\/yoast-seo-premium-wordpress\/ -->\n<title>Diversidade de fam\u00edlia - Fam\u00edlias s\u00e3o Fam\u00edlias - Carneiro Advocacia - Inventario<\/title>\n<meta name=\"description\" content=\"Fam\u00edlias s\u00e3o fam\u00edlias. O conceito n\u00e3o necessariamente \u00e9 embasado na sociedade conjugal, composta por pai, m\u00e3e e filhos (fam\u00edlia institui\u00e7\u00e3o).\" \/>\n<meta name=\"robots\" content=\"index, follow, max-snippet:-1, max-image-preview:large, max-video-preview:-1\" \/>\n<link rel=\"canonical\" href=\"https:\/\/acarneiro.adv.br\/inventario\/diversidade-de-familias\/\" \/>\n<meta property=\"og:locale\" content=\"pt_BR\" \/>\n<meta property=\"og:type\" content=\"article\" \/>\n<meta property=\"og:title\" content=\"Diversidade de fam\u00edlia\" \/>\n<meta property=\"og:description\" content=\"Fam\u00edlias s\u00e3o fam\u00edlias. O conceito n\u00e3o necessariamente \u00e9 embasado na sociedade conjugal, composta por pai, m\u00e3e e filhos (fam\u00edlia institui\u00e7\u00e3o).\" \/>\n<meta property=\"og:url\" content=\"https:\/\/acarneiro.adv.br\/inventario\/diversidade-de-familias\/\" \/>\n<meta property=\"og:site_name\" content=\"Carneiro Advocacia - Inventario\" \/>\n<meta property=\"article:publisher\" content=\"https:\/\/www.facebook.com\/carneiroadvocaciacivil\" \/>\n<meta property=\"article:published_time\" content=\"2018-09-04T00:49:37+00:00\" \/>\n<meta property=\"article:modified_time\" content=\"2018-09-06T20:44:50+00:00\" \/>\n<meta property=\"og:image\" content=\"https:\/\/acarneiro.adv.br\/inventario\/wp-content\/uploads\/2018\/09\/familia-e1538565945474.jpg\" \/>\n\t<meta property=\"og:image:width\" content=\"500\" \/>\n\t<meta property=\"og:image:height\" content=\"333\" \/>\n\t<meta property=\"og:image:type\" content=\"image\/jpeg\" \/>\n<meta name=\"author\" content=\"admin\" \/>\n<meta name=\"twitter:card\" content=\"summary_large_image\" \/>\n<meta name=\"twitter:label1\" content=\"Escrito por\" \/>\n\t<meta name=\"twitter:data1\" content=\"admin\" \/>\n\t<meta name=\"twitter:label2\" content=\"Est. tempo de leitura\" \/>\n\t<meta name=\"twitter:data2\" content=\"3 minutos\" \/>\n<script type=\"application\/ld+json\" class=\"yoast-schema-graph\">{\"@context\":\"https:\/\/schema.org\",\"@graph\":[{\"@type\":\"Article\",\"@id\":\"https:\/\/acarneiro.adv.br\/inventario\/diversidade-de-familias\/#article\",\"isPartOf\":{\"@id\":\"https:\/\/acarneiro.adv.br\/inventario\/diversidade-de-familias\/\"},\"author\":{\"name\":\"admin\",\"@id\":\"https:\/\/acarneiro.adv.br\/inventario\/#\/schema\/person\/7f557aef02ff27f1a7017c4293e77deb\"},\"headline\":\"Diversidade de fam\u00edlia\",\"datePublished\":\"2018-09-04T00:49:37+00:00\",\"dateModified\":\"2018-09-06T20:44:50+00:00\",\"mainEntityOfPage\":{\"@id\":\"https:\/\/acarneiro.adv.br\/inventario\/diversidade-de-familias\/\"},\"wordCount\":583,\"commentCount\":0,\"publisher\":{\"@id\":\"https:\/\/acarneiro.adv.br\/inventario\/#organization\"},\"image\":{\"@id\":\"https:\/\/acarneiro.adv.br\/inventario\/diversidade-de-familias\/#primaryimage\"},\"thumbnailUrl\":\"https:\/\/acarneiro.adv.br\/inventario\/wp-content\/uploads\/2018\/09\/familia-e1538565945474.jpg\",\"articleSection\":[\"Direito Civil\",\"Direito de Fam\u00edlia\"],\"inLanguage\":\"pt-BR\",\"potentialAction\":[{\"@type\":\"CommentAction\",\"name\":\"Comment\",\"target\":[\"https:\/\/acarneiro.adv.br\/inventario\/diversidade-de-familias\/#respond\"]}]},{\"@type\":\"WebPage\",\"@id\":\"https:\/\/acarneiro.adv.br\/inventario\/diversidade-de-familias\/\",\"url\":\"https:\/\/acarneiro.adv.br\/inventario\/diversidade-de-familias\/\",\"name\":\"Diversidade de fam\u00edlia - Fam\u00edlias s\u00e3o Fam\u00edlias - Carneiro Advocacia - Inventario\",\"isPartOf\":{\"@id\":\"https:\/\/acarneiro.adv.br\/inventario\/#website\"},\"primaryImageOfPage\":{\"@id\":\"https:\/\/acarneiro.adv.br\/inventario\/diversidade-de-familias\/#primaryimage\"},\"image\":{\"@id\":\"https:\/\/acarneiro.adv.br\/inventario\/diversidade-de-familias\/#primaryimage\"},\"thumbnailUrl\":\"https:\/\/acarneiro.adv.br\/inventario\/wp-content\/uploads\/2018\/09\/familia-e1538565945474.jpg\",\"datePublished\":\"2018-09-04T00:49:37+00:00\",\"dateModified\":\"2018-09-06T20:44:50+00:00\",\"description\":\"Fam\u00edlias s\u00e3o fam\u00edlias. O conceito n\u00e3o necessariamente \u00e9 embasado na sociedade conjugal, composta por pai, m\u00e3e e filhos (fam\u00edlia institui\u00e7\u00e3o).\",\"breadcrumb\":{\"@id\":\"https:\/\/acarneiro.adv.br\/inventario\/diversidade-de-familias\/#breadcrumb\"},\"inLanguage\":\"pt-BR\",\"potentialAction\":[{\"@type\":\"ReadAction\",\"target\":[\"https:\/\/acarneiro.adv.br\/inventario\/diversidade-de-familias\/\"]}]},{\"@type\":\"ImageObject\",\"inLanguage\":\"pt-BR\",\"@id\":\"https:\/\/acarneiro.adv.br\/inventario\/diversidade-de-familias\/#primaryimage\",\"url\":\"https:\/\/acarneiro.adv.br\/inventario\/wp-content\/uploads\/2018\/09\/familia-e1538565945474.jpg\",\"contentUrl\":\"https:\/\/acarneiro.adv.br\/inventario\/wp-content\/uploads\/2018\/09\/familia-e1538565945474.jpg\",\"width\":500,\"height\":333},{\"@type\":\"BreadcrumbList\",\"@id\":\"https:\/\/acarneiro.adv.br\/inventario\/diversidade-de-familias\/#breadcrumb\",\"itemListElement\":[{\"@type\":\"ListItem\",\"position\":1,\"name\":\"In\u00edcio\",\"item\":\"https:\/\/acarneiro.adv.br\/inventario\/\"},{\"@type\":\"ListItem\",\"position\":2,\"name\":\"Diversidade de fam\u00edlia\"}]},{\"@type\":\"WebSite\",\"@id\":\"https:\/\/acarneiro.adv.br\/inventario\/#website\",\"url\":\"https:\/\/acarneiro.adv.br\/inventario\/\",\"name\":\"Carneiro Advocacia\",\"description\":\"Advocacia e Consultoria\",\"publisher\":{\"@id\":\"https:\/\/acarneiro.adv.br\/inventario\/#organization\"},\"potentialAction\":[{\"@type\":\"SearchAction\",\"target\":{\"@type\":\"EntryPoint\",\"urlTemplate\":\"https:\/\/acarneiro.adv.br\/inventario\/?s={search_term_string}\"},\"query-input\":{\"@type\":\"PropertyValueSpecification\",\"valueRequired\":true,\"valueName\":\"search_term_string\"}}],\"inLanguage\":\"pt-BR\"},{\"@type\":\"Organization\",\"@id\":\"https:\/\/acarneiro.adv.br\/inventario\/#organization\",\"name\":\"Carneiro - Advocacia e Consultoria\",\"url\":\"https:\/\/acarneiro.adv.br\/inventario\/\",\"logo\":{\"@type\":\"ImageObject\",\"inLanguage\":\"pt-BR\",\"@id\":\"https:\/\/acarneiro.adv.br\/inventario\/#\/schema\/logo\/image\/\",\"url\":\"https:\/\/acarneiro.adv.br\/inventario\/wp-content\/uploads\/2018\/08\/acarneiro118pxl.png\",\"contentUrl\":\"https:\/\/acarneiro.adv.br\/inventario\/wp-content\/uploads\/2018\/08\/acarneiro118pxl.png\",\"width\":300,\"height\":118,\"caption\":\"Carneiro - Advocacia e Consultoria\"},\"image\":{\"@id\":\"https:\/\/acarneiro.adv.br\/inventario\/#\/schema\/logo\/image\/\"},\"sameAs\":[\"https:\/\/www.facebook.com\/carneiroadvocaciacivil\",\"https:\/\/www.instagram.com\/carneiroadvsc\/\"]},{\"@type\":\"Person\",\"@id\":\"https:\/\/acarneiro.adv.br\/inventario\/#\/schema\/person\/7f557aef02ff27f1a7017c4293e77deb\",\"name\":\"admin\",\"image\":{\"@type\":\"ImageObject\",\"inLanguage\":\"pt-BR\",\"@id\":\"https:\/\/secure.gravatar.com\/avatar\/5e6cbd86765961e7e9f93140586f6004770a75d06ff80abb474645df42254fbc?s=96&d=mm&r=g\",\"url\":\"https:\/\/secure.gravatar.com\/avatar\/5e6cbd86765961e7e9f93140586f6004770a75d06ff80abb474645df42254fbc?s=96&d=mm&r=g\",\"contentUrl\":\"https:\/\/secure.gravatar.com\/avatar\/5e6cbd86765961e7e9f93140586f6004770a75d06ff80abb474645df42254fbc?s=96&d=mm&r=g\",\"caption\":\"admin\"}}]}<\/script>\n<!-- \/ Yoast SEO Premium plugin. -->","yoast_head_json":{"title":"Diversidade de fam\u00edlia - Fam\u00edlias s\u00e3o Fam\u00edlias - Carneiro Advocacia - Inventario","description":"Fam\u00edlias s\u00e3o fam\u00edlias. O conceito n\u00e3o necessariamente \u00e9 embasado na sociedade conjugal, composta por pai, m\u00e3e e filhos (fam\u00edlia institui\u00e7\u00e3o).","robots":{"index":"index","follow":"follow","max-snippet":"max-snippet:-1","max-image-preview":"max-image-preview:large","max-video-preview":"max-video-preview:-1"},"canonical":"https:\/\/acarneiro.adv.br\/inventario\/diversidade-de-familias\/","og_locale":"pt_BR","og_type":"article","og_title":"Diversidade de fam\u00edlia","og_description":"Fam\u00edlias s\u00e3o fam\u00edlias. O conceito n\u00e3o necessariamente \u00e9 embasado na sociedade conjugal, composta por pai, m\u00e3e e filhos (fam\u00edlia institui\u00e7\u00e3o).","og_url":"https:\/\/acarneiro.adv.br\/inventario\/diversidade-de-familias\/","og_site_name":"Carneiro Advocacia - Inventario","article_publisher":"https:\/\/www.facebook.com\/carneiroadvocaciacivil","article_published_time":"2018-09-04T00:49:37+00:00","article_modified_time":"2018-09-06T20:44:50+00:00","og_image":[{"width":500,"height":333,"url":"https:\/\/acarneiro.adv.br\/inventario\/wp-content\/uploads\/2018\/09\/familia-e1538565945474.jpg","type":"image\/jpeg"}],"author":"admin","twitter_card":"summary_large_image","twitter_misc":{"Escrito por":"admin","Est. tempo de leitura":"3 minutos"},"schema":{"@context":"https:\/\/schema.org","@graph":[{"@type":"Article","@id":"https:\/\/acarneiro.adv.br\/inventario\/diversidade-de-familias\/#article","isPartOf":{"@id":"https:\/\/acarneiro.adv.br\/inventario\/diversidade-de-familias\/"},"author":{"name":"admin","@id":"https:\/\/acarneiro.adv.br\/inventario\/#\/schema\/person\/7f557aef02ff27f1a7017c4293e77deb"},"headline":"Diversidade de fam\u00edlia","datePublished":"2018-09-04T00:49:37+00:00","dateModified":"2018-09-06T20:44:50+00:00","mainEntityOfPage":{"@id":"https:\/\/acarneiro.adv.br\/inventario\/diversidade-de-familias\/"},"wordCount":583,"commentCount":0,"publisher":{"@id":"https:\/\/acarneiro.adv.br\/inventario\/#organization"},"image":{"@id":"https:\/\/acarneiro.adv.br\/inventario\/diversidade-de-familias\/#primaryimage"},"thumbnailUrl":"https:\/\/acarneiro.adv.br\/inventario\/wp-content\/uploads\/2018\/09\/familia-e1538565945474.jpg","articleSection":["Direito Civil","Direito de Fam\u00edlia"],"inLanguage":"pt-BR","potentialAction":[{"@type":"CommentAction","name":"Comment","target":["https:\/\/acarneiro.adv.br\/inventario\/diversidade-de-familias\/#respond"]}]},{"@type":"WebPage","@id":"https:\/\/acarneiro.adv.br\/inventario\/diversidade-de-familias\/","url":"https:\/\/acarneiro.adv.br\/inventario\/diversidade-de-familias\/","name":"Diversidade de fam\u00edlia - Fam\u00edlias s\u00e3o Fam\u00edlias - Carneiro Advocacia - Inventario","isPartOf":{"@id":"https:\/\/acarneiro.adv.br\/inventario\/#website"},"primaryImageOfPage":{"@id":"https:\/\/acarneiro.adv.br\/inventario\/diversidade-de-familias\/#primaryimage"},"image":{"@id":"https:\/\/acarneiro.adv.br\/inventario\/diversidade-de-familias\/#primaryimage"},"thumbnailUrl":"https:\/\/acarneiro.adv.br\/inventario\/wp-content\/uploads\/2018\/09\/familia-e1538565945474.jpg","datePublished":"2018-09-04T00:49:37+00:00","dateModified":"2018-09-06T20:44:50+00:00","description":"Fam\u00edlias s\u00e3o fam\u00edlias. O conceito n\u00e3o necessariamente \u00e9 embasado na sociedade conjugal, composta por pai, m\u00e3e e filhos (fam\u00edlia institui\u00e7\u00e3o).","breadcrumb":{"@id":"https:\/\/acarneiro.adv.br\/inventario\/diversidade-de-familias\/#breadcrumb"},"inLanguage":"pt-BR","potentialAction":[{"@type":"ReadAction","target":["https:\/\/acarneiro.adv.br\/inventario\/diversidade-de-familias\/"]}]},{"@type":"ImageObject","inLanguage":"pt-BR","@id":"https:\/\/acarneiro.adv.br\/inventario\/diversidade-de-familias\/#primaryimage","url":"https:\/\/acarneiro.adv.br\/inventario\/wp-content\/uploads\/2018\/09\/familia-e1538565945474.jpg","contentUrl":"https:\/\/acarneiro.adv.br\/inventario\/wp-content\/uploads\/2018\/09\/familia-e1538565945474.jpg","width":500,"height":333},{"@type":"BreadcrumbList","@id":"https:\/\/acarneiro.adv.br\/inventario\/diversidade-de-familias\/#breadcrumb","itemListElement":[{"@type":"ListItem","position":1,"name":"In\u00edcio","item":"https:\/\/acarneiro.adv.br\/inventario\/"},{"@type":"ListItem","position":2,"name":"Diversidade de fam\u00edlia"}]},{"@type":"WebSite","@id":"https:\/\/acarneiro.adv.br\/inventario\/#website","url":"https:\/\/acarneiro.adv.br\/inventario\/","name":"Carneiro Advocacia","description":"Advocacia e Consultoria","publisher":{"@id":"https:\/\/acarneiro.adv.br\/inventario\/#organization"},"potentialAction":[{"@type":"SearchAction","target":{"@type":"EntryPoint","urlTemplate":"https:\/\/acarneiro.adv.br\/inventario\/?s={search_term_string}"},"query-input":{"@type":"PropertyValueSpecification","valueRequired":true,"valueName":"search_term_string"}}],"inLanguage":"pt-BR"},{"@type":"Organization","@id":"https:\/\/acarneiro.adv.br\/inventario\/#organization","name":"Carneiro - Advocacia e Consultoria","url":"https:\/\/acarneiro.adv.br\/inventario\/","logo":{"@type":"ImageObject","inLanguage":"pt-BR","@id":"https:\/\/acarneiro.adv.br\/inventario\/#\/schema\/logo\/image\/","url":"https:\/\/acarneiro.adv.br\/inventario\/wp-content\/uploads\/2018\/08\/acarneiro118pxl.png","contentUrl":"https:\/\/acarneiro.adv.br\/inventario\/wp-content\/uploads\/2018\/08\/acarneiro118pxl.png","width":300,"height":118,"caption":"Carneiro - Advocacia e Consultoria"},"image":{"@id":"https:\/\/acarneiro.adv.br\/inventario\/#\/schema\/logo\/image\/"},"sameAs":["https:\/\/www.facebook.com\/carneiroadvocaciacivil","https:\/\/www.instagram.com\/carneiroadvsc\/"]},{"@type":"Person","@id":"https:\/\/acarneiro.adv.br\/inventario\/#\/schema\/person\/7f557aef02ff27f1a7017c4293e77deb","name":"admin","image":{"@type":"ImageObject","inLanguage":"pt-BR","@id":"https:\/\/secure.gravatar.com\/avatar\/5e6cbd86765961e7e9f93140586f6004770a75d06ff80abb474645df42254fbc?s=96&d=mm&r=g","url":"https:\/\/secure.gravatar.com\/avatar\/5e6cbd86765961e7e9f93140586f6004770a75d06ff80abb474645df42254fbc?s=96&d=mm&r=g","contentUrl":"https:\/\/secure.gravatar.com\/avatar\/5e6cbd86765961e7e9f93140586f6004770a75d06ff80abb474645df42254fbc?s=96&d=mm&r=g","caption":"admin"}}]}},"_links":{"self":[{"href":"https:\/\/acarneiro.adv.br\/inventario\/wp-json\/wp\/v2\/posts\/2838","targetHints":{"allow":["GET"]}}],"collection":[{"href":"https:\/\/acarneiro.adv.br\/inventario\/wp-json\/wp\/v2\/posts"}],"about":[{"href":"https:\/\/acarneiro.adv.br\/inventario\/wp-json\/wp\/v2\/types\/post"}],"author":[{"embeddable":true,"href":"https:\/\/acarneiro.adv.br\/inventario\/wp-json\/wp\/v2\/users\/1"}],"replies":[{"embeddable":true,"href":"https:\/\/acarneiro.adv.br\/inventario\/wp-json\/wp\/v2\/comments?post=2838"}],"version-history":[{"count":3,"href":"https:\/\/acarneiro.adv.br\/inventario\/wp-json\/wp\/v2\/posts\/2838\/revisions"}],"predecessor-version":[{"id":2978,"href":"https:\/\/acarneiro.adv.br\/inventario\/wp-json\/wp\/v2\/posts\/2838\/revisions\/2978"}],"wp:featuredmedia":[{"embeddable":true,"href":"https:\/\/acarneiro.adv.br\/inventario\/wp-json\/wp\/v2\/media\/2839"}],"wp:attachment":[{"href":"https:\/\/acarneiro.adv.br\/inventario\/wp-json\/wp\/v2\/media?parent=2838"}],"wp:term":[{"taxonomy":"category","embeddable":true,"href":"https:\/\/acarneiro.adv.br\/inventario\/wp-json\/wp\/v2\/categories?post=2838"},{"taxonomy":"post_tag","embeddable":true,"href":"https:\/\/acarneiro.adv.br\/inventario\/wp-json\/wp\/v2\/tags?post=2838"}],"curies":[{"name":"wp","href":"https:\/\/api.w.org\/{rel}","templated":true}]}}