{"id":2869,"date":"2018-09-04T16:17:56","date_gmt":"2018-09-04T16:17:56","guid":{"rendered":"https:\/\/acarneiro.adv.br\/inventario\/?p=2869"},"modified":"2018-09-06T20:40:31","modified_gmt":"2018-09-06T20:40:31","slug":"o-que-e-crime","status":"publish","type":"post","link":"https:\/\/acarneiro.adv.br\/inventario\/o-que-e-crime\/","title":{"rendered":"O que \u00e9 crime?"},"content":{"rendered":"<p>O crime pode ser conceituado de acordo com o aspecto formal, material ou anal\u00edtico.<\/p>\n<p>No Ordenamento Jur\u00eddico, o sistema \u00e9 dicot\u00f4mico, ou seja, h\u00e1 crimes e contraven\u00e7\u00f5es.<\/p>\n<p>O crime \u00e9 aquilo que a Lei diz que \u00e9 crime conforme o artigo 1\u00ba da Lei de Introdu\u00e7\u00e3o ao C\u00f3digo Penal.<\/p>\n<p>Art. 1\u00ba. Considera-se crime a infra\u00e7\u00e3o\u00a0<b>penal<\/b>\u00a0que a\u00a0<b>lei<\/b>\u00a0comina pena de reclus\u00e3o ou de deten\u00e7\u00e3o, quer isoladamente, quer alternativa ou cumulativamente com a pena de multa; contraven\u00e7\u00e3o, a infra\u00e7\u00e3o\u00a0<b>penal<\/b>\u00a0a que a\u00a0<b>lei<\/b>\u00a0comina, isoladamente, pena de pris\u00e3o simples ou de multa, ou ambas, alternativa ou cumulativamente.<\/p>\n<p>Resumindo:<\/p>\n<p>\u00c9 crime:<\/p>\n<ol>\n<li>Reclus\u00e3o;<\/li>\n<li>Deten\u00e7\u00e3o;<\/li>\n<li>Reclus\u00e3o E Multa;<\/li>\n<li>Deten\u00e7\u00e3o E Multa;<\/li>\n<li>Reclus\u00e3o OU Multa;<\/li>\n<li>Deten\u00e7\u00e3o OU Multa;<\/li>\n<\/ol>\n<p>\u00c9 contraven\u00e7\u00e3o Penal:<\/p>\n<ol>\n<li>Pris\u00e3o Simples;<\/li>\n<li>Pris\u00e3o Simples E Multa;<\/li>\n<li>Pris\u00e3o Simples OU Multa.<\/li>\n<\/ol>\n<p>Conforme o <strong>aspecto material \u00e9 crime a conduta que OFENDE UM BEM JUR\u00cdDICO para a sociedade.<\/strong><\/p>\n<p>Por exemplo, o adult\u00e9rio era crime. Contudo, a sociedade n\u00e3o via mais a conduta como criminosa. Por isso deixou de ser desconsiderada criminosa, deixando de existir inclusive atualmente no aspecto formal.<\/p>\n<p>J\u00e1 conforme o aspecto anal\u00edtico, \u00e9 considerado crime aquela conduta que \u00e9 t\u00edpica, il\u00edcita e culp\u00e1vel ( Teoria Tripartida). H\u00e1 quem defenda a Teoria Bipartida (t\u00edpica e il\u00edcita) ou Quadripartida (t\u00edpica, il\u00edcita, culp\u00e1vel e pun\u00edvel) de crime, contudo, adota-se a tripartida.<\/p>\n","protected":false},"excerpt":{"rendered":"<p>O crime pode ser conceituado de acordo com o aspecto formal, material ou anal\u00edtico. No Ordenamento Jur\u00eddico, o sistema \u00e9 dicot\u00f4mico, ou seja, h\u00e1 crimes e<span class=\"excerpt-hellip\"> [\u2026]<\/span><\/p>\n","protected":false},"author":1,"featured_media":2870,"comment_status":"open","ping_status":"open","sticky":false,"template":"","format":"standard","meta":{"footnotes":""},"categories":[43],"tags":[],"class_list":["post-2869","post","type-post","status-publish","format-standard","has-post-thumbnail","hentry","category-direito-penal"],"yoast_head":"<!-- This site is optimized with the Yoast SEO Premium plugin v23.2 (Yoast SEO v27.2) - https:\/\/yoast.com\/product\/yoast-seo-premium-wordpress\/ -->\n<title>O que \u00e9 crime? - Carneiro Advocacia - Inventario<\/title>\n<meta name=\"description\" content=\"O crime pode ser conceituado de acordo com o aspecto formal, material ou anal\u00edtico. O crime \u00e9 s\u00f3 aquilo que a Lei diz que \u00e9 crime?\" \/>\n<meta name=\"robots\" content=\"index, follow, max-snippet:-1, max-image-preview:large, max-video-preview:-1\" \/>\n<link rel=\"canonical\" href=\"https:\/\/acarneiro.adv.br\/inventario\/o-que-e-crime\/\" \/>\n<meta property=\"og:locale\" content=\"pt_BR\" \/>\n<meta property=\"og:type\" content=\"article\" \/>\n<meta property=\"og:title\" content=\"O que \u00e9 crime?\" \/>\n<meta property=\"og:description\" content=\"O crime pode ser conceituado de acordo com o aspecto formal, material ou anal\u00edtico. O crime \u00e9 s\u00f3 aquilo que a Lei diz que \u00e9 crime?\" \/>\n<meta property=\"og:url\" content=\"https:\/\/acarneiro.adv.br\/inventario\/o-que-e-crime\/\" \/>\n<meta property=\"og:site_name\" content=\"Carneiro Advocacia - Inventario\" \/>\n<meta property=\"article:publisher\" content=\"https:\/\/www.facebook.com\/carneiroadvocaciacivil\" \/>\n<meta property=\"article:published_time\" content=\"2018-09-04T16:17:56+00:00\" \/>\n<meta property=\"article:modified_time\" content=\"2018-09-06T20:40:31+00:00\" \/>\n<meta property=\"og:image\" content=\"https:\/\/acarneiro.adv.br\/inventario\/wp-content\/uploads\/2018\/09\/arma-e1538565878682.jpg\" \/>\n\t<meta property=\"og:image:width\" content=\"500\" \/>\n\t<meta property=\"og:image:height\" content=\"333\" \/>\n\t<meta property=\"og:image:type\" content=\"image\/jpeg\" \/>\n<meta name=\"author\" content=\"admin\" \/>\n<meta name=\"twitter:card\" content=\"summary_large_image\" \/>\n<meta name=\"twitter:label1\" content=\"Escrito por\" \/>\n\t<meta name=\"twitter:data1\" content=\"admin\" \/>\n\t<meta name=\"twitter:label2\" content=\"Est. tempo de leitura\" \/>\n\t<meta name=\"twitter:data2\" content=\"1 minuto\" \/>\n<script type=\"application\/ld+json\" class=\"yoast-schema-graph\">{\"@context\":\"https:\/\/schema.org\",\"@graph\":[{\"@type\":\"Article\",\"@id\":\"https:\/\/acarneiro.adv.br\/inventario\/o-que-e-crime\/#article\",\"isPartOf\":{\"@id\":\"https:\/\/acarneiro.adv.br\/inventario\/o-que-e-crime\/\"},\"author\":{\"name\":\"admin\",\"@id\":\"https:\/\/acarneiro.adv.br\/inventario\/#\/schema\/person\/7f557aef02ff27f1a7017c4293e77deb\"},\"headline\":\"O que \u00e9 crime?\",\"datePublished\":\"2018-09-04T16:17:56+00:00\",\"dateModified\":\"2018-09-06T20:40:31+00:00\",\"mainEntityOfPage\":{\"@id\":\"https:\/\/acarneiro.adv.br\/inventario\/o-que-e-crime\/\"},\"wordCount\":244,\"commentCount\":0,\"publisher\":{\"@id\":\"https:\/\/acarneiro.adv.br\/inventario\/#organization\"},\"image\":{\"@id\":\"https:\/\/acarneiro.adv.br\/inventario\/o-que-e-crime\/#primaryimage\"},\"thumbnailUrl\":\"https:\/\/acarneiro.adv.br\/inventario\/wp-content\/uploads\/2018\/09\/arma-e1538565878682.jpg\",\"articleSection\":[\"Direito Penal\"],\"inLanguage\":\"pt-BR\",\"potentialAction\":[{\"@type\":\"CommentAction\",\"name\":\"Comment\",\"target\":[\"https:\/\/acarneiro.adv.br\/inventario\/o-que-e-crime\/#respond\"]}]},{\"@type\":\"WebPage\",\"@id\":\"https:\/\/acarneiro.adv.br\/inventario\/o-que-e-crime\/\",\"url\":\"https:\/\/acarneiro.adv.br\/inventario\/o-que-e-crime\/\",\"name\":\"O que \u00e9 crime? - Carneiro Advocacia - Inventario\",\"isPartOf\":{\"@id\":\"https:\/\/acarneiro.adv.br\/inventario\/#website\"},\"primaryImageOfPage\":{\"@id\":\"https:\/\/acarneiro.adv.br\/inventario\/o-que-e-crime\/#primaryimage\"},\"image\":{\"@id\":\"https:\/\/acarneiro.adv.br\/inventario\/o-que-e-crime\/#primaryimage\"},\"thumbnailUrl\":\"https:\/\/acarneiro.adv.br\/inventario\/wp-content\/uploads\/2018\/09\/arma-e1538565878682.jpg\",\"datePublished\":\"2018-09-04T16:17:56+00:00\",\"dateModified\":\"2018-09-06T20:40:31+00:00\",\"description\":\"O crime pode ser conceituado de acordo com o aspecto formal, material ou anal\u00edtico. O crime \u00e9 s\u00f3 aquilo que a Lei diz que \u00e9 crime?\",\"breadcrumb\":{\"@id\":\"https:\/\/acarneiro.adv.br\/inventario\/o-que-e-crime\/#breadcrumb\"},\"inLanguage\":\"pt-BR\",\"potentialAction\":[{\"@type\":\"ReadAction\",\"target\":[\"https:\/\/acarneiro.adv.br\/inventario\/o-que-e-crime\/\"]}]},{\"@type\":\"ImageObject\",\"inLanguage\":\"pt-BR\",\"@id\":\"https:\/\/acarneiro.adv.br\/inventario\/o-que-e-crime\/#primaryimage\",\"url\":\"https:\/\/acarneiro.adv.br\/inventario\/wp-content\/uploads\/2018\/09\/arma-e1538565878682.jpg\",\"contentUrl\":\"https:\/\/acarneiro.adv.br\/inventario\/wp-content\/uploads\/2018\/09\/arma-e1538565878682.jpg\",\"width\":500,\"height\":333},{\"@type\":\"BreadcrumbList\",\"@id\":\"https:\/\/acarneiro.adv.br\/inventario\/o-que-e-crime\/#breadcrumb\",\"itemListElement\":[{\"@type\":\"ListItem\",\"position\":1,\"name\":\"In\u00edcio\",\"item\":\"https:\/\/acarneiro.adv.br\/inventario\/\"},{\"@type\":\"ListItem\",\"position\":2,\"name\":\"O que \u00e9 crime?\"}]},{\"@type\":\"WebSite\",\"@id\":\"https:\/\/acarneiro.adv.br\/inventario\/#website\",\"url\":\"https:\/\/acarneiro.adv.br\/inventario\/\",\"name\":\"Carneiro Advocacia\",\"description\":\"Advocacia e Consultoria\",\"publisher\":{\"@id\":\"https:\/\/acarneiro.adv.br\/inventario\/#organization\"},\"potentialAction\":[{\"@type\":\"SearchAction\",\"target\":{\"@type\":\"EntryPoint\",\"urlTemplate\":\"https:\/\/acarneiro.adv.br\/inventario\/?s={search_term_string}\"},\"query-input\":{\"@type\":\"PropertyValueSpecification\",\"valueRequired\":true,\"valueName\":\"search_term_string\"}}],\"inLanguage\":\"pt-BR\"},{\"@type\":\"Organization\",\"@id\":\"https:\/\/acarneiro.adv.br\/inventario\/#organization\",\"name\":\"Carneiro - Advocacia e Consultoria\",\"url\":\"https:\/\/acarneiro.adv.br\/inventario\/\",\"logo\":{\"@type\":\"ImageObject\",\"inLanguage\":\"pt-BR\",\"@id\":\"https:\/\/acarneiro.adv.br\/inventario\/#\/schema\/logo\/image\/\",\"url\":\"https:\/\/acarneiro.adv.br\/inventario\/wp-content\/uploads\/2018\/08\/acarneiro118pxl.png\",\"contentUrl\":\"https:\/\/acarneiro.adv.br\/inventario\/wp-content\/uploads\/2018\/08\/acarneiro118pxl.png\",\"width\":300,\"height\":118,\"caption\":\"Carneiro - Advocacia e Consultoria\"},\"image\":{\"@id\":\"https:\/\/acarneiro.adv.br\/inventario\/#\/schema\/logo\/image\/\"},\"sameAs\":[\"https:\/\/www.facebook.com\/carneiroadvocaciacivil\",\"https:\/\/www.instagram.com\/carneiroadvsc\/\"]},{\"@type\":\"Person\",\"@id\":\"https:\/\/acarneiro.adv.br\/inventario\/#\/schema\/person\/7f557aef02ff27f1a7017c4293e77deb\",\"name\":\"admin\",\"image\":{\"@type\":\"ImageObject\",\"inLanguage\":\"pt-BR\",\"@id\":\"https:\/\/secure.gravatar.com\/avatar\/5e6cbd86765961e7e9f93140586f6004770a75d06ff80abb474645df42254fbc?s=96&d=mm&r=g\",\"url\":\"https:\/\/secure.gravatar.com\/avatar\/5e6cbd86765961e7e9f93140586f6004770a75d06ff80abb474645df42254fbc?s=96&d=mm&r=g\",\"contentUrl\":\"https:\/\/secure.gravatar.com\/avatar\/5e6cbd86765961e7e9f93140586f6004770a75d06ff80abb474645df42254fbc?s=96&d=mm&r=g\",\"caption\":\"admin\"}}]}<\/script>\n<!-- \/ Yoast SEO Premium plugin. -->","yoast_head_json":{"title":"O que \u00e9 crime? - Carneiro Advocacia - Inventario","description":"O crime pode ser conceituado de acordo com o aspecto formal, material ou anal\u00edtico. O crime \u00e9 s\u00f3 aquilo que a Lei diz que \u00e9 crime?","robots":{"index":"index","follow":"follow","max-snippet":"max-snippet:-1","max-image-preview":"max-image-preview:large","max-video-preview":"max-video-preview:-1"},"canonical":"https:\/\/acarneiro.adv.br\/inventario\/o-que-e-crime\/","og_locale":"pt_BR","og_type":"article","og_title":"O que \u00e9 crime?","og_description":"O crime pode ser conceituado de acordo com o aspecto formal, material ou anal\u00edtico. O crime \u00e9 s\u00f3 aquilo que a Lei diz que \u00e9 crime?","og_url":"https:\/\/acarneiro.adv.br\/inventario\/o-que-e-crime\/","og_site_name":"Carneiro Advocacia - Inventario","article_publisher":"https:\/\/www.facebook.com\/carneiroadvocaciacivil","article_published_time":"2018-09-04T16:17:56+00:00","article_modified_time":"2018-09-06T20:40:31+00:00","og_image":[{"width":500,"height":333,"url":"https:\/\/acarneiro.adv.br\/inventario\/wp-content\/uploads\/2018\/09\/arma-e1538565878682.jpg","type":"image\/jpeg"}],"author":"admin","twitter_card":"summary_large_image","twitter_misc":{"Escrito por":"admin","Est. tempo de leitura":"1 minuto"},"schema":{"@context":"https:\/\/schema.org","@graph":[{"@type":"Article","@id":"https:\/\/acarneiro.adv.br\/inventario\/o-que-e-crime\/#article","isPartOf":{"@id":"https:\/\/acarneiro.adv.br\/inventario\/o-que-e-crime\/"},"author":{"name":"admin","@id":"https:\/\/acarneiro.adv.br\/inventario\/#\/schema\/person\/7f557aef02ff27f1a7017c4293e77deb"},"headline":"O que \u00e9 crime?","datePublished":"2018-09-04T16:17:56+00:00","dateModified":"2018-09-06T20:40:31+00:00","mainEntityOfPage":{"@id":"https:\/\/acarneiro.adv.br\/inventario\/o-que-e-crime\/"},"wordCount":244,"commentCount":0,"publisher":{"@id":"https:\/\/acarneiro.adv.br\/inventario\/#organization"},"image":{"@id":"https:\/\/acarneiro.adv.br\/inventario\/o-que-e-crime\/#primaryimage"},"thumbnailUrl":"https:\/\/acarneiro.adv.br\/inventario\/wp-content\/uploads\/2018\/09\/arma-e1538565878682.jpg","articleSection":["Direito Penal"],"inLanguage":"pt-BR","potentialAction":[{"@type":"CommentAction","name":"Comment","target":["https:\/\/acarneiro.adv.br\/inventario\/o-que-e-crime\/#respond"]}]},{"@type":"WebPage","@id":"https:\/\/acarneiro.adv.br\/inventario\/o-que-e-crime\/","url":"https:\/\/acarneiro.adv.br\/inventario\/o-que-e-crime\/","name":"O que \u00e9 crime? - Carneiro Advocacia - Inventario","isPartOf":{"@id":"https:\/\/acarneiro.adv.br\/inventario\/#website"},"primaryImageOfPage":{"@id":"https:\/\/acarneiro.adv.br\/inventario\/o-que-e-crime\/#primaryimage"},"image":{"@id":"https:\/\/acarneiro.adv.br\/inventario\/o-que-e-crime\/#primaryimage"},"thumbnailUrl":"https:\/\/acarneiro.adv.br\/inventario\/wp-content\/uploads\/2018\/09\/arma-e1538565878682.jpg","datePublished":"2018-09-04T16:17:56+00:00","dateModified":"2018-09-06T20:40:31+00:00","description":"O crime pode ser conceituado de acordo com o aspecto formal, material ou anal\u00edtico. O crime \u00e9 s\u00f3 aquilo que a Lei diz que \u00e9 crime?","breadcrumb":{"@id":"https:\/\/acarneiro.adv.br\/inventario\/o-que-e-crime\/#breadcrumb"},"inLanguage":"pt-BR","potentialAction":[{"@type":"ReadAction","target":["https:\/\/acarneiro.adv.br\/inventario\/o-que-e-crime\/"]}]},{"@type":"ImageObject","inLanguage":"pt-BR","@id":"https:\/\/acarneiro.adv.br\/inventario\/o-que-e-crime\/#primaryimage","url":"https:\/\/acarneiro.adv.br\/inventario\/wp-content\/uploads\/2018\/09\/arma-e1538565878682.jpg","contentUrl":"https:\/\/acarneiro.adv.br\/inventario\/wp-content\/uploads\/2018\/09\/arma-e1538565878682.jpg","width":500,"height":333},{"@type":"BreadcrumbList","@id":"https:\/\/acarneiro.adv.br\/inventario\/o-que-e-crime\/#breadcrumb","itemListElement":[{"@type":"ListItem","position":1,"name":"In\u00edcio","item":"https:\/\/acarneiro.adv.br\/inventario\/"},{"@type":"ListItem","position":2,"name":"O que \u00e9 crime?"}]},{"@type":"WebSite","@id":"https:\/\/acarneiro.adv.br\/inventario\/#website","url":"https:\/\/acarneiro.adv.br\/inventario\/","name":"Carneiro Advocacia","description":"Advocacia e Consultoria","publisher":{"@id":"https:\/\/acarneiro.adv.br\/inventario\/#organization"},"potentialAction":[{"@type":"SearchAction","target":{"@type":"EntryPoint","urlTemplate":"https:\/\/acarneiro.adv.br\/inventario\/?s={search_term_string}"},"query-input":{"@type":"PropertyValueSpecification","valueRequired":true,"valueName":"search_term_string"}}],"inLanguage":"pt-BR"},{"@type":"Organization","@id":"https:\/\/acarneiro.adv.br\/inventario\/#organization","name":"Carneiro - Advocacia e Consultoria","url":"https:\/\/acarneiro.adv.br\/inventario\/","logo":{"@type":"ImageObject","inLanguage":"pt-BR","@id":"https:\/\/acarneiro.adv.br\/inventario\/#\/schema\/logo\/image\/","url":"https:\/\/acarneiro.adv.br\/inventario\/wp-content\/uploads\/2018\/08\/acarneiro118pxl.png","contentUrl":"https:\/\/acarneiro.adv.br\/inventario\/wp-content\/uploads\/2018\/08\/acarneiro118pxl.png","width":300,"height":118,"caption":"Carneiro - Advocacia e Consultoria"},"image":{"@id":"https:\/\/acarneiro.adv.br\/inventario\/#\/schema\/logo\/image\/"},"sameAs":["https:\/\/www.facebook.com\/carneiroadvocaciacivil","https:\/\/www.instagram.com\/carneiroadvsc\/"]},{"@type":"Person","@id":"https:\/\/acarneiro.adv.br\/inventario\/#\/schema\/person\/7f557aef02ff27f1a7017c4293e77deb","name":"admin","image":{"@type":"ImageObject","inLanguage":"pt-BR","@id":"https:\/\/secure.gravatar.com\/avatar\/5e6cbd86765961e7e9f93140586f6004770a75d06ff80abb474645df42254fbc?s=96&d=mm&r=g","url":"https:\/\/secure.gravatar.com\/avatar\/5e6cbd86765961e7e9f93140586f6004770a75d06ff80abb474645df42254fbc?s=96&d=mm&r=g","contentUrl":"https:\/\/secure.gravatar.com\/avatar\/5e6cbd86765961e7e9f93140586f6004770a75d06ff80abb474645df42254fbc?s=96&d=mm&r=g","caption":"admin"}}]}},"_links":{"self":[{"href":"https:\/\/acarneiro.adv.br\/inventario\/wp-json\/wp\/v2\/posts\/2869","targetHints":{"allow":["GET"]}}],"collection":[{"href":"https:\/\/acarneiro.adv.br\/inventario\/wp-json\/wp\/v2\/posts"}],"about":[{"href":"https:\/\/acarneiro.adv.br\/inventario\/wp-json\/wp\/v2\/types\/post"}],"author":[{"embeddable":true,"href":"https:\/\/acarneiro.adv.br\/inventario\/wp-json\/wp\/v2\/users\/1"}],"replies":[{"embeddable":true,"href":"https:\/\/acarneiro.adv.br\/inventario\/wp-json\/wp\/v2\/comments?post=2869"}],"version-history":[{"count":1,"href":"https:\/\/acarneiro.adv.br\/inventario\/wp-json\/wp\/v2\/posts\/2869\/revisions"}],"predecessor-version":[{"id":2871,"href":"https:\/\/acarneiro.adv.br\/inventario\/wp-json\/wp\/v2\/posts\/2869\/revisions\/2871"}],"wp:featuredmedia":[{"embeddable":true,"href":"https:\/\/acarneiro.adv.br\/inventario\/wp-json\/wp\/v2\/media\/2870"}],"wp:attachment":[{"href":"https:\/\/acarneiro.adv.br\/inventario\/wp-json\/wp\/v2\/media?parent=2869"}],"wp:term":[{"taxonomy":"category","embeddable":true,"href":"https:\/\/acarneiro.adv.br\/inventario\/wp-json\/wp\/v2\/categories?post=2869"},{"taxonomy":"post_tag","embeddable":true,"href":"https:\/\/acarneiro.adv.br\/inventario\/wp-json\/wp\/v2\/tags?post=2869"}],"curies":[{"name":"wp","href":"https:\/\/api.w.org\/{rel}","templated":true}]}}