{"id":2912,"date":"2018-09-06T16:22:09","date_gmt":"2018-09-06T16:22:09","guid":{"rendered":"https:\/\/acarneiro.adv.br\/inventario\/?p=2912"},"modified":"2018-09-07T01:51:33","modified_gmt":"2018-09-07T01:51:33","slug":"pode-haver-parentes-concorrendo-na-mesma-eleicao","status":"publish","type":"post","link":"https:\/\/acarneiro.adv.br\/inventario\/pode-haver-parentes-concorrendo-na-mesma-eleicao\/","title":{"rendered":"Pode haver parentes concorrendo na mesma elei\u00e7\u00e3o?"},"content":{"rendered":"<p>Conforme o art. 14, \u00a77\u00ba, todos os parentes at\u00e9 o segundo grau n\u00e3o podem concorrer a nenhum cargo sob o territorio em que o eleito do Executivo tem jurisdi\u00e7\u00e3o.<\/p>\n<p>Vou dar um exemplo para facilitar o entendimento.<\/p>\n<p>Maria \u00e9 governadora do Estado de Santa Catarina.\u00a0Seu filho quer se candidatar \u00e0 prefeitura.<\/p>\n<p><strong>Ser\u00e1 que ele pode?<\/strong><\/p>\n<p><strong>N\u00e3o!<\/strong><\/p>\n<p><strong>Em decorr\u00eancia de uma\u00a0inelegibilidade chamada de inelegibilidade reflexa! <\/strong><\/p>\n<p><strong>Essa regra vale apenas para o Presidente, Governador e Prefeito, ou seja, para aqueles com cargo no poder Executivo. E a regra se reflete para os parentes em rela\u00e7\u00e3o a todos os cargos dos Poderes Executivo e legislativo em que o parente tenha\u00a0Jurisdi\u00e7\u00e3o.<\/strong><\/p>\n<p>Ou seja, se eu sou o Governador de um Estado, n\u00e3o poderei ter parente at\u00e9 segundo grau como Senador deste Estado, Deputado Federal deste Estado, Deputado Estadual, Vereador de qualquer cidade deste Estado.<\/p>\n<p>Importante frisar que se havia alguma\u00a0<strong>inelegibilidade reflexa<\/strong>\u00a0e houve div\u00f3rcio de c\u00f4njuges no decorrer do mandato, este div\u00f3rcio n\u00e3o afasta a inelegibilidade reflexa, alcan\u00e7ando tamb\u00e9m as uni\u00f5es est\u00e1veis e homoafetivas.<\/p>\n<p>Ou seja, por exemplo o Governador de um Estado tem um c\u00f4njuge, mas em dois anos de mandato os dois se separam. A inelegibilidade reflexa permanecer\u00e1.<\/p>\n<p>E como afastar inelegibilidade reflexa?<\/p>\n<p>Se houver a ren\u00fancia do chefe do Poder Executivo, a imunidade reflexa \u00e9 afastada. Mas importante que \u00a0esta ren\u00fancia seja feita at\u00e9 6 meses antes da elei\u00e7\u00e3o e ainda que seja poss\u00edvel a reelei\u00e7\u00e3o deste Chefe. Ou seja, se o candidato estiver em seu \u00faltimo mandato, n\u00e3o adianta ele se afastar do cargo para que os seus parentes possam se eleger, a inelegibilidade reflexa neste caso ainda valer\u00e1.<\/p>\n<p>&nbsp;<\/p>\n","protected":false},"excerpt":{"rendered":"<p>Conforme o art. 14, \u00a77\u00ba, todos os parentes at\u00e9 o segundo grau n\u00e3o podem concorrer a nenhum cargo sob o territorio em que o eleito do<span class=\"excerpt-hellip\"> [\u2026]<\/span><\/p>\n","protected":false},"author":1,"featured_media":3003,"comment_status":"open","ping_status":"open","sticky":false,"template":"","format":"standard","meta":{"footnotes":""},"categories":[45,44,1],"tags":[],"class_list":["post-2912","post","type-post","status-publish","format-standard","has-post-thumbnail","hentry","category-constitucional","category-eleitoral","category-outras"],"yoast_head":"<!-- This site is optimized with the Yoast SEO Premium plugin v23.2 (Yoast SEO v27.2) - https:\/\/yoast.com\/product\/yoast-seo-premium-wordpress\/ -->\n<title>Pode haver parentes concorrendo na mesma elei\u00e7\u00e3o? - Carneiro Advocacia - Inventario<\/title>\n<meta name=\"description\" content=\"Conforme o art. 14, \u00a77\u00ba, todos os parentes at\u00e9 o segundo grau n\u00e3o podem concorrer a nenhum cargo sob o territorio que o eleito do Executivo tem jurisdi\u00e7\u00e3o.\" \/>\n<meta name=\"robots\" content=\"index, follow, max-snippet:-1, max-image-preview:large, max-video-preview:-1\" \/>\n<link rel=\"canonical\" href=\"https:\/\/acarneiro.adv.br\/inventario\/pode-haver-parentes-concorrendo-na-mesma-eleicao\/\" \/>\n<meta property=\"og:locale\" content=\"pt_BR\" \/>\n<meta property=\"og:type\" content=\"article\" \/>\n<meta property=\"og:title\" content=\"Pode haver parentes concorrendo na mesma elei\u00e7\u00e3o?\" \/>\n<meta property=\"og:description\" content=\"Conforme o art. 14, \u00a77\u00ba, todos os parentes at\u00e9 o segundo grau n\u00e3o podem concorrer a nenhum cargo sob o territorio que o eleito do Executivo tem jurisdi\u00e7\u00e3o.\" \/>\n<meta property=\"og:url\" content=\"https:\/\/acarneiro.adv.br\/inventario\/pode-haver-parentes-concorrendo-na-mesma-eleicao\/\" \/>\n<meta property=\"og:site_name\" content=\"Carneiro Advocacia - Inventario\" \/>\n<meta property=\"article:publisher\" content=\"https:\/\/www.facebook.com\/carneiroadvocaciacivil\" \/>\n<meta property=\"article:published_time\" content=\"2018-09-06T16:22:09+00:00\" \/>\n<meta property=\"article:modified_time\" content=\"2018-09-07T01:51:33+00:00\" \/>\n<meta property=\"og:image\" content=\"https:\/\/acarneiro.adv.br\/inventario\/wp-content\/uploads\/2018\/09\/congresso-e1538564803169.jpg\" \/>\n\t<meta property=\"og:image:width\" content=\"500\" \/>\n\t<meta property=\"og:image:height\" content=\"333\" \/>\n\t<meta property=\"og:image:type\" content=\"image\/jpeg\" \/>\n<meta name=\"author\" content=\"admin\" \/>\n<meta name=\"twitter:card\" content=\"summary_large_image\" \/>\n<meta name=\"twitter:label1\" content=\"Escrito por\" \/>\n\t<meta name=\"twitter:data1\" content=\"admin\" \/>\n\t<meta name=\"twitter:label2\" content=\"Est. tempo de leitura\" \/>\n\t<meta name=\"twitter:data2\" content=\"1 minuto\" \/>\n<script type=\"application\/ld+json\" class=\"yoast-schema-graph\">{\"@context\":\"https:\/\/schema.org\",\"@graph\":[{\"@type\":\"Article\",\"@id\":\"https:\/\/acarneiro.adv.br\/inventario\/pode-haver-parentes-concorrendo-na-mesma-eleicao\/#article\",\"isPartOf\":{\"@id\":\"https:\/\/acarneiro.adv.br\/inventario\/pode-haver-parentes-concorrendo-na-mesma-eleicao\/\"},\"author\":{\"name\":\"admin\",\"@id\":\"https:\/\/acarneiro.adv.br\/inventario\/#\/schema\/person\/7f557aef02ff27f1a7017c4293e77deb\"},\"headline\":\"Pode haver parentes concorrendo na mesma elei\u00e7\u00e3o?\",\"datePublished\":\"2018-09-06T16:22:09+00:00\",\"dateModified\":\"2018-09-07T01:51:33+00:00\",\"mainEntityOfPage\":{\"@id\":\"https:\/\/acarneiro.adv.br\/inventario\/pode-haver-parentes-concorrendo-na-mesma-eleicao\/\"},\"wordCount\":298,\"commentCount\":0,\"publisher\":{\"@id\":\"https:\/\/acarneiro.adv.br\/inventario\/#organization\"},\"image\":{\"@id\":\"https:\/\/acarneiro.adv.br\/inventario\/pode-haver-parentes-concorrendo-na-mesma-eleicao\/#primaryimage\"},\"thumbnailUrl\":\"https:\/\/acarneiro.adv.br\/inventario\/wp-content\/uploads\/2018\/09\/congresso-e1538564803169.jpg\",\"articleSection\":[\"Direito Constitucional\",\"Direito Eleitoral\",\"Outras \u00c1reas\"],\"inLanguage\":\"pt-BR\",\"potentialAction\":[{\"@type\":\"CommentAction\",\"name\":\"Comment\",\"target\":[\"https:\/\/acarneiro.adv.br\/inventario\/pode-haver-parentes-concorrendo-na-mesma-eleicao\/#respond\"]}]},{\"@type\":\"WebPage\",\"@id\":\"https:\/\/acarneiro.adv.br\/inventario\/pode-haver-parentes-concorrendo-na-mesma-eleicao\/\",\"url\":\"https:\/\/acarneiro.adv.br\/inventario\/pode-haver-parentes-concorrendo-na-mesma-eleicao\/\",\"name\":\"Pode haver parentes concorrendo na mesma elei\u00e7\u00e3o? - Carneiro Advocacia - Inventario\",\"isPartOf\":{\"@id\":\"https:\/\/acarneiro.adv.br\/inventario\/#website\"},\"primaryImageOfPage\":{\"@id\":\"https:\/\/acarneiro.adv.br\/inventario\/pode-haver-parentes-concorrendo-na-mesma-eleicao\/#primaryimage\"},\"image\":{\"@id\":\"https:\/\/acarneiro.adv.br\/inventario\/pode-haver-parentes-concorrendo-na-mesma-eleicao\/#primaryimage\"},\"thumbnailUrl\":\"https:\/\/acarneiro.adv.br\/inventario\/wp-content\/uploads\/2018\/09\/congresso-e1538564803169.jpg\",\"datePublished\":\"2018-09-06T16:22:09+00:00\",\"dateModified\":\"2018-09-07T01:51:33+00:00\",\"description\":\"Conforme o art. 14, \u00a77\u00ba, todos os parentes at\u00e9 o segundo grau n\u00e3o podem concorrer a nenhum cargo sob o territorio que o eleito do Executivo tem jurisdi\u00e7\u00e3o.\",\"breadcrumb\":{\"@id\":\"https:\/\/acarneiro.adv.br\/inventario\/pode-haver-parentes-concorrendo-na-mesma-eleicao\/#breadcrumb\"},\"inLanguage\":\"pt-BR\",\"potentialAction\":[{\"@type\":\"ReadAction\",\"target\":[\"https:\/\/acarneiro.adv.br\/inventario\/pode-haver-parentes-concorrendo-na-mesma-eleicao\/\"]}]},{\"@type\":\"ImageObject\",\"inLanguage\":\"pt-BR\",\"@id\":\"https:\/\/acarneiro.adv.br\/inventario\/pode-haver-parentes-concorrendo-na-mesma-eleicao\/#primaryimage\",\"url\":\"https:\/\/acarneiro.adv.br\/inventario\/wp-content\/uploads\/2018\/09\/congresso-e1538564803169.jpg\",\"contentUrl\":\"https:\/\/acarneiro.adv.br\/inventario\/wp-content\/uploads\/2018\/09\/congresso-e1538564803169.jpg\",\"width\":500,\"height\":333},{\"@type\":\"BreadcrumbList\",\"@id\":\"https:\/\/acarneiro.adv.br\/inventario\/pode-haver-parentes-concorrendo-na-mesma-eleicao\/#breadcrumb\",\"itemListElement\":[{\"@type\":\"ListItem\",\"position\":1,\"name\":\"In\u00edcio\",\"item\":\"https:\/\/acarneiro.adv.br\/inventario\/\"},{\"@type\":\"ListItem\",\"position\":2,\"name\":\"Pode haver parentes concorrendo na mesma elei\u00e7\u00e3o?\"}]},{\"@type\":\"WebSite\",\"@id\":\"https:\/\/acarneiro.adv.br\/inventario\/#website\",\"url\":\"https:\/\/acarneiro.adv.br\/inventario\/\",\"name\":\"Carneiro Advocacia\",\"description\":\"Advocacia e Consultoria\",\"publisher\":{\"@id\":\"https:\/\/acarneiro.adv.br\/inventario\/#organization\"},\"potentialAction\":[{\"@type\":\"SearchAction\",\"target\":{\"@type\":\"EntryPoint\",\"urlTemplate\":\"https:\/\/acarneiro.adv.br\/inventario\/?s={search_term_string}\"},\"query-input\":{\"@type\":\"PropertyValueSpecification\",\"valueRequired\":true,\"valueName\":\"search_term_string\"}}],\"inLanguage\":\"pt-BR\"},{\"@type\":\"Organization\",\"@id\":\"https:\/\/acarneiro.adv.br\/inventario\/#organization\",\"name\":\"Carneiro - Advocacia e Consultoria\",\"url\":\"https:\/\/acarneiro.adv.br\/inventario\/\",\"logo\":{\"@type\":\"ImageObject\",\"inLanguage\":\"pt-BR\",\"@id\":\"https:\/\/acarneiro.adv.br\/inventario\/#\/schema\/logo\/image\/\",\"url\":\"https:\/\/acarneiro.adv.br\/inventario\/wp-content\/uploads\/2018\/08\/acarneiro118pxl.png\",\"contentUrl\":\"https:\/\/acarneiro.adv.br\/inventario\/wp-content\/uploads\/2018\/08\/acarneiro118pxl.png\",\"width\":300,\"height\":118,\"caption\":\"Carneiro - Advocacia e Consultoria\"},\"image\":{\"@id\":\"https:\/\/acarneiro.adv.br\/inventario\/#\/schema\/logo\/image\/\"},\"sameAs\":[\"https:\/\/www.facebook.com\/carneiroadvocaciacivil\",\"https:\/\/www.instagram.com\/carneiroadvsc\/\"]},{\"@type\":\"Person\",\"@id\":\"https:\/\/acarneiro.adv.br\/inventario\/#\/schema\/person\/7f557aef02ff27f1a7017c4293e77deb\",\"name\":\"admin\",\"image\":{\"@type\":\"ImageObject\",\"inLanguage\":\"pt-BR\",\"@id\":\"https:\/\/secure.gravatar.com\/avatar\/5e6cbd86765961e7e9f93140586f6004770a75d06ff80abb474645df42254fbc?s=96&d=mm&r=g\",\"url\":\"https:\/\/secure.gravatar.com\/avatar\/5e6cbd86765961e7e9f93140586f6004770a75d06ff80abb474645df42254fbc?s=96&d=mm&r=g\",\"contentUrl\":\"https:\/\/secure.gravatar.com\/avatar\/5e6cbd86765961e7e9f93140586f6004770a75d06ff80abb474645df42254fbc?s=96&d=mm&r=g\",\"caption\":\"admin\"}}]}<\/script>\n<!-- \/ Yoast SEO Premium plugin. -->","yoast_head_json":{"title":"Pode haver parentes concorrendo na mesma elei\u00e7\u00e3o? - Carneiro Advocacia - Inventario","description":"Conforme o art. 14, \u00a77\u00ba, todos os parentes at\u00e9 o segundo grau n\u00e3o podem concorrer a nenhum cargo sob o territorio que o eleito do Executivo tem jurisdi\u00e7\u00e3o.","robots":{"index":"index","follow":"follow","max-snippet":"max-snippet:-1","max-image-preview":"max-image-preview:large","max-video-preview":"max-video-preview:-1"},"canonical":"https:\/\/acarneiro.adv.br\/inventario\/pode-haver-parentes-concorrendo-na-mesma-eleicao\/","og_locale":"pt_BR","og_type":"article","og_title":"Pode haver parentes concorrendo na mesma elei\u00e7\u00e3o?","og_description":"Conforme o art. 14, \u00a77\u00ba, todos os parentes at\u00e9 o segundo grau n\u00e3o podem concorrer a nenhum cargo sob o territorio que o eleito do Executivo tem jurisdi\u00e7\u00e3o.","og_url":"https:\/\/acarneiro.adv.br\/inventario\/pode-haver-parentes-concorrendo-na-mesma-eleicao\/","og_site_name":"Carneiro Advocacia - Inventario","article_publisher":"https:\/\/www.facebook.com\/carneiroadvocaciacivil","article_published_time":"2018-09-06T16:22:09+00:00","article_modified_time":"2018-09-07T01:51:33+00:00","og_image":[{"width":500,"height":333,"url":"https:\/\/acarneiro.adv.br\/inventario\/wp-content\/uploads\/2018\/09\/congresso-e1538564803169.jpg","type":"image\/jpeg"}],"author":"admin","twitter_card":"summary_large_image","twitter_misc":{"Escrito por":"admin","Est. tempo de leitura":"1 minuto"},"schema":{"@context":"https:\/\/schema.org","@graph":[{"@type":"Article","@id":"https:\/\/acarneiro.adv.br\/inventario\/pode-haver-parentes-concorrendo-na-mesma-eleicao\/#article","isPartOf":{"@id":"https:\/\/acarneiro.adv.br\/inventario\/pode-haver-parentes-concorrendo-na-mesma-eleicao\/"},"author":{"name":"admin","@id":"https:\/\/acarneiro.adv.br\/inventario\/#\/schema\/person\/7f557aef02ff27f1a7017c4293e77deb"},"headline":"Pode haver parentes concorrendo na mesma elei\u00e7\u00e3o?","datePublished":"2018-09-06T16:22:09+00:00","dateModified":"2018-09-07T01:51:33+00:00","mainEntityOfPage":{"@id":"https:\/\/acarneiro.adv.br\/inventario\/pode-haver-parentes-concorrendo-na-mesma-eleicao\/"},"wordCount":298,"commentCount":0,"publisher":{"@id":"https:\/\/acarneiro.adv.br\/inventario\/#organization"},"image":{"@id":"https:\/\/acarneiro.adv.br\/inventario\/pode-haver-parentes-concorrendo-na-mesma-eleicao\/#primaryimage"},"thumbnailUrl":"https:\/\/acarneiro.adv.br\/inventario\/wp-content\/uploads\/2018\/09\/congresso-e1538564803169.jpg","articleSection":["Direito Constitucional","Direito Eleitoral","Outras \u00c1reas"],"inLanguage":"pt-BR","potentialAction":[{"@type":"CommentAction","name":"Comment","target":["https:\/\/acarneiro.adv.br\/inventario\/pode-haver-parentes-concorrendo-na-mesma-eleicao\/#respond"]}]},{"@type":"WebPage","@id":"https:\/\/acarneiro.adv.br\/inventario\/pode-haver-parentes-concorrendo-na-mesma-eleicao\/","url":"https:\/\/acarneiro.adv.br\/inventario\/pode-haver-parentes-concorrendo-na-mesma-eleicao\/","name":"Pode haver parentes concorrendo na mesma elei\u00e7\u00e3o? - Carneiro Advocacia - Inventario","isPartOf":{"@id":"https:\/\/acarneiro.adv.br\/inventario\/#website"},"primaryImageOfPage":{"@id":"https:\/\/acarneiro.adv.br\/inventario\/pode-haver-parentes-concorrendo-na-mesma-eleicao\/#primaryimage"},"image":{"@id":"https:\/\/acarneiro.adv.br\/inventario\/pode-haver-parentes-concorrendo-na-mesma-eleicao\/#primaryimage"},"thumbnailUrl":"https:\/\/acarneiro.adv.br\/inventario\/wp-content\/uploads\/2018\/09\/congresso-e1538564803169.jpg","datePublished":"2018-09-06T16:22:09+00:00","dateModified":"2018-09-07T01:51:33+00:00","description":"Conforme o art. 14, \u00a77\u00ba, todos os parentes at\u00e9 o segundo grau n\u00e3o podem concorrer a nenhum cargo sob o territorio que o eleito do Executivo tem jurisdi\u00e7\u00e3o.","breadcrumb":{"@id":"https:\/\/acarneiro.adv.br\/inventario\/pode-haver-parentes-concorrendo-na-mesma-eleicao\/#breadcrumb"},"inLanguage":"pt-BR","potentialAction":[{"@type":"ReadAction","target":["https:\/\/acarneiro.adv.br\/inventario\/pode-haver-parentes-concorrendo-na-mesma-eleicao\/"]}]},{"@type":"ImageObject","inLanguage":"pt-BR","@id":"https:\/\/acarneiro.adv.br\/inventario\/pode-haver-parentes-concorrendo-na-mesma-eleicao\/#primaryimage","url":"https:\/\/acarneiro.adv.br\/inventario\/wp-content\/uploads\/2018\/09\/congresso-e1538564803169.jpg","contentUrl":"https:\/\/acarneiro.adv.br\/inventario\/wp-content\/uploads\/2018\/09\/congresso-e1538564803169.jpg","width":500,"height":333},{"@type":"BreadcrumbList","@id":"https:\/\/acarneiro.adv.br\/inventario\/pode-haver-parentes-concorrendo-na-mesma-eleicao\/#breadcrumb","itemListElement":[{"@type":"ListItem","position":1,"name":"In\u00edcio","item":"https:\/\/acarneiro.adv.br\/inventario\/"},{"@type":"ListItem","position":2,"name":"Pode haver parentes concorrendo na mesma elei\u00e7\u00e3o?"}]},{"@type":"WebSite","@id":"https:\/\/acarneiro.adv.br\/inventario\/#website","url":"https:\/\/acarneiro.adv.br\/inventario\/","name":"Carneiro Advocacia","description":"Advocacia e Consultoria","publisher":{"@id":"https:\/\/acarneiro.adv.br\/inventario\/#organization"},"potentialAction":[{"@type":"SearchAction","target":{"@type":"EntryPoint","urlTemplate":"https:\/\/acarneiro.adv.br\/inventario\/?s={search_term_string}"},"query-input":{"@type":"PropertyValueSpecification","valueRequired":true,"valueName":"search_term_string"}}],"inLanguage":"pt-BR"},{"@type":"Organization","@id":"https:\/\/acarneiro.adv.br\/inventario\/#organization","name":"Carneiro - Advocacia e Consultoria","url":"https:\/\/acarneiro.adv.br\/inventario\/","logo":{"@type":"ImageObject","inLanguage":"pt-BR","@id":"https:\/\/acarneiro.adv.br\/inventario\/#\/schema\/logo\/image\/","url":"https:\/\/acarneiro.adv.br\/inventario\/wp-content\/uploads\/2018\/08\/acarneiro118pxl.png","contentUrl":"https:\/\/acarneiro.adv.br\/inventario\/wp-content\/uploads\/2018\/08\/acarneiro118pxl.png","width":300,"height":118,"caption":"Carneiro - Advocacia e Consultoria"},"image":{"@id":"https:\/\/acarneiro.adv.br\/inventario\/#\/schema\/logo\/image\/"},"sameAs":["https:\/\/www.facebook.com\/carneiroadvocaciacivil","https:\/\/www.instagram.com\/carneiroadvsc\/"]},{"@type":"Person","@id":"https:\/\/acarneiro.adv.br\/inventario\/#\/schema\/person\/7f557aef02ff27f1a7017c4293e77deb","name":"admin","image":{"@type":"ImageObject","inLanguage":"pt-BR","@id":"https:\/\/secure.gravatar.com\/avatar\/5e6cbd86765961e7e9f93140586f6004770a75d06ff80abb474645df42254fbc?s=96&d=mm&r=g","url":"https:\/\/secure.gravatar.com\/avatar\/5e6cbd86765961e7e9f93140586f6004770a75d06ff80abb474645df42254fbc?s=96&d=mm&r=g","contentUrl":"https:\/\/secure.gravatar.com\/avatar\/5e6cbd86765961e7e9f93140586f6004770a75d06ff80abb474645df42254fbc?s=96&d=mm&r=g","caption":"admin"}}]}},"_links":{"self":[{"href":"https:\/\/acarneiro.adv.br\/inventario\/wp-json\/wp\/v2\/posts\/2912","targetHints":{"allow":["GET"]}}],"collection":[{"href":"https:\/\/acarneiro.adv.br\/inventario\/wp-json\/wp\/v2\/posts"}],"about":[{"href":"https:\/\/acarneiro.adv.br\/inventario\/wp-json\/wp\/v2\/types\/post"}],"author":[{"embeddable":true,"href":"https:\/\/acarneiro.adv.br\/inventario\/wp-json\/wp\/v2\/users\/1"}],"replies":[{"embeddable":true,"href":"https:\/\/acarneiro.adv.br\/inventario\/wp-json\/wp\/v2\/comments?post=2912"}],"version-history":[{"count":2,"href":"https:\/\/acarneiro.adv.br\/inventario\/wp-json\/wp\/v2\/posts\/2912\/revisions"}],"predecessor-version":[{"id":3005,"href":"https:\/\/acarneiro.adv.br\/inventario\/wp-json\/wp\/v2\/posts\/2912\/revisions\/3005"}],"wp:featuredmedia":[{"embeddable":true,"href":"https:\/\/acarneiro.adv.br\/inventario\/wp-json\/wp\/v2\/media\/3003"}],"wp:attachment":[{"href":"https:\/\/acarneiro.adv.br\/inventario\/wp-json\/wp\/v2\/media?parent=2912"}],"wp:term":[{"taxonomy":"category","embeddable":true,"href":"https:\/\/acarneiro.adv.br\/inventario\/wp-json\/wp\/v2\/categories?post=2912"},{"taxonomy":"post_tag","embeddable":true,"href":"https:\/\/acarneiro.adv.br\/inventario\/wp-json\/wp\/v2\/tags?post=2912"}],"curies":[{"name":"wp","href":"https:\/\/api.w.org\/{rel}","templated":true}]}}