{"id":3006,"date":"2018-09-07T02:25:21","date_gmt":"2018-09-07T02:25:21","guid":{"rendered":"https:\/\/acarneiro.adv.br\/inventario\/?p=3006"},"modified":"2018-09-07T02:28:14","modified_gmt":"2018-09-07T02:28:14","slug":"perda-dos-direitos-politicos","status":"publish","type":"post","link":"https:\/\/acarneiro.adv.br\/inventario\/perda-dos-direitos-politicos\/","title":{"rendered":"Perda dos Direitos Pol\u00edticos"},"content":{"rendered":"<p><b>De acordo com o\u00a0<\/b>Art. 15 da Constitui\u00e7\u00e3o Federal, \u00e9 <strong>proibida<\/strong> a cassa\u00e7\u00e3o dos direitos politicos. Ora, isso existe em decorr\u00eancia das ditaduras, em que isso acontecia. No Brasil pode ocorrer apenas a perda e suspens\u00e3o dos direitos pol\u00edticos.<\/p>\n<h3>Perda dos direitos pol\u00edticos<\/h3>\n<p>Para a Doutrina\u00a0majorit\u00e1ria, h\u00e1 duas situa\u00e7\u00f5es de perda dos direitos pol\u00edticos.<\/p>\n<ol>\n<li>Cancelamento da naturalizacao por sentenca judicial transitada em julgado. Isso ocorre quando se perde a nacionalidade e consequentemente os direitos pol\u00edticos;<\/li>\n<li>A chamada Dupla recusa, ou seja, a recusa de cumprir obriga\u00e7\u00e3o imposta e a presta\u00e7\u00e3o alternativa nos termos do art. 5, VIII. Ou seja, a escusa de consci\u00eancia, o indiv\u00edduo n\u00e3o quer realizar algo obrigat\u00f3rio definido em Lei por quest\u00f5es morais ou religiosas e ainda n\u00e3o quer realizar a presta\u00e7\u00e3o alternativa oferecida a ele em decorr\u00eancia de sua recusa de realizar o que o era obrigat\u00f3rio.<\/li>\n<\/ol>\n<h3>Suspens\u00e3o dos direitos pol\u00edticos<\/h3>\n<p>J\u00e1 a suspens\u00e3o dos direitos pol\u00edticos se d\u00e1 em tr\u00eas situa\u00e7\u00f5es.<\/p>\n<ol>\n<li>Incapacidade civil absoluta;<\/li>\n<li>Condena\u00e7\u00e3o transitada em julgado, ou seja, n\u00e3o basta que se tenha uma pris\u00e3o em flagrante ou pris\u00e3o preventiva para que haja a suspens\u00e3o dos direitos pol\u00edticos. Pelo princ\u00edpio da inoc\u00eancia, n\u00e3o pode se impor uma suspens\u00e3o ao indiv\u00edduo sem nem ao menos saber se \u00e9 culpado ou n\u00e3o. Para isto, ele deve ter um julgamento e ter uma senten\u00e7a transitada em julgado;<\/li>\n<li>Improbidade administrativa.<\/li>\n<\/ol>\n<p>&nbsp;<\/p>\n<p>Assim, fique atento para as diferen\u00e7as entre as possibilidades de voc\u00ea perder os seus direitos pol\u00edticos e voc\u00ea ter os seus direitos<\/p>\n","protected":false},"excerpt":{"rendered":"<p>De acordo com o\u00a0Art. 15 da Constitui\u00e7\u00e3o Federal, \u00e9 proibida a cassa\u00e7\u00e3o dos direitos politicos. Ora, isso existe em decorr\u00eancia das ditaduras, em que isso acontecia.<span class=\"excerpt-hellip\"> [\u2026]<\/span><\/p>\n","protected":false},"author":1,"featured_media":3010,"comment_status":"open","ping_status":"open","sticky":false,"template":"","format":"standard","meta":{"footnotes":""},"categories":[45,44],"tags":[],"class_list":["post-3006","post","type-post","status-publish","format-standard","has-post-thumbnail","hentry","category-constitucional","category-eleitoral"],"yoast_head":"<!-- This site is optimized with the Yoast SEO Premium plugin v23.2 (Yoast SEO v27.2) - https:\/\/yoast.com\/product\/yoast-seo-premium-wordpress\/ -->\n<title>Perda dos Direitos Pol\u00edticos - Quando h\u00e1 Perda e Suspen\u00e7\u00e3o - Carneiro Advocacia - Inventario<\/title>\n<meta name=\"description\" content=\"De acordo com o\u00a0Art. 15 da Constitui\u00e7\u00e3o Federal, \u00e9 proibida a cassa\u00e7\u00e3o dos direitos politicos. Ora, isso existe em decorr\u00eancia das ditaduras ...\" \/>\n<meta name=\"robots\" content=\"index, follow, max-snippet:-1, max-image-preview:large, max-video-preview:-1\" \/>\n<link rel=\"canonical\" href=\"https:\/\/acarneiro.adv.br\/inventario\/perda-dos-direitos-politicos\/\" \/>\n<meta property=\"og:locale\" content=\"pt_BR\" \/>\n<meta property=\"og:type\" content=\"article\" \/>\n<meta property=\"og:title\" content=\"Perda dos Direitos Pol\u00edticos\" \/>\n<meta property=\"og:description\" content=\"De acordo com o\u00a0Art. 15 da Constitui\u00e7\u00e3o Federal, \u00e9 proibida a cassa\u00e7\u00e3o dos direitos politicos. Ora, isso existe em decorr\u00eancia das ditaduras ...\" \/>\n<meta property=\"og:url\" content=\"https:\/\/acarneiro.adv.br\/inventario\/perda-dos-direitos-politicos\/\" \/>\n<meta property=\"og:site_name\" content=\"Carneiro Advocacia - Inventario\" \/>\n<meta property=\"article:publisher\" content=\"https:\/\/www.facebook.com\/carneiroadvocaciacivil\" \/>\n<meta property=\"article:published_time\" content=\"2018-09-07T02:25:21+00:00\" \/>\n<meta property=\"article:modified_time\" content=\"2018-09-07T02:28:14+00:00\" \/>\n<meta property=\"og:image\" content=\"https:\/\/acarneiro.adv.br\/inventario\/wp-content\/uploads\/2018\/09\/perda-direitos-politicos-e1538565434989.jpg\" \/>\n\t<meta property=\"og:image:width\" content=\"500\" \/>\n\t<meta property=\"og:image:height\" content=\"333\" \/>\n\t<meta property=\"og:image:type\" content=\"image\/jpeg\" \/>\n<meta name=\"author\" content=\"admin\" \/>\n<meta name=\"twitter:card\" content=\"summary_large_image\" \/>\n<meta name=\"twitter:label1\" content=\"Escrito por\" \/>\n\t<meta name=\"twitter:data1\" content=\"admin\" \/>\n\t<meta name=\"twitter:label2\" content=\"Est. tempo de leitura\" \/>\n\t<meta name=\"twitter:data2\" content=\"1 minuto\" \/>\n<script type=\"application\/ld+json\" class=\"yoast-schema-graph\">{\"@context\":\"https:\/\/schema.org\",\"@graph\":[{\"@type\":\"Article\",\"@id\":\"https:\/\/acarneiro.adv.br\/inventario\/perda-dos-direitos-politicos\/#article\",\"isPartOf\":{\"@id\":\"https:\/\/acarneiro.adv.br\/inventario\/perda-dos-direitos-politicos\/\"},\"author\":{\"name\":\"admin\",\"@id\":\"https:\/\/acarneiro.adv.br\/inventario\/#\/schema\/person\/7f557aef02ff27f1a7017c4293e77deb\"},\"headline\":\"Perda dos Direitos Pol\u00edticos\",\"datePublished\":\"2018-09-07T02:25:21+00:00\",\"dateModified\":\"2018-09-07T02:28:14+00:00\",\"mainEntityOfPage\":{\"@id\":\"https:\/\/acarneiro.adv.br\/inventario\/perda-dos-direitos-politicos\/\"},\"wordCount\":290,\"commentCount\":0,\"publisher\":{\"@id\":\"https:\/\/acarneiro.adv.br\/inventario\/#organization\"},\"image\":{\"@id\":\"https:\/\/acarneiro.adv.br\/inventario\/perda-dos-direitos-politicos\/#primaryimage\"},\"thumbnailUrl\":\"https:\/\/acarneiro.adv.br\/inventario\/wp-content\/uploads\/2018\/09\/perda-direitos-politicos-e1538565434989.jpg\",\"articleSection\":[\"Direito Constitucional\",\"Direito Eleitoral\"],\"inLanguage\":\"pt-BR\",\"potentialAction\":[{\"@type\":\"CommentAction\",\"name\":\"Comment\",\"target\":[\"https:\/\/acarneiro.adv.br\/inventario\/perda-dos-direitos-politicos\/#respond\"]}]},{\"@type\":\"WebPage\",\"@id\":\"https:\/\/acarneiro.adv.br\/inventario\/perda-dos-direitos-politicos\/\",\"url\":\"https:\/\/acarneiro.adv.br\/inventario\/perda-dos-direitos-politicos\/\",\"name\":\"Perda dos Direitos Pol\u00edticos - Quando h\u00e1 Perda e Suspen\u00e7\u00e3o - Carneiro Advocacia - Inventario\",\"isPartOf\":{\"@id\":\"https:\/\/acarneiro.adv.br\/inventario\/#website\"},\"primaryImageOfPage\":{\"@id\":\"https:\/\/acarneiro.adv.br\/inventario\/perda-dos-direitos-politicos\/#primaryimage\"},\"image\":{\"@id\":\"https:\/\/acarneiro.adv.br\/inventario\/perda-dos-direitos-politicos\/#primaryimage\"},\"thumbnailUrl\":\"https:\/\/acarneiro.adv.br\/inventario\/wp-content\/uploads\/2018\/09\/perda-direitos-politicos-e1538565434989.jpg\",\"datePublished\":\"2018-09-07T02:25:21+00:00\",\"dateModified\":\"2018-09-07T02:28:14+00:00\",\"description\":\"De acordo com o\u00a0Art. 15 da Constitui\u00e7\u00e3o Federal, \u00e9 proibida a cassa\u00e7\u00e3o dos direitos politicos. Ora, isso existe em decorr\u00eancia das ditaduras ...\",\"breadcrumb\":{\"@id\":\"https:\/\/acarneiro.adv.br\/inventario\/perda-dos-direitos-politicos\/#breadcrumb\"},\"inLanguage\":\"pt-BR\",\"potentialAction\":[{\"@type\":\"ReadAction\",\"target\":[\"https:\/\/acarneiro.adv.br\/inventario\/perda-dos-direitos-politicos\/\"]}]},{\"@type\":\"ImageObject\",\"inLanguage\":\"pt-BR\",\"@id\":\"https:\/\/acarneiro.adv.br\/inventario\/perda-dos-direitos-politicos\/#primaryimage\",\"url\":\"https:\/\/acarneiro.adv.br\/inventario\/wp-content\/uploads\/2018\/09\/perda-direitos-politicos-e1538565434989.jpg\",\"contentUrl\":\"https:\/\/acarneiro.adv.br\/inventario\/wp-content\/uploads\/2018\/09\/perda-direitos-politicos-e1538565434989.jpg\",\"width\":500,\"height\":333},{\"@type\":\"BreadcrumbList\",\"@id\":\"https:\/\/acarneiro.adv.br\/inventario\/perda-dos-direitos-politicos\/#breadcrumb\",\"itemListElement\":[{\"@type\":\"ListItem\",\"position\":1,\"name\":\"In\u00edcio\",\"item\":\"https:\/\/acarneiro.adv.br\/inventario\/\"},{\"@type\":\"ListItem\",\"position\":2,\"name\":\"Perda dos Direitos Pol\u00edticos\"}]},{\"@type\":\"WebSite\",\"@id\":\"https:\/\/acarneiro.adv.br\/inventario\/#website\",\"url\":\"https:\/\/acarneiro.adv.br\/inventario\/\",\"name\":\"Carneiro Advocacia\",\"description\":\"Advocacia e Consultoria\",\"publisher\":{\"@id\":\"https:\/\/acarneiro.adv.br\/inventario\/#organization\"},\"potentialAction\":[{\"@type\":\"SearchAction\",\"target\":{\"@type\":\"EntryPoint\",\"urlTemplate\":\"https:\/\/acarneiro.adv.br\/inventario\/?s={search_term_string}\"},\"query-input\":{\"@type\":\"PropertyValueSpecification\",\"valueRequired\":true,\"valueName\":\"search_term_string\"}}],\"inLanguage\":\"pt-BR\"},{\"@type\":\"Organization\",\"@id\":\"https:\/\/acarneiro.adv.br\/inventario\/#organization\",\"name\":\"Carneiro - Advocacia e Consultoria\",\"url\":\"https:\/\/acarneiro.adv.br\/inventario\/\",\"logo\":{\"@type\":\"ImageObject\",\"inLanguage\":\"pt-BR\",\"@id\":\"https:\/\/acarneiro.adv.br\/inventario\/#\/schema\/logo\/image\/\",\"url\":\"https:\/\/acarneiro.adv.br\/inventario\/wp-content\/uploads\/2018\/08\/acarneiro118pxl.png\",\"contentUrl\":\"https:\/\/acarneiro.adv.br\/inventario\/wp-content\/uploads\/2018\/08\/acarneiro118pxl.png\",\"width\":300,\"height\":118,\"caption\":\"Carneiro - Advocacia e Consultoria\"},\"image\":{\"@id\":\"https:\/\/acarneiro.adv.br\/inventario\/#\/schema\/logo\/image\/\"},\"sameAs\":[\"https:\/\/www.facebook.com\/carneiroadvocaciacivil\",\"https:\/\/www.instagram.com\/carneiroadvsc\/\"]},{\"@type\":\"Person\",\"@id\":\"https:\/\/acarneiro.adv.br\/inventario\/#\/schema\/person\/7f557aef02ff27f1a7017c4293e77deb\",\"name\":\"admin\",\"image\":{\"@type\":\"ImageObject\",\"inLanguage\":\"pt-BR\",\"@id\":\"https:\/\/secure.gravatar.com\/avatar\/5e6cbd86765961e7e9f93140586f6004770a75d06ff80abb474645df42254fbc?s=96&d=mm&r=g\",\"url\":\"https:\/\/secure.gravatar.com\/avatar\/5e6cbd86765961e7e9f93140586f6004770a75d06ff80abb474645df42254fbc?s=96&d=mm&r=g\",\"contentUrl\":\"https:\/\/secure.gravatar.com\/avatar\/5e6cbd86765961e7e9f93140586f6004770a75d06ff80abb474645df42254fbc?s=96&d=mm&r=g\",\"caption\":\"admin\"}}]}<\/script>\n<!-- \/ Yoast SEO Premium plugin. -->","yoast_head_json":{"title":"Perda dos Direitos Pol\u00edticos - Quando h\u00e1 Perda e Suspen\u00e7\u00e3o - Carneiro Advocacia - Inventario","description":"De acordo com o\u00a0Art. 15 da Constitui\u00e7\u00e3o Federal, \u00e9 proibida a cassa\u00e7\u00e3o dos direitos politicos. Ora, isso existe em decorr\u00eancia das ditaduras ...","robots":{"index":"index","follow":"follow","max-snippet":"max-snippet:-1","max-image-preview":"max-image-preview:large","max-video-preview":"max-video-preview:-1"},"canonical":"https:\/\/acarneiro.adv.br\/inventario\/perda-dos-direitos-politicos\/","og_locale":"pt_BR","og_type":"article","og_title":"Perda dos Direitos Pol\u00edticos","og_description":"De acordo com o\u00a0Art. 15 da Constitui\u00e7\u00e3o Federal, \u00e9 proibida a cassa\u00e7\u00e3o dos direitos politicos. Ora, isso existe em decorr\u00eancia das ditaduras ...","og_url":"https:\/\/acarneiro.adv.br\/inventario\/perda-dos-direitos-politicos\/","og_site_name":"Carneiro Advocacia - Inventario","article_publisher":"https:\/\/www.facebook.com\/carneiroadvocaciacivil","article_published_time":"2018-09-07T02:25:21+00:00","article_modified_time":"2018-09-07T02:28:14+00:00","og_image":[{"width":500,"height":333,"url":"https:\/\/acarneiro.adv.br\/inventario\/wp-content\/uploads\/2018\/09\/perda-direitos-politicos-e1538565434989.jpg","type":"image\/jpeg"}],"author":"admin","twitter_card":"summary_large_image","twitter_misc":{"Escrito por":"admin","Est. tempo de leitura":"1 minuto"},"schema":{"@context":"https:\/\/schema.org","@graph":[{"@type":"Article","@id":"https:\/\/acarneiro.adv.br\/inventario\/perda-dos-direitos-politicos\/#article","isPartOf":{"@id":"https:\/\/acarneiro.adv.br\/inventario\/perda-dos-direitos-politicos\/"},"author":{"name":"admin","@id":"https:\/\/acarneiro.adv.br\/inventario\/#\/schema\/person\/7f557aef02ff27f1a7017c4293e77deb"},"headline":"Perda dos Direitos Pol\u00edticos","datePublished":"2018-09-07T02:25:21+00:00","dateModified":"2018-09-07T02:28:14+00:00","mainEntityOfPage":{"@id":"https:\/\/acarneiro.adv.br\/inventario\/perda-dos-direitos-politicos\/"},"wordCount":290,"commentCount":0,"publisher":{"@id":"https:\/\/acarneiro.adv.br\/inventario\/#organization"},"image":{"@id":"https:\/\/acarneiro.adv.br\/inventario\/perda-dos-direitos-politicos\/#primaryimage"},"thumbnailUrl":"https:\/\/acarneiro.adv.br\/inventario\/wp-content\/uploads\/2018\/09\/perda-direitos-politicos-e1538565434989.jpg","articleSection":["Direito Constitucional","Direito Eleitoral"],"inLanguage":"pt-BR","potentialAction":[{"@type":"CommentAction","name":"Comment","target":["https:\/\/acarneiro.adv.br\/inventario\/perda-dos-direitos-politicos\/#respond"]}]},{"@type":"WebPage","@id":"https:\/\/acarneiro.adv.br\/inventario\/perda-dos-direitos-politicos\/","url":"https:\/\/acarneiro.adv.br\/inventario\/perda-dos-direitos-politicos\/","name":"Perda dos Direitos Pol\u00edticos - Quando h\u00e1 Perda e Suspen\u00e7\u00e3o - Carneiro Advocacia - Inventario","isPartOf":{"@id":"https:\/\/acarneiro.adv.br\/inventario\/#website"},"primaryImageOfPage":{"@id":"https:\/\/acarneiro.adv.br\/inventario\/perda-dos-direitos-politicos\/#primaryimage"},"image":{"@id":"https:\/\/acarneiro.adv.br\/inventario\/perda-dos-direitos-politicos\/#primaryimage"},"thumbnailUrl":"https:\/\/acarneiro.adv.br\/inventario\/wp-content\/uploads\/2018\/09\/perda-direitos-politicos-e1538565434989.jpg","datePublished":"2018-09-07T02:25:21+00:00","dateModified":"2018-09-07T02:28:14+00:00","description":"De acordo com o\u00a0Art. 15 da Constitui\u00e7\u00e3o Federal, \u00e9 proibida a cassa\u00e7\u00e3o dos direitos politicos. Ora, isso existe em decorr\u00eancia das ditaduras ...","breadcrumb":{"@id":"https:\/\/acarneiro.adv.br\/inventario\/perda-dos-direitos-politicos\/#breadcrumb"},"inLanguage":"pt-BR","potentialAction":[{"@type":"ReadAction","target":["https:\/\/acarneiro.adv.br\/inventario\/perda-dos-direitos-politicos\/"]}]},{"@type":"ImageObject","inLanguage":"pt-BR","@id":"https:\/\/acarneiro.adv.br\/inventario\/perda-dos-direitos-politicos\/#primaryimage","url":"https:\/\/acarneiro.adv.br\/inventario\/wp-content\/uploads\/2018\/09\/perda-direitos-politicos-e1538565434989.jpg","contentUrl":"https:\/\/acarneiro.adv.br\/inventario\/wp-content\/uploads\/2018\/09\/perda-direitos-politicos-e1538565434989.jpg","width":500,"height":333},{"@type":"BreadcrumbList","@id":"https:\/\/acarneiro.adv.br\/inventario\/perda-dos-direitos-politicos\/#breadcrumb","itemListElement":[{"@type":"ListItem","position":1,"name":"In\u00edcio","item":"https:\/\/acarneiro.adv.br\/inventario\/"},{"@type":"ListItem","position":2,"name":"Perda dos Direitos Pol\u00edticos"}]},{"@type":"WebSite","@id":"https:\/\/acarneiro.adv.br\/inventario\/#website","url":"https:\/\/acarneiro.adv.br\/inventario\/","name":"Carneiro Advocacia","description":"Advocacia e Consultoria","publisher":{"@id":"https:\/\/acarneiro.adv.br\/inventario\/#organization"},"potentialAction":[{"@type":"SearchAction","target":{"@type":"EntryPoint","urlTemplate":"https:\/\/acarneiro.adv.br\/inventario\/?s={search_term_string}"},"query-input":{"@type":"PropertyValueSpecification","valueRequired":true,"valueName":"search_term_string"}}],"inLanguage":"pt-BR"},{"@type":"Organization","@id":"https:\/\/acarneiro.adv.br\/inventario\/#organization","name":"Carneiro - Advocacia e Consultoria","url":"https:\/\/acarneiro.adv.br\/inventario\/","logo":{"@type":"ImageObject","inLanguage":"pt-BR","@id":"https:\/\/acarneiro.adv.br\/inventario\/#\/schema\/logo\/image\/","url":"https:\/\/acarneiro.adv.br\/inventario\/wp-content\/uploads\/2018\/08\/acarneiro118pxl.png","contentUrl":"https:\/\/acarneiro.adv.br\/inventario\/wp-content\/uploads\/2018\/08\/acarneiro118pxl.png","width":300,"height":118,"caption":"Carneiro - Advocacia e Consultoria"},"image":{"@id":"https:\/\/acarneiro.adv.br\/inventario\/#\/schema\/logo\/image\/"},"sameAs":["https:\/\/www.facebook.com\/carneiroadvocaciacivil","https:\/\/www.instagram.com\/carneiroadvsc\/"]},{"@type":"Person","@id":"https:\/\/acarneiro.adv.br\/inventario\/#\/schema\/person\/7f557aef02ff27f1a7017c4293e77deb","name":"admin","image":{"@type":"ImageObject","inLanguage":"pt-BR","@id":"https:\/\/secure.gravatar.com\/avatar\/5e6cbd86765961e7e9f93140586f6004770a75d06ff80abb474645df42254fbc?s=96&d=mm&r=g","url":"https:\/\/secure.gravatar.com\/avatar\/5e6cbd86765961e7e9f93140586f6004770a75d06ff80abb474645df42254fbc?s=96&d=mm&r=g","contentUrl":"https:\/\/secure.gravatar.com\/avatar\/5e6cbd86765961e7e9f93140586f6004770a75d06ff80abb474645df42254fbc?s=96&d=mm&r=g","caption":"admin"}}]}},"_links":{"self":[{"href":"https:\/\/acarneiro.adv.br\/inventario\/wp-json\/wp\/v2\/posts\/3006","targetHints":{"allow":["GET"]}}],"collection":[{"href":"https:\/\/acarneiro.adv.br\/inventario\/wp-json\/wp\/v2\/posts"}],"about":[{"href":"https:\/\/acarneiro.adv.br\/inventario\/wp-json\/wp\/v2\/types\/post"}],"author":[{"embeddable":true,"href":"https:\/\/acarneiro.adv.br\/inventario\/wp-json\/wp\/v2\/users\/1"}],"replies":[{"embeddable":true,"href":"https:\/\/acarneiro.adv.br\/inventario\/wp-json\/wp\/v2\/comments?post=3006"}],"version-history":[{"count":1,"href":"https:\/\/acarneiro.adv.br\/inventario\/wp-json\/wp\/v2\/posts\/3006\/revisions"}],"predecessor-version":[{"id":3007,"href":"https:\/\/acarneiro.adv.br\/inventario\/wp-json\/wp\/v2\/posts\/3006\/revisions\/3007"}],"wp:featuredmedia":[{"embeddable":true,"href":"https:\/\/acarneiro.adv.br\/inventario\/wp-json\/wp\/v2\/media\/3010"}],"wp:attachment":[{"href":"https:\/\/acarneiro.adv.br\/inventario\/wp-json\/wp\/v2\/media?parent=3006"}],"wp:term":[{"taxonomy":"category","embeddable":true,"href":"https:\/\/acarneiro.adv.br\/inventario\/wp-json\/wp\/v2\/categories?post=3006"},{"taxonomy":"post_tag","embeddable":true,"href":"https:\/\/acarneiro.adv.br\/inventario\/wp-json\/wp\/v2\/tags?post=3006"}],"curies":[{"name":"wp","href":"https:\/\/api.w.org\/{rel}","templated":true}]}}