{"id":3019,"date":"2018-09-12T19:35:27","date_gmt":"2018-09-12T19:35:27","guid":{"rendered":"https:\/\/acarneiro.adv.br\/inventario\/?p=3019"},"modified":"2018-10-03T11:05:55","modified_gmt":"2018-10-03T11:05:55","slug":"producao-musical-quando-cabe-imunidade-tributaria","status":"publish","type":"post","link":"https:\/\/acarneiro.adv.br\/inventario\/producao-musical-quando-cabe-imunidade-tributaria\/","title":{"rendered":"Produ\u00e7\u00e3o musical. Quando cabe imunidade Tribut\u00e1ria?"},"content":{"rendered":"<p>Com rela\u00e7\u00e3o \u00e0 produ\u00e7\u00e3o musical, a Constitui\u00e7\u00e3o Federal estabelece em seu art. 150, VI, e, que \u00e9 proibido instituir impostos sobre:<\/p>\n<p><strong class=\"label\">e)<\/strong> fonogramas e videofonogramas musicais <strong>produzidos no Brasil<\/strong> contendo obras <strong>musicais<\/strong> ou <strong>literomusicais<\/strong> de autores <strong>brasileiros<\/strong> e\/ou obras em geral interpretadas por artistas brasileiros bem como os suportes materiais ou arquivos digitais que os contenham, <strong>salvo na etapa de replica\u00e7\u00e3o industrial de m\u00eddias \u00f3pticas de leitura a laser<\/strong>. (Inclu\u00edda pela Emenda Constitucional n\u00ba 75, de 15.10.2013).<\/p>\n<p>Logo, para haver a imunidade:<\/p>\n<ol>\n<li>a obra DEVE ser produzida no Brasil;<\/li>\n<li>abrange <strong>letras ou melodias<\/strong> de <strong>autores brasileiros, contudo pode ser<\/strong> interpretada por artistas de qualquer nacionalidade;<\/li>\n<li>se o artista n\u00e3o for brasileiro, deve interpretar uma obra de artista brasileiro.<\/li>\n<li>n\u00e3o entra a etapa de replica\u00e7\u00e3o industrial das m\u00eddias, imunidade entra na produ\u00e7\u00e3o, p\u00f3s produ\u00e7\u00e3o, etc..<\/li>\n<\/ol>\n","protected":false},"excerpt":{"rendered":"<p>Com rela\u00e7\u00e3o \u00e0 produ\u00e7\u00e3o musical, a Constitui\u00e7\u00e3o Federal estabelece em seu art. 150, VI, e, que \u00e9 proibido instituir impostos sobre: e) fonogramas e videofonogramas musicais<span class=\"excerpt-hellip\"> [\u2026]<\/span><\/p>\n","protected":false},"author":1,"featured_media":3114,"comment_status":"open","ping_status":"open","sticky":false,"template":"","format":"standard","meta":{"footnotes":""},"categories":[1],"tags":[],"class_list":["post-3019","post","type-post","status-publish","format-standard","has-post-thumbnail","hentry","category-outras"],"yoast_head":"<!-- This site is optimized with the Yoast SEO Premium plugin v23.2 (Yoast SEO v27.2) - https:\/\/yoast.com\/product\/yoast-seo-premium-wordpress\/ -->\n<title>Produ\u00e7\u00e3o musical. Quando cabe imunidade Tribut\u00e1ria? - Carneiro Advocacia - Inventario<\/title>\n<meta name=\"description\" content=\"Com rela\u00e7\u00e3o \u00e0 produ\u00e7\u00e3o musical, a Constitui\u00e7\u00e3o Federal estabelece em seu art. 150, VI, e, que \u00e9 proibido instituir impostos sobre ...\" \/>\n<meta name=\"robots\" content=\"index, follow, max-snippet:-1, max-image-preview:large, max-video-preview:-1\" \/>\n<link rel=\"canonical\" href=\"https:\/\/acarneiro.adv.br\/inventario\/producao-musical-quando-cabe-imunidade-tributaria\/\" \/>\n<meta property=\"og:locale\" content=\"pt_BR\" \/>\n<meta property=\"og:type\" content=\"article\" \/>\n<meta property=\"og:title\" content=\"Produ\u00e7\u00e3o musical. Quando cabe imunidade Tribut\u00e1ria?\" \/>\n<meta property=\"og:description\" content=\"Com rela\u00e7\u00e3o \u00e0 produ\u00e7\u00e3o musical, a Constitui\u00e7\u00e3o Federal estabelece em seu art. 150, VI, e, que \u00e9 proibido instituir impostos sobre ...\" \/>\n<meta property=\"og:url\" content=\"https:\/\/acarneiro.adv.br\/inventario\/producao-musical-quando-cabe-imunidade-tributaria\/\" \/>\n<meta property=\"og:site_name\" content=\"Carneiro Advocacia - Inventario\" \/>\n<meta property=\"article:publisher\" content=\"https:\/\/www.facebook.com\/carneiroadvocaciacivil\" \/>\n<meta property=\"article:published_time\" content=\"2018-09-12T19:35:27+00:00\" \/>\n<meta property=\"article:modified_time\" content=\"2018-10-03T11:05:55+00:00\" \/>\n<meta property=\"og:image\" content=\"https:\/\/acarneiro.adv.br\/inventario\/wp-content\/uploads\/2018\/09\/musica-.jpg\" \/>\n\t<meta property=\"og:image:width\" content=\"499\" \/>\n\t<meta property=\"og:image:height\" content=\"333\" \/>\n\t<meta property=\"og:image:type\" content=\"image\/jpeg\" \/>\n<meta name=\"author\" content=\"admin\" \/>\n<meta name=\"twitter:card\" content=\"summary_large_image\" \/>\n<meta name=\"twitter:label1\" content=\"Escrito por\" \/>\n\t<meta name=\"twitter:data1\" content=\"admin\" \/>\n\t<meta name=\"twitter:label2\" content=\"Est. tempo de leitura\" \/>\n\t<meta name=\"twitter:data2\" content=\"1 minuto\" \/>\n<script type=\"application\/ld+json\" class=\"yoast-schema-graph\">{\"@context\":\"https:\/\/schema.org\",\"@graph\":[{\"@type\":\"Article\",\"@id\":\"https:\/\/acarneiro.adv.br\/inventario\/producao-musical-quando-cabe-imunidade-tributaria\/#article\",\"isPartOf\":{\"@id\":\"https:\/\/acarneiro.adv.br\/inventario\/producao-musical-quando-cabe-imunidade-tributaria\/\"},\"author\":{\"name\":\"admin\",\"@id\":\"https:\/\/acarneiro.adv.br\/inventario\/#\/schema\/person\/7f557aef02ff27f1a7017c4293e77deb\"},\"headline\":\"Produ\u00e7\u00e3o musical. Quando cabe imunidade Tribut\u00e1ria?\",\"datePublished\":\"2018-09-12T19:35:27+00:00\",\"dateModified\":\"2018-10-03T11:05:55+00:00\",\"mainEntityOfPage\":{\"@id\":\"https:\/\/acarneiro.adv.br\/inventario\/producao-musical-quando-cabe-imunidade-tributaria\/\"},\"wordCount\":151,\"commentCount\":0,\"publisher\":{\"@id\":\"https:\/\/acarneiro.adv.br\/inventario\/#organization\"},\"image\":{\"@id\":\"https:\/\/acarneiro.adv.br\/inventario\/producao-musical-quando-cabe-imunidade-tributaria\/#primaryimage\"},\"thumbnailUrl\":\"https:\/\/acarneiro.adv.br\/inventario\/wp-content\/uploads\/2018\/09\/musica-.jpg\",\"articleSection\":[\"Outras \u00c1reas\"],\"inLanguage\":\"pt-BR\",\"potentialAction\":[{\"@type\":\"CommentAction\",\"name\":\"Comment\",\"target\":[\"https:\/\/acarneiro.adv.br\/inventario\/producao-musical-quando-cabe-imunidade-tributaria\/#respond\"]}]},{\"@type\":\"WebPage\",\"@id\":\"https:\/\/acarneiro.adv.br\/inventario\/producao-musical-quando-cabe-imunidade-tributaria\/\",\"url\":\"https:\/\/acarneiro.adv.br\/inventario\/producao-musical-quando-cabe-imunidade-tributaria\/\",\"name\":\"Produ\u00e7\u00e3o musical. Quando cabe imunidade Tribut\u00e1ria? - Carneiro Advocacia - Inventario\",\"isPartOf\":{\"@id\":\"https:\/\/acarneiro.adv.br\/inventario\/#website\"},\"primaryImageOfPage\":{\"@id\":\"https:\/\/acarneiro.adv.br\/inventario\/producao-musical-quando-cabe-imunidade-tributaria\/#primaryimage\"},\"image\":{\"@id\":\"https:\/\/acarneiro.adv.br\/inventario\/producao-musical-quando-cabe-imunidade-tributaria\/#primaryimage\"},\"thumbnailUrl\":\"https:\/\/acarneiro.adv.br\/inventario\/wp-content\/uploads\/2018\/09\/musica-.jpg\",\"datePublished\":\"2018-09-12T19:35:27+00:00\",\"dateModified\":\"2018-10-03T11:05:55+00:00\",\"description\":\"Com rela\u00e7\u00e3o \u00e0 produ\u00e7\u00e3o musical, a Constitui\u00e7\u00e3o Federal estabelece em seu art. 150, VI, e, que \u00e9 proibido instituir impostos sobre ...\",\"breadcrumb\":{\"@id\":\"https:\/\/acarneiro.adv.br\/inventario\/producao-musical-quando-cabe-imunidade-tributaria\/#breadcrumb\"},\"inLanguage\":\"pt-BR\",\"potentialAction\":[{\"@type\":\"ReadAction\",\"target\":[\"https:\/\/acarneiro.adv.br\/inventario\/producao-musical-quando-cabe-imunidade-tributaria\/\"]}]},{\"@type\":\"ImageObject\",\"inLanguage\":\"pt-BR\",\"@id\":\"https:\/\/acarneiro.adv.br\/inventario\/producao-musical-quando-cabe-imunidade-tributaria\/#primaryimage\",\"url\":\"https:\/\/acarneiro.adv.br\/inventario\/wp-content\/uploads\/2018\/09\/musica-.jpg\",\"contentUrl\":\"https:\/\/acarneiro.adv.br\/inventario\/wp-content\/uploads\/2018\/09\/musica-.jpg\",\"width\":499,\"height\":333},{\"@type\":\"BreadcrumbList\",\"@id\":\"https:\/\/acarneiro.adv.br\/inventario\/producao-musical-quando-cabe-imunidade-tributaria\/#breadcrumb\",\"itemListElement\":[{\"@type\":\"ListItem\",\"position\":1,\"name\":\"In\u00edcio\",\"item\":\"https:\/\/acarneiro.adv.br\/inventario\/\"},{\"@type\":\"ListItem\",\"position\":2,\"name\":\"Produ\u00e7\u00e3o musical. Quando cabe imunidade Tribut\u00e1ria?\"}]},{\"@type\":\"WebSite\",\"@id\":\"https:\/\/acarneiro.adv.br\/inventario\/#website\",\"url\":\"https:\/\/acarneiro.adv.br\/inventario\/\",\"name\":\"Carneiro Advocacia\",\"description\":\"Advocacia e Consultoria\",\"publisher\":{\"@id\":\"https:\/\/acarneiro.adv.br\/inventario\/#organization\"},\"potentialAction\":[{\"@type\":\"SearchAction\",\"target\":{\"@type\":\"EntryPoint\",\"urlTemplate\":\"https:\/\/acarneiro.adv.br\/inventario\/?s={search_term_string}\"},\"query-input\":{\"@type\":\"PropertyValueSpecification\",\"valueRequired\":true,\"valueName\":\"search_term_string\"}}],\"inLanguage\":\"pt-BR\"},{\"@type\":\"Organization\",\"@id\":\"https:\/\/acarneiro.adv.br\/inventario\/#organization\",\"name\":\"Carneiro - Advocacia e Consultoria\",\"url\":\"https:\/\/acarneiro.adv.br\/inventario\/\",\"logo\":{\"@type\":\"ImageObject\",\"inLanguage\":\"pt-BR\",\"@id\":\"https:\/\/acarneiro.adv.br\/inventario\/#\/schema\/logo\/image\/\",\"url\":\"https:\/\/acarneiro.adv.br\/inventario\/wp-content\/uploads\/2018\/08\/acarneiro118pxl.png\",\"contentUrl\":\"https:\/\/acarneiro.adv.br\/inventario\/wp-content\/uploads\/2018\/08\/acarneiro118pxl.png\",\"width\":300,\"height\":118,\"caption\":\"Carneiro - Advocacia e Consultoria\"},\"image\":{\"@id\":\"https:\/\/acarneiro.adv.br\/inventario\/#\/schema\/logo\/image\/\"},\"sameAs\":[\"https:\/\/www.facebook.com\/carneiroadvocaciacivil\",\"https:\/\/www.instagram.com\/carneiroadvsc\/\"]},{\"@type\":\"Person\",\"@id\":\"https:\/\/acarneiro.adv.br\/inventario\/#\/schema\/person\/7f557aef02ff27f1a7017c4293e77deb\",\"name\":\"admin\",\"image\":{\"@type\":\"ImageObject\",\"inLanguage\":\"pt-BR\",\"@id\":\"https:\/\/secure.gravatar.com\/avatar\/5e6cbd86765961e7e9f93140586f6004770a75d06ff80abb474645df42254fbc?s=96&d=mm&r=g\",\"url\":\"https:\/\/secure.gravatar.com\/avatar\/5e6cbd86765961e7e9f93140586f6004770a75d06ff80abb474645df42254fbc?s=96&d=mm&r=g\",\"contentUrl\":\"https:\/\/secure.gravatar.com\/avatar\/5e6cbd86765961e7e9f93140586f6004770a75d06ff80abb474645df42254fbc?s=96&d=mm&r=g\",\"caption\":\"admin\"}}]}<\/script>\n<!-- \/ Yoast SEO Premium plugin. -->","yoast_head_json":{"title":"Produ\u00e7\u00e3o musical. Quando cabe imunidade Tribut\u00e1ria? - Carneiro Advocacia - Inventario","description":"Com rela\u00e7\u00e3o \u00e0 produ\u00e7\u00e3o musical, a Constitui\u00e7\u00e3o Federal estabelece em seu art. 150, VI, e, que \u00e9 proibido instituir impostos sobre ...","robots":{"index":"index","follow":"follow","max-snippet":"max-snippet:-1","max-image-preview":"max-image-preview:large","max-video-preview":"max-video-preview:-1"},"canonical":"https:\/\/acarneiro.adv.br\/inventario\/producao-musical-quando-cabe-imunidade-tributaria\/","og_locale":"pt_BR","og_type":"article","og_title":"Produ\u00e7\u00e3o musical. Quando cabe imunidade Tribut\u00e1ria?","og_description":"Com rela\u00e7\u00e3o \u00e0 produ\u00e7\u00e3o musical, a Constitui\u00e7\u00e3o Federal estabelece em seu art. 150, VI, e, que \u00e9 proibido instituir impostos sobre ...","og_url":"https:\/\/acarneiro.adv.br\/inventario\/producao-musical-quando-cabe-imunidade-tributaria\/","og_site_name":"Carneiro Advocacia - Inventario","article_publisher":"https:\/\/www.facebook.com\/carneiroadvocaciacivil","article_published_time":"2018-09-12T19:35:27+00:00","article_modified_time":"2018-10-03T11:05:55+00:00","og_image":[{"width":499,"height":333,"url":"https:\/\/acarneiro.adv.br\/inventario\/wp-content\/uploads\/2018\/09\/musica-.jpg","type":"image\/jpeg"}],"author":"admin","twitter_card":"summary_large_image","twitter_misc":{"Escrito por":"admin","Est. tempo de leitura":"1 minuto"},"schema":{"@context":"https:\/\/schema.org","@graph":[{"@type":"Article","@id":"https:\/\/acarneiro.adv.br\/inventario\/producao-musical-quando-cabe-imunidade-tributaria\/#article","isPartOf":{"@id":"https:\/\/acarneiro.adv.br\/inventario\/producao-musical-quando-cabe-imunidade-tributaria\/"},"author":{"name":"admin","@id":"https:\/\/acarneiro.adv.br\/inventario\/#\/schema\/person\/7f557aef02ff27f1a7017c4293e77deb"},"headline":"Produ\u00e7\u00e3o musical. Quando cabe imunidade Tribut\u00e1ria?","datePublished":"2018-09-12T19:35:27+00:00","dateModified":"2018-10-03T11:05:55+00:00","mainEntityOfPage":{"@id":"https:\/\/acarneiro.adv.br\/inventario\/producao-musical-quando-cabe-imunidade-tributaria\/"},"wordCount":151,"commentCount":0,"publisher":{"@id":"https:\/\/acarneiro.adv.br\/inventario\/#organization"},"image":{"@id":"https:\/\/acarneiro.adv.br\/inventario\/producao-musical-quando-cabe-imunidade-tributaria\/#primaryimage"},"thumbnailUrl":"https:\/\/acarneiro.adv.br\/inventario\/wp-content\/uploads\/2018\/09\/musica-.jpg","articleSection":["Outras \u00c1reas"],"inLanguage":"pt-BR","potentialAction":[{"@type":"CommentAction","name":"Comment","target":["https:\/\/acarneiro.adv.br\/inventario\/producao-musical-quando-cabe-imunidade-tributaria\/#respond"]}]},{"@type":"WebPage","@id":"https:\/\/acarneiro.adv.br\/inventario\/producao-musical-quando-cabe-imunidade-tributaria\/","url":"https:\/\/acarneiro.adv.br\/inventario\/producao-musical-quando-cabe-imunidade-tributaria\/","name":"Produ\u00e7\u00e3o musical. Quando cabe imunidade Tribut\u00e1ria? - Carneiro Advocacia - Inventario","isPartOf":{"@id":"https:\/\/acarneiro.adv.br\/inventario\/#website"},"primaryImageOfPage":{"@id":"https:\/\/acarneiro.adv.br\/inventario\/producao-musical-quando-cabe-imunidade-tributaria\/#primaryimage"},"image":{"@id":"https:\/\/acarneiro.adv.br\/inventario\/producao-musical-quando-cabe-imunidade-tributaria\/#primaryimage"},"thumbnailUrl":"https:\/\/acarneiro.adv.br\/inventario\/wp-content\/uploads\/2018\/09\/musica-.jpg","datePublished":"2018-09-12T19:35:27+00:00","dateModified":"2018-10-03T11:05:55+00:00","description":"Com rela\u00e7\u00e3o \u00e0 produ\u00e7\u00e3o musical, a Constitui\u00e7\u00e3o Federal estabelece em seu art. 150, VI, e, que \u00e9 proibido instituir impostos sobre ...","breadcrumb":{"@id":"https:\/\/acarneiro.adv.br\/inventario\/producao-musical-quando-cabe-imunidade-tributaria\/#breadcrumb"},"inLanguage":"pt-BR","potentialAction":[{"@type":"ReadAction","target":["https:\/\/acarneiro.adv.br\/inventario\/producao-musical-quando-cabe-imunidade-tributaria\/"]}]},{"@type":"ImageObject","inLanguage":"pt-BR","@id":"https:\/\/acarneiro.adv.br\/inventario\/producao-musical-quando-cabe-imunidade-tributaria\/#primaryimage","url":"https:\/\/acarneiro.adv.br\/inventario\/wp-content\/uploads\/2018\/09\/musica-.jpg","contentUrl":"https:\/\/acarneiro.adv.br\/inventario\/wp-content\/uploads\/2018\/09\/musica-.jpg","width":499,"height":333},{"@type":"BreadcrumbList","@id":"https:\/\/acarneiro.adv.br\/inventario\/producao-musical-quando-cabe-imunidade-tributaria\/#breadcrumb","itemListElement":[{"@type":"ListItem","position":1,"name":"In\u00edcio","item":"https:\/\/acarneiro.adv.br\/inventario\/"},{"@type":"ListItem","position":2,"name":"Produ\u00e7\u00e3o musical. Quando cabe imunidade Tribut\u00e1ria?"}]},{"@type":"WebSite","@id":"https:\/\/acarneiro.adv.br\/inventario\/#website","url":"https:\/\/acarneiro.adv.br\/inventario\/","name":"Carneiro Advocacia","description":"Advocacia e Consultoria","publisher":{"@id":"https:\/\/acarneiro.adv.br\/inventario\/#organization"},"potentialAction":[{"@type":"SearchAction","target":{"@type":"EntryPoint","urlTemplate":"https:\/\/acarneiro.adv.br\/inventario\/?s={search_term_string}"},"query-input":{"@type":"PropertyValueSpecification","valueRequired":true,"valueName":"search_term_string"}}],"inLanguage":"pt-BR"},{"@type":"Organization","@id":"https:\/\/acarneiro.adv.br\/inventario\/#organization","name":"Carneiro - Advocacia e Consultoria","url":"https:\/\/acarneiro.adv.br\/inventario\/","logo":{"@type":"ImageObject","inLanguage":"pt-BR","@id":"https:\/\/acarneiro.adv.br\/inventario\/#\/schema\/logo\/image\/","url":"https:\/\/acarneiro.adv.br\/inventario\/wp-content\/uploads\/2018\/08\/acarneiro118pxl.png","contentUrl":"https:\/\/acarneiro.adv.br\/inventario\/wp-content\/uploads\/2018\/08\/acarneiro118pxl.png","width":300,"height":118,"caption":"Carneiro - Advocacia e Consultoria"},"image":{"@id":"https:\/\/acarneiro.adv.br\/inventario\/#\/schema\/logo\/image\/"},"sameAs":["https:\/\/www.facebook.com\/carneiroadvocaciacivil","https:\/\/www.instagram.com\/carneiroadvsc\/"]},{"@type":"Person","@id":"https:\/\/acarneiro.adv.br\/inventario\/#\/schema\/person\/7f557aef02ff27f1a7017c4293e77deb","name":"admin","image":{"@type":"ImageObject","inLanguage":"pt-BR","@id":"https:\/\/secure.gravatar.com\/avatar\/5e6cbd86765961e7e9f93140586f6004770a75d06ff80abb474645df42254fbc?s=96&d=mm&r=g","url":"https:\/\/secure.gravatar.com\/avatar\/5e6cbd86765961e7e9f93140586f6004770a75d06ff80abb474645df42254fbc?s=96&d=mm&r=g","contentUrl":"https:\/\/secure.gravatar.com\/avatar\/5e6cbd86765961e7e9f93140586f6004770a75d06ff80abb474645df42254fbc?s=96&d=mm&r=g","caption":"admin"}}]}},"_links":{"self":[{"href":"https:\/\/acarneiro.adv.br\/inventario\/wp-json\/wp\/v2\/posts\/3019","targetHints":{"allow":["GET"]}}],"collection":[{"href":"https:\/\/acarneiro.adv.br\/inventario\/wp-json\/wp\/v2\/posts"}],"about":[{"href":"https:\/\/acarneiro.adv.br\/inventario\/wp-json\/wp\/v2\/types\/post"}],"author":[{"embeddable":true,"href":"https:\/\/acarneiro.adv.br\/inventario\/wp-json\/wp\/v2\/users\/1"}],"replies":[{"embeddable":true,"href":"https:\/\/acarneiro.adv.br\/inventario\/wp-json\/wp\/v2\/comments?post=3019"}],"version-history":[{"count":1,"href":"https:\/\/acarneiro.adv.br\/inventario\/wp-json\/wp\/v2\/posts\/3019\/revisions"}],"predecessor-version":[{"id":3021,"href":"https:\/\/acarneiro.adv.br\/inventario\/wp-json\/wp\/v2\/posts\/3019\/revisions\/3021"}],"wp:featuredmedia":[{"embeddable":true,"href":"https:\/\/acarneiro.adv.br\/inventario\/wp-json\/wp\/v2\/media\/3114"}],"wp:attachment":[{"href":"https:\/\/acarneiro.adv.br\/inventario\/wp-json\/wp\/v2\/media?parent=3019"}],"wp:term":[{"taxonomy":"category","embeddable":true,"href":"https:\/\/acarneiro.adv.br\/inventario\/wp-json\/wp\/v2\/categories?post=3019"},{"taxonomy":"post_tag","embeddable":true,"href":"https:\/\/acarneiro.adv.br\/inventario\/wp-json\/wp\/v2\/tags?post=3019"}],"curies":[{"name":"wp","href":"https:\/\/api.w.org\/{rel}","templated":true}]}}