{"id":3032,"date":"2018-10-03T10:55:04","date_gmt":"2018-10-03T10:55:04","guid":{"rendered":"https:\/\/acarneiro.adv.br\/inventario\/?p=3032"},"modified":"2018-10-03T10:55:04","modified_gmt":"2018-10-03T10:55:04","slug":"o-que-e-direito-objetivo-e-direito-subjetivo","status":"publish","type":"post","link":"https:\/\/acarneiro.adv.br\/inventario\/o-que-e-direito-objetivo-e-direito-subjetivo\/","title":{"rendered":"O que \u00e9 Direito Objetivo e Direito Subjetivo?"},"content":{"rendered":"<p>O Direito Objetivo trata das quest\u00f5es que regulam o comportamento humano atrav\u00e9s de normas, havendo uma san\u00e7\u00e3o em caso de viola\u00e7\u00e3o de dada norma, por exemplo, n\u00e3o matar, n\u00e3o roubar, n\u00e3o sonegar, recolher tributos.<\/p>\n<p>J\u00e1 o Direito Subjetivo trata das quest\u00f5es que s\u00e3o ofertadas \u00e0s pessoas, as oferecendo faculdades de realiz\u00e1-las ou n\u00e3o, como por exemplo, possibilidade de contrair matrim\u00f4nio, adotar filhos, vender seus bens. Em suma, agir conforme o Direito Objetivo.<\/p>\n<p>Contudo, o Direito Subjetivo somente existe em decorr\u00eancia do direito subjetivo, ou seja, a partir do que \u00e9 negado ou obrigado que se sabe o que pode ou n\u00e3o pode fazer.<\/p>\n","protected":false},"excerpt":{"rendered":"<p>O Direito Objetivo trata das quest\u00f5es que regulam o comportamento humano atrav\u00e9s de normas, havendo uma san\u00e7\u00e3o em caso de viola\u00e7\u00e3o de dada norma, por exemplo,<span class=\"excerpt-hellip\"> [\u2026]<\/span><\/p>\n","protected":false},"author":1,"featured_media":3112,"comment_status":"open","ping_status":"open","sticky":false,"template":"","format":"standard","meta":{"footnotes":""},"categories":[1],"tags":[],"class_list":["post-3032","post","type-post","status-publish","format-standard","has-post-thumbnail","hentry","category-outras"],"yoast_head":"<!-- This site is optimized with the Yoast SEO Premium plugin v23.2 (Yoast SEO v27.2) - https:\/\/yoast.com\/product\/yoast-seo-premium-wordpress\/ -->\n<title>O que \u00e9 Direito Objetivo e Direito Subjetivo? - Carneiro Advocacia - Inventario<\/title>\n<meta name=\"description\" content=\"O Direito Objetivo trata das quest\u00f5es que regulam o comportamento humano atrav\u00e9s de normas, havendo uma san\u00e7\u00e3o em caso de viola\u00e7\u00e3o de dada norma ...\" \/>\n<meta name=\"robots\" content=\"index, follow, max-snippet:-1, max-image-preview:large, max-video-preview:-1\" \/>\n<link rel=\"canonical\" href=\"https:\/\/acarneiro.adv.br\/inventario\/o-que-e-direito-objetivo-e-direito-subjetivo\/\" \/>\n<meta property=\"og:locale\" content=\"pt_BR\" \/>\n<meta property=\"og:type\" content=\"article\" \/>\n<meta property=\"og:title\" content=\"O que \u00e9 Direito Objetivo e Direito Subjetivo?\" \/>\n<meta property=\"og:description\" content=\"O Direito Objetivo trata das quest\u00f5es que regulam o comportamento humano atrav\u00e9s de normas, havendo uma san\u00e7\u00e3o em caso de viola\u00e7\u00e3o de dada norma ...\" \/>\n<meta property=\"og:url\" content=\"https:\/\/acarneiro.adv.br\/inventario\/o-que-e-direito-objetivo-e-direito-subjetivo\/\" \/>\n<meta property=\"og:site_name\" content=\"Carneiro Advocacia - Inventario\" \/>\n<meta property=\"article:publisher\" content=\"https:\/\/www.facebook.com\/carneiroadvocaciacivil\" \/>\n<meta property=\"article:published_time\" content=\"2018-10-03T10:55:04+00:00\" \/>\n<meta property=\"og:image\" content=\"https:\/\/acarneiro.adv.br\/inventario\/wp-content\/uploads\/2018\/10\/saida.jpg\" \/>\n\t<meta property=\"og:image:width\" content=\"498\" \/>\n\t<meta property=\"og:image:height\" content=\"262\" \/>\n\t<meta property=\"og:image:type\" content=\"image\/jpeg\" \/>\n<meta name=\"author\" content=\"admin\" \/>\n<meta name=\"twitter:card\" content=\"summary_large_image\" \/>\n<meta name=\"twitter:label1\" content=\"Escrito por\" \/>\n\t<meta name=\"twitter:data1\" content=\"admin\" \/>\n\t<meta name=\"twitter:label2\" content=\"Est. tempo de leitura\" \/>\n\t<meta name=\"twitter:data2\" content=\"1 minuto\" \/>\n<script type=\"application\/ld+json\" class=\"yoast-schema-graph\">{\"@context\":\"https:\/\/schema.org\",\"@graph\":[{\"@type\":\"Article\",\"@id\":\"https:\/\/acarneiro.adv.br\/inventario\/o-que-e-direito-objetivo-e-direito-subjetivo\/#article\",\"isPartOf\":{\"@id\":\"https:\/\/acarneiro.adv.br\/inventario\/o-que-e-direito-objetivo-e-direito-subjetivo\/\"},\"author\":{\"name\":\"admin\",\"@id\":\"https:\/\/acarneiro.adv.br\/inventario\/#\/schema\/person\/7f557aef02ff27f1a7017c4293e77deb\"},\"headline\":\"O que \u00e9 Direito Objetivo e Direito Subjetivo?\",\"datePublished\":\"2018-10-03T10:55:04+00:00\",\"mainEntityOfPage\":{\"@id\":\"https:\/\/acarneiro.adv.br\/inventario\/o-que-e-direito-objetivo-e-direito-subjetivo\/\"},\"wordCount\":123,\"commentCount\":0,\"publisher\":{\"@id\":\"https:\/\/acarneiro.adv.br\/inventario\/#organization\"},\"image\":{\"@id\":\"https:\/\/acarneiro.adv.br\/inventario\/o-que-e-direito-objetivo-e-direito-subjetivo\/#primaryimage\"},\"thumbnailUrl\":\"https:\/\/acarneiro.adv.br\/inventario\/wp-content\/uploads\/2018\/10\/saida.jpg\",\"articleSection\":[\"Outras \u00c1reas\"],\"inLanguage\":\"pt-BR\",\"potentialAction\":[{\"@type\":\"CommentAction\",\"name\":\"Comment\",\"target\":[\"https:\/\/acarneiro.adv.br\/inventario\/o-que-e-direito-objetivo-e-direito-subjetivo\/#respond\"]}]},{\"@type\":\"WebPage\",\"@id\":\"https:\/\/acarneiro.adv.br\/inventario\/o-que-e-direito-objetivo-e-direito-subjetivo\/\",\"url\":\"https:\/\/acarneiro.adv.br\/inventario\/o-que-e-direito-objetivo-e-direito-subjetivo\/\",\"name\":\"O que \u00e9 Direito Objetivo e Direito Subjetivo? - Carneiro Advocacia - Inventario\",\"isPartOf\":{\"@id\":\"https:\/\/acarneiro.adv.br\/inventario\/#website\"},\"primaryImageOfPage\":{\"@id\":\"https:\/\/acarneiro.adv.br\/inventario\/o-que-e-direito-objetivo-e-direito-subjetivo\/#primaryimage\"},\"image\":{\"@id\":\"https:\/\/acarneiro.adv.br\/inventario\/o-que-e-direito-objetivo-e-direito-subjetivo\/#primaryimage\"},\"thumbnailUrl\":\"https:\/\/acarneiro.adv.br\/inventario\/wp-content\/uploads\/2018\/10\/saida.jpg\",\"datePublished\":\"2018-10-03T10:55:04+00:00\",\"description\":\"O Direito Objetivo trata das quest\u00f5es que regulam o comportamento humano atrav\u00e9s de normas, havendo uma san\u00e7\u00e3o em caso de viola\u00e7\u00e3o de dada norma ...\",\"breadcrumb\":{\"@id\":\"https:\/\/acarneiro.adv.br\/inventario\/o-que-e-direito-objetivo-e-direito-subjetivo\/#breadcrumb\"},\"inLanguage\":\"pt-BR\",\"potentialAction\":[{\"@type\":\"ReadAction\",\"target\":[\"https:\/\/acarneiro.adv.br\/inventario\/o-que-e-direito-objetivo-e-direito-subjetivo\/\"]}]},{\"@type\":\"ImageObject\",\"inLanguage\":\"pt-BR\",\"@id\":\"https:\/\/acarneiro.adv.br\/inventario\/o-que-e-direito-objetivo-e-direito-subjetivo\/#primaryimage\",\"url\":\"https:\/\/acarneiro.adv.br\/inventario\/wp-content\/uploads\/2018\/10\/saida.jpg\",\"contentUrl\":\"https:\/\/acarneiro.adv.br\/inventario\/wp-content\/uploads\/2018\/10\/saida.jpg\",\"width\":498,\"height\":262},{\"@type\":\"BreadcrumbList\",\"@id\":\"https:\/\/acarneiro.adv.br\/inventario\/o-que-e-direito-objetivo-e-direito-subjetivo\/#breadcrumb\",\"itemListElement\":[{\"@type\":\"ListItem\",\"position\":1,\"name\":\"In\u00edcio\",\"item\":\"https:\/\/acarneiro.adv.br\/inventario\/\"},{\"@type\":\"ListItem\",\"position\":2,\"name\":\"O que \u00e9 Direito Objetivo e Direito Subjetivo?\"}]},{\"@type\":\"WebSite\",\"@id\":\"https:\/\/acarneiro.adv.br\/inventario\/#website\",\"url\":\"https:\/\/acarneiro.adv.br\/inventario\/\",\"name\":\"Carneiro Advocacia\",\"description\":\"Advocacia e Consultoria\",\"publisher\":{\"@id\":\"https:\/\/acarneiro.adv.br\/inventario\/#organization\"},\"potentialAction\":[{\"@type\":\"SearchAction\",\"target\":{\"@type\":\"EntryPoint\",\"urlTemplate\":\"https:\/\/acarneiro.adv.br\/inventario\/?s={search_term_string}\"},\"query-input\":{\"@type\":\"PropertyValueSpecification\",\"valueRequired\":true,\"valueName\":\"search_term_string\"}}],\"inLanguage\":\"pt-BR\"},{\"@type\":\"Organization\",\"@id\":\"https:\/\/acarneiro.adv.br\/inventario\/#organization\",\"name\":\"Carneiro - Advocacia e Consultoria\",\"url\":\"https:\/\/acarneiro.adv.br\/inventario\/\",\"logo\":{\"@type\":\"ImageObject\",\"inLanguage\":\"pt-BR\",\"@id\":\"https:\/\/acarneiro.adv.br\/inventario\/#\/schema\/logo\/image\/\",\"url\":\"https:\/\/acarneiro.adv.br\/inventario\/wp-content\/uploads\/2018\/08\/acarneiro118pxl.png\",\"contentUrl\":\"https:\/\/acarneiro.adv.br\/inventario\/wp-content\/uploads\/2018\/08\/acarneiro118pxl.png\",\"width\":300,\"height\":118,\"caption\":\"Carneiro - Advocacia e Consultoria\"},\"image\":{\"@id\":\"https:\/\/acarneiro.adv.br\/inventario\/#\/schema\/logo\/image\/\"},\"sameAs\":[\"https:\/\/www.facebook.com\/carneiroadvocaciacivil\",\"https:\/\/www.instagram.com\/carneiroadvsc\/\"]},{\"@type\":\"Person\",\"@id\":\"https:\/\/acarneiro.adv.br\/inventario\/#\/schema\/person\/7f557aef02ff27f1a7017c4293e77deb\",\"name\":\"admin\",\"image\":{\"@type\":\"ImageObject\",\"inLanguage\":\"pt-BR\",\"@id\":\"https:\/\/secure.gravatar.com\/avatar\/5e6cbd86765961e7e9f93140586f6004770a75d06ff80abb474645df42254fbc?s=96&d=mm&r=g\",\"url\":\"https:\/\/secure.gravatar.com\/avatar\/5e6cbd86765961e7e9f93140586f6004770a75d06ff80abb474645df42254fbc?s=96&d=mm&r=g\",\"contentUrl\":\"https:\/\/secure.gravatar.com\/avatar\/5e6cbd86765961e7e9f93140586f6004770a75d06ff80abb474645df42254fbc?s=96&d=mm&r=g\",\"caption\":\"admin\"}}]}<\/script>\n<!-- \/ Yoast SEO Premium plugin. -->","yoast_head_json":{"title":"O que \u00e9 Direito Objetivo e Direito Subjetivo? - Carneiro Advocacia - Inventario","description":"O Direito Objetivo trata das quest\u00f5es que regulam o comportamento humano atrav\u00e9s de normas, havendo uma san\u00e7\u00e3o em caso de viola\u00e7\u00e3o de dada norma ...","robots":{"index":"index","follow":"follow","max-snippet":"max-snippet:-1","max-image-preview":"max-image-preview:large","max-video-preview":"max-video-preview:-1"},"canonical":"https:\/\/acarneiro.adv.br\/inventario\/o-que-e-direito-objetivo-e-direito-subjetivo\/","og_locale":"pt_BR","og_type":"article","og_title":"O que \u00e9 Direito Objetivo e Direito Subjetivo?","og_description":"O Direito Objetivo trata das quest\u00f5es que regulam o comportamento humano atrav\u00e9s de normas, havendo uma san\u00e7\u00e3o em caso de viola\u00e7\u00e3o de dada norma ...","og_url":"https:\/\/acarneiro.adv.br\/inventario\/o-que-e-direito-objetivo-e-direito-subjetivo\/","og_site_name":"Carneiro Advocacia - Inventario","article_publisher":"https:\/\/www.facebook.com\/carneiroadvocaciacivil","article_published_time":"2018-10-03T10:55:04+00:00","og_image":[{"width":498,"height":262,"url":"https:\/\/acarneiro.adv.br\/inventario\/wp-content\/uploads\/2018\/10\/saida.jpg","type":"image\/jpeg"}],"author":"admin","twitter_card":"summary_large_image","twitter_misc":{"Escrito por":"admin","Est. tempo de leitura":"1 minuto"},"schema":{"@context":"https:\/\/schema.org","@graph":[{"@type":"Article","@id":"https:\/\/acarneiro.adv.br\/inventario\/o-que-e-direito-objetivo-e-direito-subjetivo\/#article","isPartOf":{"@id":"https:\/\/acarneiro.adv.br\/inventario\/o-que-e-direito-objetivo-e-direito-subjetivo\/"},"author":{"name":"admin","@id":"https:\/\/acarneiro.adv.br\/inventario\/#\/schema\/person\/7f557aef02ff27f1a7017c4293e77deb"},"headline":"O que \u00e9 Direito Objetivo e Direito Subjetivo?","datePublished":"2018-10-03T10:55:04+00:00","mainEntityOfPage":{"@id":"https:\/\/acarneiro.adv.br\/inventario\/o-que-e-direito-objetivo-e-direito-subjetivo\/"},"wordCount":123,"commentCount":0,"publisher":{"@id":"https:\/\/acarneiro.adv.br\/inventario\/#organization"},"image":{"@id":"https:\/\/acarneiro.adv.br\/inventario\/o-que-e-direito-objetivo-e-direito-subjetivo\/#primaryimage"},"thumbnailUrl":"https:\/\/acarneiro.adv.br\/inventario\/wp-content\/uploads\/2018\/10\/saida.jpg","articleSection":["Outras \u00c1reas"],"inLanguage":"pt-BR","potentialAction":[{"@type":"CommentAction","name":"Comment","target":["https:\/\/acarneiro.adv.br\/inventario\/o-que-e-direito-objetivo-e-direito-subjetivo\/#respond"]}]},{"@type":"WebPage","@id":"https:\/\/acarneiro.adv.br\/inventario\/o-que-e-direito-objetivo-e-direito-subjetivo\/","url":"https:\/\/acarneiro.adv.br\/inventario\/o-que-e-direito-objetivo-e-direito-subjetivo\/","name":"O que \u00e9 Direito Objetivo e Direito Subjetivo? - Carneiro Advocacia - Inventario","isPartOf":{"@id":"https:\/\/acarneiro.adv.br\/inventario\/#website"},"primaryImageOfPage":{"@id":"https:\/\/acarneiro.adv.br\/inventario\/o-que-e-direito-objetivo-e-direito-subjetivo\/#primaryimage"},"image":{"@id":"https:\/\/acarneiro.adv.br\/inventario\/o-que-e-direito-objetivo-e-direito-subjetivo\/#primaryimage"},"thumbnailUrl":"https:\/\/acarneiro.adv.br\/inventario\/wp-content\/uploads\/2018\/10\/saida.jpg","datePublished":"2018-10-03T10:55:04+00:00","description":"O Direito Objetivo trata das quest\u00f5es que regulam o comportamento humano atrav\u00e9s de normas, havendo uma san\u00e7\u00e3o em caso de viola\u00e7\u00e3o de dada norma ...","breadcrumb":{"@id":"https:\/\/acarneiro.adv.br\/inventario\/o-que-e-direito-objetivo-e-direito-subjetivo\/#breadcrumb"},"inLanguage":"pt-BR","potentialAction":[{"@type":"ReadAction","target":["https:\/\/acarneiro.adv.br\/inventario\/o-que-e-direito-objetivo-e-direito-subjetivo\/"]}]},{"@type":"ImageObject","inLanguage":"pt-BR","@id":"https:\/\/acarneiro.adv.br\/inventario\/o-que-e-direito-objetivo-e-direito-subjetivo\/#primaryimage","url":"https:\/\/acarneiro.adv.br\/inventario\/wp-content\/uploads\/2018\/10\/saida.jpg","contentUrl":"https:\/\/acarneiro.adv.br\/inventario\/wp-content\/uploads\/2018\/10\/saida.jpg","width":498,"height":262},{"@type":"BreadcrumbList","@id":"https:\/\/acarneiro.adv.br\/inventario\/o-que-e-direito-objetivo-e-direito-subjetivo\/#breadcrumb","itemListElement":[{"@type":"ListItem","position":1,"name":"In\u00edcio","item":"https:\/\/acarneiro.adv.br\/inventario\/"},{"@type":"ListItem","position":2,"name":"O que \u00e9 Direito Objetivo e Direito Subjetivo?"}]},{"@type":"WebSite","@id":"https:\/\/acarneiro.adv.br\/inventario\/#website","url":"https:\/\/acarneiro.adv.br\/inventario\/","name":"Carneiro Advocacia","description":"Advocacia e Consultoria","publisher":{"@id":"https:\/\/acarneiro.adv.br\/inventario\/#organization"},"potentialAction":[{"@type":"SearchAction","target":{"@type":"EntryPoint","urlTemplate":"https:\/\/acarneiro.adv.br\/inventario\/?s={search_term_string}"},"query-input":{"@type":"PropertyValueSpecification","valueRequired":true,"valueName":"search_term_string"}}],"inLanguage":"pt-BR"},{"@type":"Organization","@id":"https:\/\/acarneiro.adv.br\/inventario\/#organization","name":"Carneiro - Advocacia e Consultoria","url":"https:\/\/acarneiro.adv.br\/inventario\/","logo":{"@type":"ImageObject","inLanguage":"pt-BR","@id":"https:\/\/acarneiro.adv.br\/inventario\/#\/schema\/logo\/image\/","url":"https:\/\/acarneiro.adv.br\/inventario\/wp-content\/uploads\/2018\/08\/acarneiro118pxl.png","contentUrl":"https:\/\/acarneiro.adv.br\/inventario\/wp-content\/uploads\/2018\/08\/acarneiro118pxl.png","width":300,"height":118,"caption":"Carneiro - Advocacia e Consultoria"},"image":{"@id":"https:\/\/acarneiro.adv.br\/inventario\/#\/schema\/logo\/image\/"},"sameAs":["https:\/\/www.facebook.com\/carneiroadvocaciacivil","https:\/\/www.instagram.com\/carneiroadvsc\/"]},{"@type":"Person","@id":"https:\/\/acarneiro.adv.br\/inventario\/#\/schema\/person\/7f557aef02ff27f1a7017c4293e77deb","name":"admin","image":{"@type":"ImageObject","inLanguage":"pt-BR","@id":"https:\/\/secure.gravatar.com\/avatar\/5e6cbd86765961e7e9f93140586f6004770a75d06ff80abb474645df42254fbc?s=96&d=mm&r=g","url":"https:\/\/secure.gravatar.com\/avatar\/5e6cbd86765961e7e9f93140586f6004770a75d06ff80abb474645df42254fbc?s=96&d=mm&r=g","contentUrl":"https:\/\/secure.gravatar.com\/avatar\/5e6cbd86765961e7e9f93140586f6004770a75d06ff80abb474645df42254fbc?s=96&d=mm&r=g","caption":"admin"}}]}},"_links":{"self":[{"href":"https:\/\/acarneiro.adv.br\/inventario\/wp-json\/wp\/v2\/posts\/3032","targetHints":{"allow":["GET"]}}],"collection":[{"href":"https:\/\/acarneiro.adv.br\/inventario\/wp-json\/wp\/v2\/posts"}],"about":[{"href":"https:\/\/acarneiro.adv.br\/inventario\/wp-json\/wp\/v2\/types\/post"}],"author":[{"embeddable":true,"href":"https:\/\/acarneiro.adv.br\/inventario\/wp-json\/wp\/v2\/users\/1"}],"replies":[{"embeddable":true,"href":"https:\/\/acarneiro.adv.br\/inventario\/wp-json\/wp\/v2\/comments?post=3032"}],"version-history":[{"count":1,"href":"https:\/\/acarneiro.adv.br\/inventario\/wp-json\/wp\/v2\/posts\/3032\/revisions"}],"predecessor-version":[{"id":3113,"href":"https:\/\/acarneiro.adv.br\/inventario\/wp-json\/wp\/v2\/posts\/3032\/revisions\/3113"}],"wp:featuredmedia":[{"embeddable":true,"href":"https:\/\/acarneiro.adv.br\/inventario\/wp-json\/wp\/v2\/media\/3112"}],"wp:attachment":[{"href":"https:\/\/acarneiro.adv.br\/inventario\/wp-json\/wp\/v2\/media?parent=3032"}],"wp:term":[{"taxonomy":"category","embeddable":true,"href":"https:\/\/acarneiro.adv.br\/inventario\/wp-json\/wp\/v2\/categories?post=3032"},{"taxonomy":"post_tag","embeddable":true,"href":"https:\/\/acarneiro.adv.br\/inventario\/wp-json\/wp\/v2\/tags?post=3032"}],"curies":[{"name":"wp","href":"https:\/\/api.w.org\/{rel}","templated":true}]}}