{"id":3033,"date":"2018-09-21T20:21:59","date_gmt":"2018-09-21T20:21:59","guid":{"rendered":"https:\/\/acarneiro.adv.br\/inventario\/?p=3033"},"modified":"2018-10-03T13:34:49","modified_gmt":"2018-10-03T13:34:49","slug":"a-importancia-dos-direitos-humanos","status":"publish","type":"post","link":"https:\/\/acarneiro.adv.br\/inventario\/a-importancia-dos-direitos-humanos\/","title":{"rendered":"A import\u00e2ncia dos Direitos Humanos"},"content":{"rendered":"<p>Ap\u00f3s o fim da Ditadura, houve a constituinte e a promulga\u00e7\u00e3o da Constitui\u00e7\u00e3o da Rep\u00fablica Federativa do Brasil com a tentativa de prevenir e sarar marcas profundas deixadas pela Ditadura nos brasileiros.<\/p>\n<p>Nela, preocupou-se em dar a prote\u00e7\u00e3o adequada aos Direitos Humanos e evitar as atrocidades cometidas, garantindo-se\u00a0a positiva\u00e7\u00e3o de\u00a0<strong>Direitos Fundamentais<\/strong>.\u00a0 .<\/p>\n<p>\u00c9 importante ressaltar que estes Direitos Fundamentais, simplesmente expressam atrav\u00e9s de textos escritos a prote\u00e7\u00e3o dos Direitos Naturais, <strong>Direitos do Homem<\/strong>, que decorrem da na\u00e7\u00e3o Humana. Direitos que sabem-se ter.<\/p>\n<p>Ainda, h\u00e1 Direitos positivados em Tratados Internacionais (<strong>Direitos Humanos<\/strong>) que o Brasil \u00e9 signat\u00e1rio e que deve respeitar, protegendo todos os cidad\u00e3os brasileiros.<\/p>\n<p>Ou seja, os Direitos Humanos s\u00e3o o princ\u00edpio de tudo. Para se ter uma sociedade pautada no bem estar e com prote\u00e7\u00e3o de todos os indiv\u00edduos, os Direitos Humanos devem ser observados.<\/p>\n<p>Ainda em tempo, h\u00e1 uma corrente que est\u00e1 crescendo no mundo que se chama Monismo Internacionalista Dial\u00f3gico. Essa corrente afirma que o Direito Interno e Direito Internacional devem &#8220;dialogar&#8221; e ponderar quais as normas que d\u00e3o a maior prote\u00e7\u00e3o ao ser humano. Se for a norma internacional, essa que deve ser adotada em detrimento \u00e0 uma norma interna com menor prote\u00e7\u00e3o.<\/p>\n<p>A corrente ainda n\u00e3o \u00e9 adotada no STF, mas com o tempo veremos se ser\u00e1 adotada pela Suprema Corte.<\/p>\n<p>&nbsp;<\/p>\n","protected":false},"excerpt":{"rendered":"<p>Ap\u00f3s o fim da Ditadura, houve a constituinte e a promulga\u00e7\u00e3o da Constitui\u00e7\u00e3o da Rep\u00fablica Federativa do Brasil com a tentativa de prevenir e sarar marcas<span class=\"excerpt-hellip\"> [\u2026]<\/span><\/p>\n","protected":false},"author":1,"featured_media":2561,"comment_status":"open","ping_status":"open","sticky":false,"template":"","format":"standard","meta":{"footnotes":""},"categories":[45],"tags":[],"class_list":["post-3033","post","type-post","status-publish","format-standard","has-post-thumbnail","hentry","category-constitucional"],"yoast_head":"<!-- This site is optimized with the Yoast SEO Premium plugin v23.2 (Yoast SEO v27.2) - https:\/\/yoast.com\/product\/yoast-seo-premium-wordpress\/ -->\n<title>A import\u00e2ncia dos Direitos Humanos - Carneiro Advocacia - Inventario<\/title>\n<meta name=\"description\" content=\"Ap\u00f3s o fim da Ditadura, houve a constituinte e a promulga\u00e7\u00e3o da Constitui\u00e7\u00e3o da Rep\u00fablica Federativa do Brasil com a tentativa de prevenir e sarar marcas...\" \/>\n<meta name=\"robots\" content=\"index, follow, max-snippet:-1, max-image-preview:large, max-video-preview:-1\" \/>\n<link rel=\"canonical\" href=\"https:\/\/acarneiro.adv.br\/inventario\/a-importancia-dos-direitos-humanos\/\" \/>\n<meta property=\"og:locale\" content=\"pt_BR\" \/>\n<meta property=\"og:type\" content=\"article\" \/>\n<meta property=\"og:title\" content=\"A import\u00e2ncia dos Direitos Humanos\" \/>\n<meta property=\"og:description\" content=\"Ap\u00f3s o fim da Ditadura, houve a constituinte e a promulga\u00e7\u00e3o da Constitui\u00e7\u00e3o da Rep\u00fablica Federativa do Brasil com a tentativa de prevenir e sarar marcas...\" \/>\n<meta property=\"og:url\" content=\"https:\/\/acarneiro.adv.br\/inventario\/a-importancia-dos-direitos-humanos\/\" \/>\n<meta property=\"og:site_name\" content=\"Carneiro Advocacia - Inventario\" \/>\n<meta property=\"article:publisher\" content=\"https:\/\/www.facebook.com\/carneiroadvocaciacivil\" \/>\n<meta property=\"article:published_time\" content=\"2018-09-21T20:21:59+00:00\" \/>\n<meta property=\"article:modified_time\" content=\"2018-10-03T13:34:49+00:00\" \/>\n<meta property=\"og:image\" content=\"https:\/\/acarneiro.adv.br\/inventario\/wp-content\/uploads\/2018\/08\/gallery5-e1538573650995.jpg\" \/>\n\t<meta property=\"og:image:width\" content=\"500\" \/>\n\t<meta property=\"og:image:height\" content=\"500\" \/>\n\t<meta property=\"og:image:type\" content=\"image\/jpeg\" \/>\n<meta name=\"author\" content=\"admin\" \/>\n<meta name=\"twitter:card\" content=\"summary_large_image\" \/>\n<meta name=\"twitter:label1\" content=\"Escrito por\" \/>\n\t<meta name=\"twitter:data1\" content=\"admin\" \/>\n\t<meta name=\"twitter:label2\" content=\"Est. tempo de leitura\" \/>\n\t<meta name=\"twitter:data2\" content=\"1 minuto\" \/>\n<script type=\"application\/ld+json\" class=\"yoast-schema-graph\">{\"@context\":\"https:\/\/schema.org\",\"@graph\":[{\"@type\":\"Article\",\"@id\":\"https:\/\/acarneiro.adv.br\/inventario\/a-importancia-dos-direitos-humanos\/#article\",\"isPartOf\":{\"@id\":\"https:\/\/acarneiro.adv.br\/inventario\/a-importancia-dos-direitos-humanos\/\"},\"author\":{\"name\":\"admin\",\"@id\":\"https:\/\/acarneiro.adv.br\/inventario\/#\/schema\/person\/7f557aef02ff27f1a7017c4293e77deb\"},\"headline\":\"A import\u00e2ncia dos Direitos Humanos\",\"datePublished\":\"2018-09-21T20:21:59+00:00\",\"dateModified\":\"2018-10-03T13:34:49+00:00\",\"mainEntityOfPage\":{\"@id\":\"https:\/\/acarneiro.adv.br\/inventario\/a-importancia-dos-direitos-humanos\/\"},\"wordCount\":241,\"commentCount\":0,\"publisher\":{\"@id\":\"https:\/\/acarneiro.adv.br\/inventario\/#organization\"},\"image\":{\"@id\":\"https:\/\/acarneiro.adv.br\/inventario\/a-importancia-dos-direitos-humanos\/#primaryimage\"},\"thumbnailUrl\":\"https:\/\/acarneiro.adv.br\/inventario\/wp-content\/uploads\/2018\/08\/gallery5-e1538573650995.jpg\",\"articleSection\":[\"Direito Constitucional\"],\"inLanguage\":\"pt-BR\",\"potentialAction\":[{\"@type\":\"CommentAction\",\"name\":\"Comment\",\"target\":[\"https:\/\/acarneiro.adv.br\/inventario\/a-importancia-dos-direitos-humanos\/#respond\"]}]},{\"@type\":\"WebPage\",\"@id\":\"https:\/\/acarneiro.adv.br\/inventario\/a-importancia-dos-direitos-humanos\/\",\"url\":\"https:\/\/acarneiro.adv.br\/inventario\/a-importancia-dos-direitos-humanos\/\",\"name\":\"A import\u00e2ncia dos Direitos Humanos - Carneiro Advocacia - Inventario\",\"isPartOf\":{\"@id\":\"https:\/\/acarneiro.adv.br\/inventario\/#website\"},\"primaryImageOfPage\":{\"@id\":\"https:\/\/acarneiro.adv.br\/inventario\/a-importancia-dos-direitos-humanos\/#primaryimage\"},\"image\":{\"@id\":\"https:\/\/acarneiro.adv.br\/inventario\/a-importancia-dos-direitos-humanos\/#primaryimage\"},\"thumbnailUrl\":\"https:\/\/acarneiro.adv.br\/inventario\/wp-content\/uploads\/2018\/08\/gallery5-e1538573650995.jpg\",\"datePublished\":\"2018-09-21T20:21:59+00:00\",\"dateModified\":\"2018-10-03T13:34:49+00:00\",\"description\":\"Ap\u00f3s o fim da Ditadura, houve a constituinte e a promulga\u00e7\u00e3o da Constitui\u00e7\u00e3o da Rep\u00fablica Federativa do Brasil com a tentativa de prevenir e sarar marcas...\",\"breadcrumb\":{\"@id\":\"https:\/\/acarneiro.adv.br\/inventario\/a-importancia-dos-direitos-humanos\/#breadcrumb\"},\"inLanguage\":\"pt-BR\",\"potentialAction\":[{\"@type\":\"ReadAction\",\"target\":[\"https:\/\/acarneiro.adv.br\/inventario\/a-importancia-dos-direitos-humanos\/\"]}]},{\"@type\":\"ImageObject\",\"inLanguage\":\"pt-BR\",\"@id\":\"https:\/\/acarneiro.adv.br\/inventario\/a-importancia-dos-direitos-humanos\/#primaryimage\",\"url\":\"https:\/\/acarneiro.adv.br\/inventario\/wp-content\/uploads\/2018\/08\/gallery5-e1538573650995.jpg\",\"contentUrl\":\"https:\/\/acarneiro.adv.br\/inventario\/wp-content\/uploads\/2018\/08\/gallery5-e1538573650995.jpg\",\"width\":500,\"height\":500},{\"@type\":\"BreadcrumbList\",\"@id\":\"https:\/\/acarneiro.adv.br\/inventario\/a-importancia-dos-direitos-humanos\/#breadcrumb\",\"itemListElement\":[{\"@type\":\"ListItem\",\"position\":1,\"name\":\"In\u00edcio\",\"item\":\"https:\/\/acarneiro.adv.br\/inventario\/\"},{\"@type\":\"ListItem\",\"position\":2,\"name\":\"A import\u00e2ncia dos Direitos Humanos\"}]},{\"@type\":\"WebSite\",\"@id\":\"https:\/\/acarneiro.adv.br\/inventario\/#website\",\"url\":\"https:\/\/acarneiro.adv.br\/inventario\/\",\"name\":\"Carneiro Advocacia\",\"description\":\"Advocacia e Consultoria\",\"publisher\":{\"@id\":\"https:\/\/acarneiro.adv.br\/inventario\/#organization\"},\"potentialAction\":[{\"@type\":\"SearchAction\",\"target\":{\"@type\":\"EntryPoint\",\"urlTemplate\":\"https:\/\/acarneiro.adv.br\/inventario\/?s={search_term_string}\"},\"query-input\":{\"@type\":\"PropertyValueSpecification\",\"valueRequired\":true,\"valueName\":\"search_term_string\"}}],\"inLanguage\":\"pt-BR\"},{\"@type\":\"Organization\",\"@id\":\"https:\/\/acarneiro.adv.br\/inventario\/#organization\",\"name\":\"Carneiro - Advocacia e Consultoria\",\"url\":\"https:\/\/acarneiro.adv.br\/inventario\/\",\"logo\":{\"@type\":\"ImageObject\",\"inLanguage\":\"pt-BR\",\"@id\":\"https:\/\/acarneiro.adv.br\/inventario\/#\/schema\/logo\/image\/\",\"url\":\"https:\/\/acarneiro.adv.br\/inventario\/wp-content\/uploads\/2018\/08\/acarneiro118pxl.png\",\"contentUrl\":\"https:\/\/acarneiro.adv.br\/inventario\/wp-content\/uploads\/2018\/08\/acarneiro118pxl.png\",\"width\":300,\"height\":118,\"caption\":\"Carneiro - Advocacia e Consultoria\"},\"image\":{\"@id\":\"https:\/\/acarneiro.adv.br\/inventario\/#\/schema\/logo\/image\/\"},\"sameAs\":[\"https:\/\/www.facebook.com\/carneiroadvocaciacivil\",\"https:\/\/www.instagram.com\/carneiroadvsc\/\"]},{\"@type\":\"Person\",\"@id\":\"https:\/\/acarneiro.adv.br\/inventario\/#\/schema\/person\/7f557aef02ff27f1a7017c4293e77deb\",\"name\":\"admin\",\"image\":{\"@type\":\"ImageObject\",\"inLanguage\":\"pt-BR\",\"@id\":\"https:\/\/secure.gravatar.com\/avatar\/5e6cbd86765961e7e9f93140586f6004770a75d06ff80abb474645df42254fbc?s=96&d=mm&r=g\",\"url\":\"https:\/\/secure.gravatar.com\/avatar\/5e6cbd86765961e7e9f93140586f6004770a75d06ff80abb474645df42254fbc?s=96&d=mm&r=g\",\"contentUrl\":\"https:\/\/secure.gravatar.com\/avatar\/5e6cbd86765961e7e9f93140586f6004770a75d06ff80abb474645df42254fbc?s=96&d=mm&r=g\",\"caption\":\"admin\"}}]}<\/script>\n<!-- \/ Yoast SEO Premium plugin. -->","yoast_head_json":{"title":"A import\u00e2ncia dos Direitos Humanos - Carneiro Advocacia - Inventario","description":"Ap\u00f3s o fim da Ditadura, houve a constituinte e a promulga\u00e7\u00e3o da Constitui\u00e7\u00e3o da Rep\u00fablica Federativa do Brasil com a tentativa de prevenir e sarar marcas...","robots":{"index":"index","follow":"follow","max-snippet":"max-snippet:-1","max-image-preview":"max-image-preview:large","max-video-preview":"max-video-preview:-1"},"canonical":"https:\/\/acarneiro.adv.br\/inventario\/a-importancia-dos-direitos-humanos\/","og_locale":"pt_BR","og_type":"article","og_title":"A import\u00e2ncia dos Direitos Humanos","og_description":"Ap\u00f3s o fim da Ditadura, houve a constituinte e a promulga\u00e7\u00e3o da Constitui\u00e7\u00e3o da Rep\u00fablica Federativa do Brasil com a tentativa de prevenir e sarar marcas...","og_url":"https:\/\/acarneiro.adv.br\/inventario\/a-importancia-dos-direitos-humanos\/","og_site_name":"Carneiro Advocacia - Inventario","article_publisher":"https:\/\/www.facebook.com\/carneiroadvocaciacivil","article_published_time":"2018-09-21T20:21:59+00:00","article_modified_time":"2018-10-03T13:34:49+00:00","og_image":[{"width":500,"height":500,"url":"https:\/\/acarneiro.adv.br\/inventario\/wp-content\/uploads\/2018\/08\/gallery5-e1538573650995.jpg","type":"image\/jpeg"}],"author":"admin","twitter_card":"summary_large_image","twitter_misc":{"Escrito por":"admin","Est. tempo de leitura":"1 minuto"},"schema":{"@context":"https:\/\/schema.org","@graph":[{"@type":"Article","@id":"https:\/\/acarneiro.adv.br\/inventario\/a-importancia-dos-direitos-humanos\/#article","isPartOf":{"@id":"https:\/\/acarneiro.adv.br\/inventario\/a-importancia-dos-direitos-humanos\/"},"author":{"name":"admin","@id":"https:\/\/acarneiro.adv.br\/inventario\/#\/schema\/person\/7f557aef02ff27f1a7017c4293e77deb"},"headline":"A import\u00e2ncia dos Direitos Humanos","datePublished":"2018-09-21T20:21:59+00:00","dateModified":"2018-10-03T13:34:49+00:00","mainEntityOfPage":{"@id":"https:\/\/acarneiro.adv.br\/inventario\/a-importancia-dos-direitos-humanos\/"},"wordCount":241,"commentCount":0,"publisher":{"@id":"https:\/\/acarneiro.adv.br\/inventario\/#organization"},"image":{"@id":"https:\/\/acarneiro.adv.br\/inventario\/a-importancia-dos-direitos-humanos\/#primaryimage"},"thumbnailUrl":"https:\/\/acarneiro.adv.br\/inventario\/wp-content\/uploads\/2018\/08\/gallery5-e1538573650995.jpg","articleSection":["Direito Constitucional"],"inLanguage":"pt-BR","potentialAction":[{"@type":"CommentAction","name":"Comment","target":["https:\/\/acarneiro.adv.br\/inventario\/a-importancia-dos-direitos-humanos\/#respond"]}]},{"@type":"WebPage","@id":"https:\/\/acarneiro.adv.br\/inventario\/a-importancia-dos-direitos-humanos\/","url":"https:\/\/acarneiro.adv.br\/inventario\/a-importancia-dos-direitos-humanos\/","name":"A import\u00e2ncia dos Direitos Humanos - Carneiro Advocacia - Inventario","isPartOf":{"@id":"https:\/\/acarneiro.adv.br\/inventario\/#website"},"primaryImageOfPage":{"@id":"https:\/\/acarneiro.adv.br\/inventario\/a-importancia-dos-direitos-humanos\/#primaryimage"},"image":{"@id":"https:\/\/acarneiro.adv.br\/inventario\/a-importancia-dos-direitos-humanos\/#primaryimage"},"thumbnailUrl":"https:\/\/acarneiro.adv.br\/inventario\/wp-content\/uploads\/2018\/08\/gallery5-e1538573650995.jpg","datePublished":"2018-09-21T20:21:59+00:00","dateModified":"2018-10-03T13:34:49+00:00","description":"Ap\u00f3s o fim da Ditadura, houve a constituinte e a promulga\u00e7\u00e3o da Constitui\u00e7\u00e3o da Rep\u00fablica Federativa do Brasil com a tentativa de prevenir e sarar marcas...","breadcrumb":{"@id":"https:\/\/acarneiro.adv.br\/inventario\/a-importancia-dos-direitos-humanos\/#breadcrumb"},"inLanguage":"pt-BR","potentialAction":[{"@type":"ReadAction","target":["https:\/\/acarneiro.adv.br\/inventario\/a-importancia-dos-direitos-humanos\/"]}]},{"@type":"ImageObject","inLanguage":"pt-BR","@id":"https:\/\/acarneiro.adv.br\/inventario\/a-importancia-dos-direitos-humanos\/#primaryimage","url":"https:\/\/acarneiro.adv.br\/inventario\/wp-content\/uploads\/2018\/08\/gallery5-e1538573650995.jpg","contentUrl":"https:\/\/acarneiro.adv.br\/inventario\/wp-content\/uploads\/2018\/08\/gallery5-e1538573650995.jpg","width":500,"height":500},{"@type":"BreadcrumbList","@id":"https:\/\/acarneiro.adv.br\/inventario\/a-importancia-dos-direitos-humanos\/#breadcrumb","itemListElement":[{"@type":"ListItem","position":1,"name":"In\u00edcio","item":"https:\/\/acarneiro.adv.br\/inventario\/"},{"@type":"ListItem","position":2,"name":"A import\u00e2ncia dos Direitos Humanos"}]},{"@type":"WebSite","@id":"https:\/\/acarneiro.adv.br\/inventario\/#website","url":"https:\/\/acarneiro.adv.br\/inventario\/","name":"Carneiro Advocacia","description":"Advocacia e Consultoria","publisher":{"@id":"https:\/\/acarneiro.adv.br\/inventario\/#organization"},"potentialAction":[{"@type":"SearchAction","target":{"@type":"EntryPoint","urlTemplate":"https:\/\/acarneiro.adv.br\/inventario\/?s={search_term_string}"},"query-input":{"@type":"PropertyValueSpecification","valueRequired":true,"valueName":"search_term_string"}}],"inLanguage":"pt-BR"},{"@type":"Organization","@id":"https:\/\/acarneiro.adv.br\/inventario\/#organization","name":"Carneiro - Advocacia e Consultoria","url":"https:\/\/acarneiro.adv.br\/inventario\/","logo":{"@type":"ImageObject","inLanguage":"pt-BR","@id":"https:\/\/acarneiro.adv.br\/inventario\/#\/schema\/logo\/image\/","url":"https:\/\/acarneiro.adv.br\/inventario\/wp-content\/uploads\/2018\/08\/acarneiro118pxl.png","contentUrl":"https:\/\/acarneiro.adv.br\/inventario\/wp-content\/uploads\/2018\/08\/acarneiro118pxl.png","width":300,"height":118,"caption":"Carneiro - Advocacia e Consultoria"},"image":{"@id":"https:\/\/acarneiro.adv.br\/inventario\/#\/schema\/logo\/image\/"},"sameAs":["https:\/\/www.facebook.com\/carneiroadvocaciacivil","https:\/\/www.instagram.com\/carneiroadvsc\/"]},{"@type":"Person","@id":"https:\/\/acarneiro.adv.br\/inventario\/#\/schema\/person\/7f557aef02ff27f1a7017c4293e77deb","name":"admin","image":{"@type":"ImageObject","inLanguage":"pt-BR","@id":"https:\/\/secure.gravatar.com\/avatar\/5e6cbd86765961e7e9f93140586f6004770a75d06ff80abb474645df42254fbc?s=96&d=mm&r=g","url":"https:\/\/secure.gravatar.com\/avatar\/5e6cbd86765961e7e9f93140586f6004770a75d06ff80abb474645df42254fbc?s=96&d=mm&r=g","contentUrl":"https:\/\/secure.gravatar.com\/avatar\/5e6cbd86765961e7e9f93140586f6004770a75d06ff80abb474645df42254fbc?s=96&d=mm&r=g","caption":"admin"}}]}},"_links":{"self":[{"href":"https:\/\/acarneiro.adv.br\/inventario\/wp-json\/wp\/v2\/posts\/3033","targetHints":{"allow":["GET"]}}],"collection":[{"href":"https:\/\/acarneiro.adv.br\/inventario\/wp-json\/wp\/v2\/posts"}],"about":[{"href":"https:\/\/acarneiro.adv.br\/inventario\/wp-json\/wp\/v2\/types\/post"}],"author":[{"embeddable":true,"href":"https:\/\/acarneiro.adv.br\/inventario\/wp-json\/wp\/v2\/users\/1"}],"replies":[{"embeddable":true,"href":"https:\/\/acarneiro.adv.br\/inventario\/wp-json\/wp\/v2\/comments?post=3033"}],"version-history":[{"count":1,"href":"https:\/\/acarneiro.adv.br\/inventario\/wp-json\/wp\/v2\/posts\/3033\/revisions"}],"predecessor-version":[{"id":3035,"href":"https:\/\/acarneiro.adv.br\/inventario\/wp-json\/wp\/v2\/posts\/3033\/revisions\/3035"}],"wp:featuredmedia":[{"embeddable":true,"href":"https:\/\/acarneiro.adv.br\/inventario\/wp-json\/wp\/v2\/media\/2561"}],"wp:attachment":[{"href":"https:\/\/acarneiro.adv.br\/inventario\/wp-json\/wp\/v2\/media?parent=3033"}],"wp:term":[{"taxonomy":"category","embeddable":true,"href":"https:\/\/acarneiro.adv.br\/inventario\/wp-json\/wp\/v2\/categories?post=3033"},{"taxonomy":"post_tag","embeddable":true,"href":"https:\/\/acarneiro.adv.br\/inventario\/wp-json\/wp\/v2\/tags?post=3033"}],"curies":[{"name":"wp","href":"https:\/\/api.w.org\/{rel}","templated":true}]}}