{"id":3037,"date":"2018-09-21T20:30:45","date_gmt":"2018-09-21T20:30:45","guid":{"rendered":"https:\/\/acarneiro.adv.br\/inventario\/?p=3037"},"modified":"2018-10-03T02:51:09","modified_gmt":"2018-10-03T02:51:09","slug":"geracoes-dos-direitos-fundamentais","status":"publish","type":"post","link":"https:\/\/acarneiro.adv.br\/inventario\/geracoes-dos-direitos-fundamentais\/","title":{"rendered":"Gera\u00e7\u00f5es dos Direitos Fundamentais"},"content":{"rendered":"<p>S\u00e3o principalmente tr\u00eas gera\u00e7\u00f5es que existem nos Direitos Fundamentais.<\/p>\n<p>As Gera\u00e7\u00f5es tem como Pauta a Revolu\u00e7\u00e3o Francesa, que possue o famoso Lema (Liberdade, Igualdade e Fraternidade).<\/p>\n<ol>\n<li>Liberdade: Os Direitos de primeira Gera\u00e7\u00e3o s\u00e3o so Direitos Civis e Pol\u00edticos, sendo chamados de Direitos de defesa ou de liberdades negativas. Nestes Direitos, haver\u00e1 a absten\u00e7\u00e3o do Estado.<\/li>\n<li>Igualdade: Os Direitos de Segunda Gera\u00e7\u00e3o. O Estado ter\u00e1 uma atua\u00e7\u00e3o positiva do Estado. O Estado dever\u00e1 se preocupar com Direitos Sociais, Econ\u00f4micos e Culturais, ou seja, dependem de uma interven\u00e7\u00e3o do Estado.<\/li>\n<li>Fraternidade: Os Direitos de Terceira Gera\u00e7\u00e3o abrangem Direitos Transindividuais, Coletivos e Difusos. O Direito do Consumidor, o Direito de Autodetermina\u00e7\u00e3o dos Povos, Direitos Ambientais.<\/li>\n<\/ol>\n","protected":false},"excerpt":{"rendered":"<p>S\u00e3o principalmente tr\u00eas gera\u00e7\u00f5es que existem nos Direitos Fundamentais. As Gera\u00e7\u00f5es tem como Pauta a Revolu\u00e7\u00e3o Francesa, que possue o famoso Lema (Liberdade, Igualdade e Fraternidade).<span class=\"excerpt-hellip\"> [\u2026]<\/span><\/p>\n","protected":false},"author":1,"featured_media":3109,"comment_status":"open","ping_status":"open","sticky":false,"template":"","format":"standard","meta":{"footnotes":""},"categories":[1],"tags":[],"class_list":["post-3037","post","type-post","status-publish","format-standard","has-post-thumbnail","hentry","category-outras"],"yoast_head":"<!-- This site is optimized with the Yoast SEO Premium plugin v23.2 (Yoast SEO v27.2) - https:\/\/yoast.com\/product\/yoast-seo-premium-wordpress\/ -->\n<title>Gera\u00e7\u00f5es dos Direitos Fundamentais - Carneiro Advocacia - Inventario<\/title>\n<meta name=\"description\" content=\"S\u00e3o principalmente tr\u00eas gera\u00e7\u00f5es que existem nos Direitos Fundamentais.As Gera\u00e7\u00f5es tem como Pauta a Revolu\u00e7\u00e3o Francesa, que possue o famoso Lema...\" \/>\n<meta name=\"robots\" content=\"index, follow, max-snippet:-1, max-image-preview:large, max-video-preview:-1\" \/>\n<link rel=\"canonical\" href=\"https:\/\/acarneiro.adv.br\/inventario\/geracoes-dos-direitos-fundamentais\/\" \/>\n<meta property=\"og:locale\" content=\"pt_BR\" \/>\n<meta property=\"og:type\" content=\"article\" \/>\n<meta property=\"og:title\" content=\"Gera\u00e7\u00f5es dos Direitos Fundamentais\" \/>\n<meta property=\"og:description\" content=\"S\u00e3o principalmente tr\u00eas gera\u00e7\u00f5es que existem nos Direitos Fundamentais.As Gera\u00e7\u00f5es tem como Pauta a Revolu\u00e7\u00e3o Francesa, que possue o famoso Lema...\" \/>\n<meta property=\"og:url\" content=\"https:\/\/acarneiro.adv.br\/inventario\/geracoes-dos-direitos-fundamentais\/\" \/>\n<meta property=\"og:site_name\" content=\"Carneiro Advocacia - Inventario\" \/>\n<meta property=\"article:publisher\" content=\"https:\/\/www.facebook.com\/carneiroadvocaciacivil\" \/>\n<meta property=\"article:published_time\" content=\"2018-09-21T20:30:45+00:00\" \/>\n<meta property=\"article:modified_time\" content=\"2018-10-03T02:51:09+00:00\" \/>\n<meta property=\"og:image\" content=\"https:\/\/acarneiro.adv.br\/inventario\/wp-content\/uploads\/2018\/10\/Rev.-Francesa.jpg\" \/>\n\t<meta property=\"og:image:width\" content=\"499\" \/>\n\t<meta property=\"og:image:height\" content=\"395\" \/>\n\t<meta property=\"og:image:type\" content=\"image\/jpeg\" \/>\n<meta name=\"author\" content=\"admin\" \/>\n<meta name=\"twitter:card\" content=\"summary_large_image\" \/>\n<meta name=\"twitter:label1\" content=\"Escrito por\" \/>\n\t<meta name=\"twitter:data1\" content=\"admin\" \/>\n\t<meta name=\"twitter:label2\" content=\"Est. tempo de leitura\" \/>\n\t<meta name=\"twitter:data2\" content=\"1 minuto\" \/>\n<script type=\"application\/ld+json\" class=\"yoast-schema-graph\">{\"@context\":\"https:\/\/schema.org\",\"@graph\":[{\"@type\":\"Article\",\"@id\":\"https:\/\/acarneiro.adv.br\/inventario\/geracoes-dos-direitos-fundamentais\/#article\",\"isPartOf\":{\"@id\":\"https:\/\/acarneiro.adv.br\/inventario\/geracoes-dos-direitos-fundamentais\/\"},\"author\":{\"name\":\"admin\",\"@id\":\"https:\/\/acarneiro.adv.br\/inventario\/#\/schema\/person\/7f557aef02ff27f1a7017c4293e77deb\"},\"headline\":\"Gera\u00e7\u00f5es dos Direitos Fundamentais\",\"datePublished\":\"2018-09-21T20:30:45+00:00\",\"dateModified\":\"2018-10-03T02:51:09+00:00\",\"mainEntityOfPage\":{\"@id\":\"https:\/\/acarneiro.adv.br\/inventario\/geracoes-dos-direitos-fundamentais\/\"},\"wordCount\":132,\"commentCount\":0,\"publisher\":{\"@id\":\"https:\/\/acarneiro.adv.br\/inventario\/#organization\"},\"image\":{\"@id\":\"https:\/\/acarneiro.adv.br\/inventario\/geracoes-dos-direitos-fundamentais\/#primaryimage\"},\"thumbnailUrl\":\"https:\/\/acarneiro.adv.br\/inventario\/wp-content\/uploads\/2018\/10\/Rev.-Francesa.jpg\",\"articleSection\":[\"Outras \u00c1reas\"],\"inLanguage\":\"pt-BR\",\"potentialAction\":[{\"@type\":\"CommentAction\",\"name\":\"Comment\",\"target\":[\"https:\/\/acarneiro.adv.br\/inventario\/geracoes-dos-direitos-fundamentais\/#respond\"]}]},{\"@type\":\"WebPage\",\"@id\":\"https:\/\/acarneiro.adv.br\/inventario\/geracoes-dos-direitos-fundamentais\/\",\"url\":\"https:\/\/acarneiro.adv.br\/inventario\/geracoes-dos-direitos-fundamentais\/\",\"name\":\"Gera\u00e7\u00f5es dos Direitos Fundamentais - Carneiro Advocacia - Inventario\",\"isPartOf\":{\"@id\":\"https:\/\/acarneiro.adv.br\/inventario\/#website\"},\"primaryImageOfPage\":{\"@id\":\"https:\/\/acarneiro.adv.br\/inventario\/geracoes-dos-direitos-fundamentais\/#primaryimage\"},\"image\":{\"@id\":\"https:\/\/acarneiro.adv.br\/inventario\/geracoes-dos-direitos-fundamentais\/#primaryimage\"},\"thumbnailUrl\":\"https:\/\/acarneiro.adv.br\/inventario\/wp-content\/uploads\/2018\/10\/Rev.-Francesa.jpg\",\"datePublished\":\"2018-09-21T20:30:45+00:00\",\"dateModified\":\"2018-10-03T02:51:09+00:00\",\"description\":\"S\u00e3o principalmente tr\u00eas gera\u00e7\u00f5es que existem nos Direitos Fundamentais.As Gera\u00e7\u00f5es tem como Pauta a Revolu\u00e7\u00e3o Francesa, que possue o famoso Lema...\",\"breadcrumb\":{\"@id\":\"https:\/\/acarneiro.adv.br\/inventario\/geracoes-dos-direitos-fundamentais\/#breadcrumb\"},\"inLanguage\":\"pt-BR\",\"potentialAction\":[{\"@type\":\"ReadAction\",\"target\":[\"https:\/\/acarneiro.adv.br\/inventario\/geracoes-dos-direitos-fundamentais\/\"]}]},{\"@type\":\"ImageObject\",\"inLanguage\":\"pt-BR\",\"@id\":\"https:\/\/acarneiro.adv.br\/inventario\/geracoes-dos-direitos-fundamentais\/#primaryimage\",\"url\":\"https:\/\/acarneiro.adv.br\/inventario\/wp-content\/uploads\/2018\/10\/Rev.-Francesa.jpg\",\"contentUrl\":\"https:\/\/acarneiro.adv.br\/inventario\/wp-content\/uploads\/2018\/10\/Rev.-Francesa.jpg\",\"width\":499,\"height\":395},{\"@type\":\"BreadcrumbList\",\"@id\":\"https:\/\/acarneiro.adv.br\/inventario\/geracoes-dos-direitos-fundamentais\/#breadcrumb\",\"itemListElement\":[{\"@type\":\"ListItem\",\"position\":1,\"name\":\"In\u00edcio\",\"item\":\"https:\/\/acarneiro.adv.br\/inventario\/\"},{\"@type\":\"ListItem\",\"position\":2,\"name\":\"Gera\u00e7\u00f5es dos Direitos Fundamentais\"}]},{\"@type\":\"WebSite\",\"@id\":\"https:\/\/acarneiro.adv.br\/inventario\/#website\",\"url\":\"https:\/\/acarneiro.adv.br\/inventario\/\",\"name\":\"Carneiro Advocacia\",\"description\":\"Advocacia e Consultoria\",\"publisher\":{\"@id\":\"https:\/\/acarneiro.adv.br\/inventario\/#organization\"},\"potentialAction\":[{\"@type\":\"SearchAction\",\"target\":{\"@type\":\"EntryPoint\",\"urlTemplate\":\"https:\/\/acarneiro.adv.br\/inventario\/?s={search_term_string}\"},\"query-input\":{\"@type\":\"PropertyValueSpecification\",\"valueRequired\":true,\"valueName\":\"search_term_string\"}}],\"inLanguage\":\"pt-BR\"},{\"@type\":\"Organization\",\"@id\":\"https:\/\/acarneiro.adv.br\/inventario\/#organization\",\"name\":\"Carneiro - Advocacia e Consultoria\",\"url\":\"https:\/\/acarneiro.adv.br\/inventario\/\",\"logo\":{\"@type\":\"ImageObject\",\"inLanguage\":\"pt-BR\",\"@id\":\"https:\/\/acarneiro.adv.br\/inventario\/#\/schema\/logo\/image\/\",\"url\":\"https:\/\/acarneiro.adv.br\/inventario\/wp-content\/uploads\/2018\/08\/acarneiro118pxl.png\",\"contentUrl\":\"https:\/\/acarneiro.adv.br\/inventario\/wp-content\/uploads\/2018\/08\/acarneiro118pxl.png\",\"width\":300,\"height\":118,\"caption\":\"Carneiro - Advocacia e Consultoria\"},\"image\":{\"@id\":\"https:\/\/acarneiro.adv.br\/inventario\/#\/schema\/logo\/image\/\"},\"sameAs\":[\"https:\/\/www.facebook.com\/carneiroadvocaciacivil\",\"https:\/\/www.instagram.com\/carneiroadvsc\/\"]},{\"@type\":\"Person\",\"@id\":\"https:\/\/acarneiro.adv.br\/inventario\/#\/schema\/person\/7f557aef02ff27f1a7017c4293e77deb\",\"name\":\"admin\",\"image\":{\"@type\":\"ImageObject\",\"inLanguage\":\"pt-BR\",\"@id\":\"https:\/\/secure.gravatar.com\/avatar\/5e6cbd86765961e7e9f93140586f6004770a75d06ff80abb474645df42254fbc?s=96&d=mm&r=g\",\"url\":\"https:\/\/secure.gravatar.com\/avatar\/5e6cbd86765961e7e9f93140586f6004770a75d06ff80abb474645df42254fbc?s=96&d=mm&r=g\",\"contentUrl\":\"https:\/\/secure.gravatar.com\/avatar\/5e6cbd86765961e7e9f93140586f6004770a75d06ff80abb474645df42254fbc?s=96&d=mm&r=g\",\"caption\":\"admin\"}}]}<\/script>\n<!-- \/ Yoast SEO Premium plugin. -->","yoast_head_json":{"title":"Gera\u00e7\u00f5es dos Direitos Fundamentais - Carneiro Advocacia - Inventario","description":"S\u00e3o principalmente tr\u00eas gera\u00e7\u00f5es que existem nos Direitos Fundamentais.As Gera\u00e7\u00f5es tem como Pauta a Revolu\u00e7\u00e3o Francesa, que possue o famoso Lema...","robots":{"index":"index","follow":"follow","max-snippet":"max-snippet:-1","max-image-preview":"max-image-preview:large","max-video-preview":"max-video-preview:-1"},"canonical":"https:\/\/acarneiro.adv.br\/inventario\/geracoes-dos-direitos-fundamentais\/","og_locale":"pt_BR","og_type":"article","og_title":"Gera\u00e7\u00f5es dos Direitos Fundamentais","og_description":"S\u00e3o principalmente tr\u00eas gera\u00e7\u00f5es que existem nos Direitos Fundamentais.As Gera\u00e7\u00f5es tem como Pauta a Revolu\u00e7\u00e3o Francesa, que possue o famoso Lema...","og_url":"https:\/\/acarneiro.adv.br\/inventario\/geracoes-dos-direitos-fundamentais\/","og_site_name":"Carneiro Advocacia - Inventario","article_publisher":"https:\/\/www.facebook.com\/carneiroadvocaciacivil","article_published_time":"2018-09-21T20:30:45+00:00","article_modified_time":"2018-10-03T02:51:09+00:00","og_image":[{"width":499,"height":395,"url":"https:\/\/acarneiro.adv.br\/inventario\/wp-content\/uploads\/2018\/10\/Rev.-Francesa.jpg","type":"image\/jpeg"}],"author":"admin","twitter_card":"summary_large_image","twitter_misc":{"Escrito por":"admin","Est. tempo de leitura":"1 minuto"},"schema":{"@context":"https:\/\/schema.org","@graph":[{"@type":"Article","@id":"https:\/\/acarneiro.adv.br\/inventario\/geracoes-dos-direitos-fundamentais\/#article","isPartOf":{"@id":"https:\/\/acarneiro.adv.br\/inventario\/geracoes-dos-direitos-fundamentais\/"},"author":{"name":"admin","@id":"https:\/\/acarneiro.adv.br\/inventario\/#\/schema\/person\/7f557aef02ff27f1a7017c4293e77deb"},"headline":"Gera\u00e7\u00f5es dos Direitos Fundamentais","datePublished":"2018-09-21T20:30:45+00:00","dateModified":"2018-10-03T02:51:09+00:00","mainEntityOfPage":{"@id":"https:\/\/acarneiro.adv.br\/inventario\/geracoes-dos-direitos-fundamentais\/"},"wordCount":132,"commentCount":0,"publisher":{"@id":"https:\/\/acarneiro.adv.br\/inventario\/#organization"},"image":{"@id":"https:\/\/acarneiro.adv.br\/inventario\/geracoes-dos-direitos-fundamentais\/#primaryimage"},"thumbnailUrl":"https:\/\/acarneiro.adv.br\/inventario\/wp-content\/uploads\/2018\/10\/Rev.-Francesa.jpg","articleSection":["Outras \u00c1reas"],"inLanguage":"pt-BR","potentialAction":[{"@type":"CommentAction","name":"Comment","target":["https:\/\/acarneiro.adv.br\/inventario\/geracoes-dos-direitos-fundamentais\/#respond"]}]},{"@type":"WebPage","@id":"https:\/\/acarneiro.adv.br\/inventario\/geracoes-dos-direitos-fundamentais\/","url":"https:\/\/acarneiro.adv.br\/inventario\/geracoes-dos-direitos-fundamentais\/","name":"Gera\u00e7\u00f5es dos Direitos Fundamentais - Carneiro Advocacia - Inventario","isPartOf":{"@id":"https:\/\/acarneiro.adv.br\/inventario\/#website"},"primaryImageOfPage":{"@id":"https:\/\/acarneiro.adv.br\/inventario\/geracoes-dos-direitos-fundamentais\/#primaryimage"},"image":{"@id":"https:\/\/acarneiro.adv.br\/inventario\/geracoes-dos-direitos-fundamentais\/#primaryimage"},"thumbnailUrl":"https:\/\/acarneiro.adv.br\/inventario\/wp-content\/uploads\/2018\/10\/Rev.-Francesa.jpg","datePublished":"2018-09-21T20:30:45+00:00","dateModified":"2018-10-03T02:51:09+00:00","description":"S\u00e3o principalmente tr\u00eas gera\u00e7\u00f5es que existem nos Direitos Fundamentais.As Gera\u00e7\u00f5es tem como Pauta a Revolu\u00e7\u00e3o Francesa, que possue o famoso Lema...","breadcrumb":{"@id":"https:\/\/acarneiro.adv.br\/inventario\/geracoes-dos-direitos-fundamentais\/#breadcrumb"},"inLanguage":"pt-BR","potentialAction":[{"@type":"ReadAction","target":["https:\/\/acarneiro.adv.br\/inventario\/geracoes-dos-direitos-fundamentais\/"]}]},{"@type":"ImageObject","inLanguage":"pt-BR","@id":"https:\/\/acarneiro.adv.br\/inventario\/geracoes-dos-direitos-fundamentais\/#primaryimage","url":"https:\/\/acarneiro.adv.br\/inventario\/wp-content\/uploads\/2018\/10\/Rev.-Francesa.jpg","contentUrl":"https:\/\/acarneiro.adv.br\/inventario\/wp-content\/uploads\/2018\/10\/Rev.-Francesa.jpg","width":499,"height":395},{"@type":"BreadcrumbList","@id":"https:\/\/acarneiro.adv.br\/inventario\/geracoes-dos-direitos-fundamentais\/#breadcrumb","itemListElement":[{"@type":"ListItem","position":1,"name":"In\u00edcio","item":"https:\/\/acarneiro.adv.br\/inventario\/"},{"@type":"ListItem","position":2,"name":"Gera\u00e7\u00f5es dos Direitos Fundamentais"}]},{"@type":"WebSite","@id":"https:\/\/acarneiro.adv.br\/inventario\/#website","url":"https:\/\/acarneiro.adv.br\/inventario\/","name":"Carneiro Advocacia","description":"Advocacia e Consultoria","publisher":{"@id":"https:\/\/acarneiro.adv.br\/inventario\/#organization"},"potentialAction":[{"@type":"SearchAction","target":{"@type":"EntryPoint","urlTemplate":"https:\/\/acarneiro.adv.br\/inventario\/?s={search_term_string}"},"query-input":{"@type":"PropertyValueSpecification","valueRequired":true,"valueName":"search_term_string"}}],"inLanguage":"pt-BR"},{"@type":"Organization","@id":"https:\/\/acarneiro.adv.br\/inventario\/#organization","name":"Carneiro - Advocacia e Consultoria","url":"https:\/\/acarneiro.adv.br\/inventario\/","logo":{"@type":"ImageObject","inLanguage":"pt-BR","@id":"https:\/\/acarneiro.adv.br\/inventario\/#\/schema\/logo\/image\/","url":"https:\/\/acarneiro.adv.br\/inventario\/wp-content\/uploads\/2018\/08\/acarneiro118pxl.png","contentUrl":"https:\/\/acarneiro.adv.br\/inventario\/wp-content\/uploads\/2018\/08\/acarneiro118pxl.png","width":300,"height":118,"caption":"Carneiro - Advocacia e Consultoria"},"image":{"@id":"https:\/\/acarneiro.adv.br\/inventario\/#\/schema\/logo\/image\/"},"sameAs":["https:\/\/www.facebook.com\/carneiroadvocaciacivil","https:\/\/www.instagram.com\/carneiroadvsc\/"]},{"@type":"Person","@id":"https:\/\/acarneiro.adv.br\/inventario\/#\/schema\/person\/7f557aef02ff27f1a7017c4293e77deb","name":"admin","image":{"@type":"ImageObject","inLanguage":"pt-BR","@id":"https:\/\/secure.gravatar.com\/avatar\/5e6cbd86765961e7e9f93140586f6004770a75d06ff80abb474645df42254fbc?s=96&d=mm&r=g","url":"https:\/\/secure.gravatar.com\/avatar\/5e6cbd86765961e7e9f93140586f6004770a75d06ff80abb474645df42254fbc?s=96&d=mm&r=g","contentUrl":"https:\/\/secure.gravatar.com\/avatar\/5e6cbd86765961e7e9f93140586f6004770a75d06ff80abb474645df42254fbc?s=96&d=mm&r=g","caption":"admin"}}]}},"_links":{"self":[{"href":"https:\/\/acarneiro.adv.br\/inventario\/wp-json\/wp\/v2\/posts\/3037","targetHints":{"allow":["GET"]}}],"collection":[{"href":"https:\/\/acarneiro.adv.br\/inventario\/wp-json\/wp\/v2\/posts"}],"about":[{"href":"https:\/\/acarneiro.adv.br\/inventario\/wp-json\/wp\/v2\/types\/post"}],"author":[{"embeddable":true,"href":"https:\/\/acarneiro.adv.br\/inventario\/wp-json\/wp\/v2\/users\/1"}],"replies":[{"embeddable":true,"href":"https:\/\/acarneiro.adv.br\/inventario\/wp-json\/wp\/v2\/comments?post=3037"}],"version-history":[{"count":1,"href":"https:\/\/acarneiro.adv.br\/inventario\/wp-json\/wp\/v2\/posts\/3037\/revisions"}],"predecessor-version":[{"id":3039,"href":"https:\/\/acarneiro.adv.br\/inventario\/wp-json\/wp\/v2\/posts\/3037\/revisions\/3039"}],"wp:featuredmedia":[{"embeddable":true,"href":"https:\/\/acarneiro.adv.br\/inventario\/wp-json\/wp\/v2\/media\/3109"}],"wp:attachment":[{"href":"https:\/\/acarneiro.adv.br\/inventario\/wp-json\/wp\/v2\/media?parent=3037"}],"wp:term":[{"taxonomy":"category","embeddable":true,"href":"https:\/\/acarneiro.adv.br\/inventario\/wp-json\/wp\/v2\/categories?post=3037"},{"taxonomy":"post_tag","embeddable":true,"href":"https:\/\/acarneiro.adv.br\/inventario\/wp-json\/wp\/v2\/tags?post=3037"}],"curies":[{"name":"wp","href":"https:\/\/api.w.org\/{rel}","templated":true}]}}