{"id":37921,"date":"2023-06-29T22:08:25","date_gmt":"2023-06-29T22:08:25","guid":{"rendered":"https:\/\/acarneiro.adv.br\/inventario\/?p=37921"},"modified":"2023-07-13T22:17:37","modified_gmt":"2023-07-13T22:17:37","slug":"inventario-e-partilha","status":"publish","type":"post","link":"https:\/\/acarneiro.adv.br\/inventario\/inventario-e-partilha\/","title":{"rendered":"Invent\u00e1rio e partilha ap\u00f3s o falecimento"},"content":{"rendered":"\t\t<div data-elementor-type=\"wp-post\" data-elementor-id=\"37921\" class=\"elementor elementor-37921\">\n\t\t\t\t\t\t<section class=\"elementor-section elementor-top-section elementor-element elementor-element-5ee2d06 elementor-section-boxed elementor-section-height-default elementor-section-height-default\" data-id=\"5ee2d06\" data-element_type=\"section\">\n\t\t\t\t\t\t<div class=\"elementor-container elementor-column-gap-default\">\n\t\t\t\t\t<div class=\"elementor-column elementor-col-100 elementor-top-column elementor-element elementor-element-51ddda6\" data-id=\"51ddda6\" data-element_type=\"column\">\n\t\t\t<div class=\"elementor-widget-wrap elementor-element-populated\">\n\t\t\t\t\t\t<div class=\"elementor-element elementor-element-653d550 elementor-widget elementor-widget-image\" data-id=\"653d550\" data-element_type=\"widget\" data-widget_type=\"image.default\">\n\t\t\t\t<div class=\"elementor-widget-container\">\n\t\t\t\t\t\t\t\t\t\t\t\t\t\t\t<img fetchpriority=\"high\" decoding=\"async\" width=\"600\" height=\"700\" src=\"https:\/\/acarneiro.adv.br\/inventario\/wp-content\/uploads\/2023\/05\/u7.jpg\" class=\"attachment-medium_large size-medium_large wp-image-15878\" alt=\"invent\u00e1rio\" srcset=\"https:\/\/acarneiro.adv.br\/inventario\/wp-content\/uploads\/2023\/05\/u7.jpg 600w, https:\/\/acarneiro.adv.br\/inventario\/wp-content\/uploads\/2023\/05\/u7-257x300.jpg 257w\" sizes=\"(max-width:767px) 600px, 600px\" \/>\t\t\t\t\t\t\t\t\t\t\t\t\t\t\t<\/div>\n\t\t\t\t<\/div>\n\t\t\t\t\t<\/div>\n\t\t<\/div>\n\t\t\t\t\t<\/div>\n\t\t<\/section>\n\t\t\t\t<section class=\"elementor-section elementor-top-section elementor-element elementor-element-93c04cb elementor-section-boxed elementor-section-height-default elementor-section-height-default\" data-id=\"93c04cb\" data-element_type=\"section\">\n\t\t\t\t\t\t<div class=\"elementor-container elementor-column-gap-default\">\n\t\t\t\t\t<div class=\"elementor-column elementor-col-100 elementor-top-column elementor-element elementor-element-ea1cfbb\" data-id=\"ea1cfbb\" data-element_type=\"column\">\n\t\t\t<div class=\"elementor-widget-wrap\">\n\t\t\t\t\t\t\t<\/div>\n\t\t<\/div>\n\t\t\t\t\t<\/div>\n\t\t<\/section>\n\t\t\t\t<section class=\"elementor-section elementor-top-section elementor-element elementor-element-5c101ab elementor-section-full_width elementor-section-height-default elementor-section-height-default\" data-id=\"5c101ab\" data-element_type=\"section\">\n\t\t\t\t\t\t<div class=\"elementor-container elementor-column-gap-default\">\n\t\t\t\t\t<div class=\"elementor-column elementor-col-100 elementor-top-column elementor-element elementor-element-ccda070\" data-id=\"ccda070\" data-element_type=\"column\">\n\t\t\t<div class=\"elementor-widget-wrap elementor-element-populated\">\n\t\t\t\t\t\t<div class=\"elementor-element elementor-element-16649c2 elementor-widget elementor-widget-heading\" data-id=\"16649c2\" data-element_type=\"widget\" data-widget_type=\"heading.default\">\n\t\t\t\t<div class=\"elementor-widget-container\">\n\t\t\t\t\t<h2 class=\"elementor-heading-title elementor-size-default\">In\u00edcio do invent\u00e1rio<\/h2>\t\t\t\t<\/div>\n\t\t\t\t<\/div>\n\t\t\t\t<div class=\"elementor-element elementor-element-6b0e081 elementor-widget elementor-widget-heading\" data-id=\"6b0e081\" data-element_type=\"widget\" data-widget_type=\"heading.default\">\n\t\t\t\t<div class=\"elementor-widget-container\">\n\t\t\t\t\t<h2 class=\"elementor-heading-title elementor-size-default\"><h2 class=\"elementor-heading-title elementor-size-default elementor-inline-editing pen\" data-elementor-setting-key=\"title\" data-pen-placeholder=\"Digite aqui...\" style=\"font-family: var( --e-global-typography-primary-font-family ), Sans-serif;font-weight: var( --e-global-typography-primary-font-weight )\">In\u00edcio do invent\u00e1rio<\/h2><\/h2>\t\t\t\t<\/div>\n\t\t\t\t<\/div>\n\t\t\t\t<div class=\"elementor-element elementor-element-0454238 elementor-widget elementor-widget-text-editor\" data-id=\"0454238\" data-element_type=\"widget\" data-widget_type=\"text-editor.default\">\n\t\t\t\t<div class=\"elementor-widget-container\">\n\t\t\t\t\t\t\t\t\t<p>O invent\u00e1rio \u00e9 necess\u00e1rio ap\u00f3s falecimento de um Ente querido. Sempre \u00e9 uma situa\u00e7\u00e3o traum\u00e1tica, contudo o invent\u00e1rio \u00e9 necess\u00e1rio. Contudo, ap\u00f3s a perda, deve-se verficiar os prazos e se atentar \u00e0s necessidades para a partilha da heran\u00e7a.<\/p><p>\u00c9 essencial estar ciente dos prazos estabelecidos pelo C\u00f3digo Civil, pois o n\u00e3o cumprimento desses prazos pode acarretar em penalidades e complica\u00e7\u00f5es legais. Normalmente, o invent\u00e1rio deve ser iniciado dentro de 60 dias a partir da data do falecimento.<\/p><p>\u00a0<\/p>\t\t\t\t\t\t\t\t<\/div>\n\t\t\t\t<\/div>\n\t\t\t\t<div class=\"elementor-element elementor-element-5b1613c elementor-widget elementor-widget-heading\" data-id=\"5b1613c\" data-element_type=\"widget\" data-widget_type=\"heading.default\">\n\t\t\t\t<div class=\"elementor-widget-container\">\n\t\t\t\t\t<h2 class=\"elementor-heading-title elementor-size-default\">Busca de documentos<\/h2>\t\t\t\t<\/div>\n\t\t\t\t<\/div>\n\t\t\t\t<div class=\"elementor-element elementor-element-f356a10 elementor-widget elementor-widget-text-editor\" data-id=\"f356a10\" data-element_type=\"widget\" data-widget_type=\"text-editor.default\">\n\t\t\t\t<div class=\"elementor-widget-container\">\n\t\t\t\t\t\t\t\t\t<p>Al\u00e9m disso, \u00e9 importante reunir os documentos necess\u00e1rios para dar andamento ao invent\u00e1rio. Isso inclui a certid\u00e3o de \u00f3bito, certid\u00f5es de casamento, certid\u00f5es de nascimento dos herdeiros, documentos de identifica\u00e7\u00e3o pessoal, como RG e CPF, al\u00e9m de quaisquer outros documentos espec\u00edficos que v\u00e3o ensejar a partilha correta dos bens. O escrit\u00f3rio, no momento da primeira reuni\u00e3o, j\u00e1 pedir\u00e1 toda a documenta\u00e7\u00e3o necess\u00e1ria.<\/p><p>Em que pese, normalmente, os herdeiros j\u00e1 saberem todos os bens e herdeiros que estar\u00e3o no processo, \u00e9 importante que o advogado pe\u00e7a ao Juiz, caso seja um procesos judicial, todos os bens im\u00f3veis e contas abertas no nome do falecido.<\/p><p>Um \u00f3timo site para facilitar as buscas extrajudiciais de contas banc\u00e1rias que t\u00eam no nome do falecido \u00e9 o site do Banco Central, que pode facilitar e agilizar a busca e a finaliza\u00e7\u00e3o do invent\u00e1rio.<\/p><p>O site \u00e9:\u00a0<a style=\"font-family: var( --e-global-typography-text-font-family ), Sans-serif; font-weight: var( --e-global-typography-text-font-weight ); background-color: #ffffff;\" href=\"https:\/\/www.bcb.gov.br\/meubc\/relatoriocontasrelacionamentos\" target=\"_blank\" rel=\"noopener\">https:\/\/www.bcb.gov.br\/meubc\/relatoriocontasrelacionamentos<\/a><\/p><p>\u00a0<\/p>\t\t\t\t\t\t\t\t<\/div>\n\t\t\t\t<\/div>\n\t\t\t\t\t<\/div>\n\t\t<\/div>\n\t\t\t\t\t<\/div>\n\t\t<\/section>\n\t\t\t\t<section class=\"elementor-section elementor-top-section elementor-element elementor-element-80b88a8 elementor-section-boxed elementor-section-height-default elementor-section-height-default\" data-id=\"80b88a8\" data-element_type=\"section\">\n\t\t\t\t\t\t<div class=\"elementor-container elementor-column-gap-default\">\n\t\t\t\t\t<div class=\"elementor-column elementor-col-100 elementor-top-column elementor-element elementor-element-fe25cb7\" data-id=\"fe25cb7\" data-element_type=\"column\">\n\t\t\t<div class=\"elementor-widget-wrap elementor-element-populated\">\n\t\t\t\t\t\t<div class=\"elementor-element elementor-element-e758291 elementor-widget elementor-widget-heading\" data-id=\"e758291\" data-element_type=\"widget\" data-widget_type=\"heading.default\">\n\t\t\t\t<div class=\"elementor-widget-container\">\n\t\t\t\t\t<h2 class=\"elementor-heading-title elementor-size-default\">Divis\u00e3o de bens<\/h2>\t\t\t\t<\/div>\n\t\t\t\t<\/div>\n\t\t\t\t\t<\/div>\n\t\t<\/div>\n\t\t\t\t\t<\/div>\n\t\t<\/section>\n\t\t\t\t<section class=\"elementor-section elementor-top-section elementor-element elementor-element-ebd1e1c elementor-section-boxed elementor-section-height-default elementor-section-height-default\" data-id=\"ebd1e1c\" data-element_type=\"section\">\n\t\t\t\t\t\t<div class=\"elementor-container elementor-column-gap-default\">\n\t\t\t\t\t<div class=\"elementor-column elementor-col-50 elementor-top-column elementor-element elementor-element-23f0cc5\" data-id=\"23f0cc5\" data-element_type=\"column\">\n\t\t\t<div class=\"elementor-widget-wrap elementor-element-populated\">\n\t\t\t\t\t\t<div class=\"elementor-element elementor-element-a7ee9dc elementor-widget elementor-widget-text-editor\" data-id=\"a7ee9dc\" data-element_type=\"widget\" data-widget_type=\"text-editor.default\">\n\t\t\t\t<div class=\"elementor-widget-container\">\n\t\t\t\t\t\t\t\t\t<p>Uma vez iniciado o processo de invent\u00e1rio, ser\u00e3o realizadas as devidas avalia\u00e7\u00f5es dos bens, como im\u00f3veis, ve\u00edculos e investimentos, visando determinar seu valor de mercado. Essa etapa \u00e9 fundamental para calcular a parte que caber\u00e1 a cada herdeiro na partilha da heran\u00e7a. \u00c9 importante lembrar que, em alguns casos, pode ser necess\u00e1rio contratar peritos ou profissionais especializados para realizar as avalia\u00e7\u00f5es de forma imparcial e precisa. Converse com nossa equipe ou com seu advogado de confian\u00e7a sobre a possibilidade de um invent\u00e1rio sem lit\u00edgios e extrajudicial.<\/p><p>Dessa forma o invent\u00e1rio pode ser finalizado muito mais rapidamente.<\/p>\t\t\t\t\t\t\t\t<\/div>\n\t\t\t\t<\/div>\n\t\t\t\t\t<\/div>\n\t\t<\/div>\n\t\t\t\t<div class=\"elementor-column elementor-col-50 elementor-top-column elementor-element elementor-element-9baf0c8\" data-id=\"9baf0c8\" data-element_type=\"column\">\n\t\t\t<div class=\"elementor-widget-wrap elementor-element-populated\">\n\t\t\t\t\t\t<div class=\"elementor-element elementor-element-ce29a81 elementor-widget elementor-widget-image\" data-id=\"ce29a81\" data-element_type=\"widget\" data-widget_type=\"image.default\">\n\t\t\t\t<div class=\"elementor-widget-container\">\n\t\t\t\t\t\t\t\t\t\t\t\t\t\t\t<img decoding=\"async\" width=\"960\" height=\"640\" src=\"https:\/\/acarneiro.adv.br\/inventario\/wp-content\/uploads\/2018\/08\/empresario-casado.jpg\" class=\"attachment-large size-large wp-image-2701\" alt=\"\" srcset=\"https:\/\/acarneiro.adv.br\/inventario\/wp-content\/uploads\/2018\/08\/empresario-casado.jpg 960w, https:\/\/acarneiro.adv.br\/inventario\/wp-content\/uploads\/2018\/08\/empresario-casado-800x533.jpg 800w, https:\/\/acarneiro.adv.br\/inventario\/wp-content\/uploads\/2018\/08\/empresario-casado-300x200.jpg 300w\" sizes=\"(max-width:767px) 767px, (max-width:960px) 100vw, 960px\" \/>\t\t\t\t\t\t\t\t\t\t\t\t\t\t\t<\/div>\n\t\t\t\t<\/div>\n\t\t\t\t<div class=\"elementor-element elementor-element-7474fbc elementor-widget elementor-widget-text-editor\" data-id=\"7474fbc\" data-element_type=\"widget\" data-widget_type=\"text-editor.default\">\n\t\t\t\t<div class=\"elementor-widget-container\">\n\t\t\t\t\t\t\t\t\t<p><span style=\"color: var( --e-global-color-text ); font-family: var( --e-global-typography-text-font-family ), Sans-serif; font-weight: var( --e-global-typography-text-font-weight );\">Importante frisar que \u00e9 nesta etapa tamb\u00e9m que o inventariante \u00e9 escolhido. O inventariante \u00e9 uma esp\u00e9cie de administrador do invent\u00e1rio. Este que ir\u00e1 agilizar tudo para que o invent\u00e1rio finalize o mais r\u00e1pido poss\u00edvel.\u00a0<\/span><\/p>\t\t\t\t\t\t\t\t<\/div>\n\t\t\t\t<\/div>\n\t\t\t\t\t<\/div>\n\t\t<\/div>\n\t\t\t\t\t<\/div>\n\t\t<\/section>\n\t\t\t\t<section class=\"elementor-section elementor-top-section elementor-element elementor-element-23e7ba4 elementor-section-boxed elementor-section-height-default elementor-section-height-default\" data-id=\"23e7ba4\" data-element_type=\"section\">\n\t\t\t\t\t\t<div class=\"elementor-container elementor-column-gap-default\">\n\t\t\t\t\t<div class=\"elementor-column elementor-col-100 elementor-top-column elementor-element elementor-element-a8b31d8\" data-id=\"a8b31d8\" data-element_type=\"column\">\n\t\t\t<div class=\"elementor-widget-wrap elementor-element-populated\">\n\t\t\t\t\t\t<div class=\"elementor-element elementor-element-2959fbe elementor-widget elementor-widget-heading\" data-id=\"2959fbe\" data-element_type=\"widget\" data-widget_type=\"heading.default\">\n\t\t\t\t<div class=\"elementor-widget-container\">\n\t\t\t\t\t<h2 class=\"elementor-heading-title elementor-size-default\">Quita\u00e7\u00e3o de d\u00edvidas<\/h2>\t\t\t\t<\/div>\n\t\t\t\t<\/div>\n\t\t\t\t<div class=\"elementor-element elementor-element-4aa277e elementor-widget elementor-widget-text-editor\" data-id=\"4aa277e\" data-element_type=\"widget\" data-widget_type=\"text-editor.default\">\n\t\t\t\t<div class=\"elementor-widget-container\">\n\t\t\t\t\t\t\t\t\t<p>Durante o invent\u00e1rio, tamb\u00e9m \u00e9 necess\u00e1rio realizar a quita\u00e7\u00e3o de eventuais d\u00edvidas deixadas pelo falecido.\u00a0<\/p><p>Isso inclui o pagamento de impostos, taxas, empr\u00e9stimos ou qualquer outra obriga\u00e7\u00e3o financeira pendente. Importante salientar que o n\u00e3o pagamento dessas quita\u00e7\u00f5es pode ensejar em poss\u00edveis futuros processos de execu\u00e7\u00f5es contra o esp\u00f3lio.<span style=\"color: var( --e-global-color-text ); font-family: var( --e-global-typography-text-font-family ), Sans-serif; font-weight: var( --e-global-typography-text-font-weight );\">\u00a0 Por conta disso, \u00e9 importante realizar um levantamento minucioso das d\u00edvidas a fim de evitar problemas futuros e garantir que todas sejam devidamente quitadas.<\/span><\/p><p><span style=\"color: var( --e-global-color-text ); font-family: var( --e-global-typography-text-font-family ), Sans-serif; font-weight: var( --e-global-typography-text-font-weight );\">importante tamb\u00e9m, ao final do invent\u00e1rio e ap\u00f3s a partilha pagar o ITCMD, imposto de transmiss\u00e3o Causa Mortis. Este imposto ser\u00e1 recolhido no nome de cada herdeiro apenas ao final do processo de invent\u00e1rio.<\/span><\/p>\t\t\t\t\t\t\t\t<\/div>\n\t\t\t\t<\/div>\n\t\t\t\t\t<\/div>\n\t\t<\/div>\n\t\t\t\t\t<\/div>\n\t\t<\/section>\n\t\t\t\t<section class=\"elementor-section elementor-top-section elementor-element elementor-element-d4392e3 elementor-section-boxed elementor-section-height-default elementor-section-height-default\" data-id=\"d4392e3\" data-element_type=\"section\">\n\t\t\t\t\t\t<div class=\"elementor-container elementor-column-gap-default\">\n\t\t\t\t\t<div class=\"elementor-column elementor-col-50 elementor-top-column elementor-element elementor-element-9c34739\" data-id=\"9c34739\" data-element_type=\"column\">\n\t\t\t<div class=\"elementor-widget-wrap elementor-element-populated\">\n\t\t\t\t\t\t<div class=\"elementor-element elementor-element-afd459e elementor-widget elementor-widget-heading\" data-id=\"afd459e\" data-element_type=\"widget\" data-widget_type=\"heading.default\">\n\t\t\t\t<div class=\"elementor-widget-container\">\n\t\t\t\t\t<h2 class=\"elementor-heading-title elementor-size-default\">Partilha<\/h2>\t\t\t\t<\/div>\n\t\t\t\t<\/div>\n\t\t\t\t<div class=\"elementor-element elementor-element-b3425ff elementor-widget elementor-widget-text-editor\" data-id=\"b3425ff\" data-element_type=\"widget\" data-widget_type=\"text-editor.default\">\n\t\t\t\t<div class=\"elementor-widget-container\">\n\t\t\t\t\t\t\t\t\t<p>Ap\u00f3s a conclus\u00e3o da listagem dos bens inventariados, incluindo a avalia\u00e7\u00e3o dos bens finalizada, quita\u00e7\u00e3o das d\u00edvidas e defini\u00e7\u00e3o da partilha, o pr\u00f3ximo passo \u00e9 submeter o invent\u00e1rio \u00e0 homologa\u00e7\u00e3o atrav\u00e9s da homologa\u00e7\u00e3o do formal de partilhas. O formal de partilhas informar\u00e1 como os bens ser\u00e3o divididos, de forma igualit\u00e1ria conforme consta no C\u00f3digo Civil.<\/p>\t\t\t\t\t\t\t\t<\/div>\n\t\t\t\t<\/div>\n\t\t\t\t\t<\/div>\n\t\t<\/div>\n\t\t\t\t<div class=\"elementor-column elementor-col-50 elementor-top-column elementor-element elementor-element-9eb7f43\" data-id=\"9eb7f43\" data-element_type=\"column\">\n\t\t\t<div class=\"elementor-widget-wrap elementor-element-populated\">\n\t\t\t\t\t\t<div class=\"elementor-element elementor-element-311ccac elementor-widget elementor-widget-image\" data-id=\"311ccac\" data-element_type=\"widget\" data-widget_type=\"image.default\">\n\t\t\t\t<div class=\"elementor-widget-container\">\n\t\t\t\t\t\t\t\t\t\t\t\t\t\t\t<img decoding=\"async\" width=\"500\" height=\"333\" src=\"https:\/\/acarneiro.adv.br\/inventario\/wp-content\/uploads\/2018\/09\/velho-e1538566103590.jpg\" class=\"attachment-1536x1536 size-1536x1536 wp-image-2822\" alt=\"inventario\" \/>\t\t\t\t\t\t\t\t\t\t\t\t\t\t\t<\/div>\n\t\t\t\t<\/div>\n\t\t\t\t\t<\/div>\n\t\t<\/div>\n\t\t\t\t\t<\/div>\n\t\t<\/section>\n\t\t\t\t<section class=\"elementor-section elementor-top-section elementor-element elementor-element-5e53d68 elementor-section-boxed elementor-section-height-default elementor-section-height-default\" data-id=\"5e53d68\" data-element_type=\"section\">\n\t\t\t\t\t\t<div class=\"elementor-container elementor-column-gap-default\">\n\t\t\t\t\t<div class=\"elementor-column elementor-col-100 elementor-top-column elementor-element elementor-element-9209bac\" data-id=\"9209bac\" data-element_type=\"column\">\n\t\t\t<div class=\"elementor-widget-wrap elementor-element-populated\">\n\t\t\t\t\t\t<div class=\"elementor-element elementor-element-ebc59c7 elementor-widget elementor-widget-heading\" data-id=\"ebc59c7\" data-element_type=\"widget\" data-widget_type=\"heading.default\">\n\t\t\t\t<div class=\"elementor-widget-container\">\n\t\t\t\t\t<h2 class=\"elementor-heading-title elementor-size-default\">Finalizando<\/h2>\t\t\t\t<\/div>\n\t\t\t\t<\/div>\n\t\t\t\t<div class=\"elementor-element elementor-element-e6ac3c5 elementor-widget elementor-widget-text-editor\" data-id=\"e6ac3c5\" data-element_type=\"widget\" data-widget_type=\"text-editor.default\">\n\t\t\t\t<div class=\"elementor-widget-container\">\n\t\t\t\t\t\t\t\t\t<div class=\"group w-full text-gray-800 dark:text-gray-100 border-b border-black\/10 dark:border-gray-900\/50 bg-gray-50 dark:bg-[#444654]\"><div class=\"flex p-4 gap-4 text-base md:gap-6 md:max-w-2xl lg:max-w-[38rem] xl:max-w-3xl md:py-6 lg:px-0 m-auto\"><div class=\"relative flex w-[calc(100%-50px)] flex-col gap-1 md:gap-3 lg:w-[calc(100%-115px)]\"><div class=\"flex flex-grow flex-col gap-3\"><div class=\"min-h-[20px] flex items-start overflow-x-auto whitespace-pre-wrap break-words flex-col gap-4\"><div class=\"markdown prose w-full break-words dark:prose-invert dark\"><p>\u00c9 importante ressaltar que o invent\u00e1rio judicial para abertura de sucess\u00e3o pode ser um processo complexo e burocr\u00e1tico.\u00a0<\/p><p>Portanto, \u00e9 super importante contar com a orienta\u00e7\u00e3o e assist\u00eancia de um advogado especializado em direito sucess\u00f3rio, como a Carneiro Advocacia, que tem anos de experi\u00eancia em invent\u00e1rio e planejamento sucess\u00f3rio.<\/p><p>\u00a0Com profissionais qualificados, voc\u00ea ter\u00e1 o aux\u00edlio necess\u00e1rio em todas as etapas do invent\u00e1rio, desde a documenta\u00e7\u00e3o inicial at\u00e9 a homologa\u00e7\u00e3o final, garantindo que tudo seja conduzido de acordo com a legisla\u00e7\u00e3o vigente no Brasil e preservando os direitos e interesses de todos os herdeiros.<\/p><p><a href=\"https:\/\/api.whatsapp.com\/send?phone=554840420064\">Entre em contato conosco pelo nosso telefone, Whatsapp ou bate papo ao lado.<\/a><\/p><\/div><\/div><\/div><\/div><\/div><\/div>\t\t\t\t\t\t\t\t<\/div>\n\t\t\t\t<\/div>\n\t\t\t\t\t<\/div>\n\t\t<\/div>\n\t\t\t\t\t<\/div>\n\t\t<\/section>\n\t\t\t\t<\/div>\n\t\t","protected":false},"excerpt":{"rendered":"<p>In\u00edcio do invent\u00e1rio In\u00edcio do invent\u00e1rio O invent\u00e1rio \u00e9 necess\u00e1rio ap\u00f3s falecimento de um Ente querido. Sempre \u00e9 uma situa\u00e7\u00e3o traum\u00e1tica, contudo o invent\u00e1rio \u00e9 necess\u00e1rio.<span class=\"excerpt-hellip\"> [\u2026]<\/span><\/p>\n","protected":false},"author":1,"featured_media":0,"comment_status":"open","ping_status":"open","sticky":false,"template":"","format":"standard","meta":{"footnotes":""},"categories":[1],"tags":[],"class_list":["post-37921","post","type-post","status-publish","format-standard","hentry","category-outras"],"yoast_head":"<!-- This site is optimized with the Yoast SEO Premium plugin v23.2 (Yoast SEO v27.2) - https:\/\/yoast.com\/product\/yoast-seo-premium-wordpress\/ -->\n<title>Invent\u00e1rio e partilha ap\u00f3s o falecimento - Carneiro Advocacia - Inventario<\/title>\n<meta name=\"description\" content=\"Descubra as regras para o invent\u00e1rio. Saiba como organizar a documenta\u00e7\u00e3o, cumprir prazos legais e realizar a correta partilha.\" \/>\n<meta name=\"robots\" content=\"index, follow, max-snippet:-1, max-image-preview:large, max-video-preview:-1\" \/>\n<link rel=\"canonical\" href=\"https:\/\/acarneiro.adv.br\/inventario\/inventario-e-partilha\/\" \/>\n<meta property=\"og:locale\" content=\"pt_BR\" \/>\n<meta property=\"og:type\" content=\"article\" \/>\n<meta property=\"og:title\" content=\"Invent\u00e1rio e partilha ap\u00f3s o falecimento\" \/>\n<meta property=\"og:description\" content=\"Descubra as regras para o invent\u00e1rio. Saiba como organizar a documenta\u00e7\u00e3o, cumprir prazos legais e realizar a correta partilha.\" \/>\n<meta property=\"og:url\" content=\"https:\/\/acarneiro.adv.br\/inventario\/inventario-e-partilha\/\" \/>\n<meta property=\"og:site_name\" content=\"Carneiro Advocacia - Inventario\" \/>\n<meta property=\"article:publisher\" content=\"https:\/\/www.facebook.com\/carneiroadvocaciacivil\" \/>\n<meta property=\"article:published_time\" content=\"2023-06-29T22:08:25+00:00\" \/>\n<meta property=\"article:modified_time\" content=\"2023-07-13T22:17:37+00:00\" \/>\n<meta property=\"og:image\" content=\"https:\/\/acarneiro.adv.br\/inventario\/wp-content\/uploads\/2023\/05\/u7.jpg\" \/>\n<meta name=\"author\" content=\"admin\" \/>\n<meta name=\"twitter:card\" content=\"summary_large_image\" \/>\n<meta name=\"twitter:label1\" content=\"Escrito por\" \/>\n\t<meta name=\"twitter:data1\" content=\"admin\" \/>\n\t<meta name=\"twitter:label2\" content=\"Est. tempo de leitura\" \/>\n\t<meta name=\"twitter:data2\" content=\"5 minutos\" \/>\n<script type=\"application\/ld+json\" class=\"yoast-schema-graph\">{\"@context\":\"https:\/\/schema.org\",\"@graph\":[{\"@type\":\"Article\",\"@id\":\"https:\/\/acarneiro.adv.br\/inventario\/inventario-e-partilha\/#article\",\"isPartOf\":{\"@id\":\"https:\/\/acarneiro.adv.br\/inventario\/inventario-e-partilha\/\"},\"author\":{\"name\":\"admin\",\"@id\":\"https:\/\/acarneiro.adv.br\/inventario\/#\/schema\/person\/7f557aef02ff27f1a7017c4293e77deb\"},\"headline\":\"Invent\u00e1rio e partilha ap\u00f3s o falecimento\",\"datePublished\":\"2023-06-29T22:08:25+00:00\",\"dateModified\":\"2023-07-13T22:17:37+00:00\",\"mainEntityOfPage\":{\"@id\":\"https:\/\/acarneiro.adv.br\/inventario\/inventario-e-partilha\/\"},\"wordCount\":741,\"commentCount\":0,\"publisher\":{\"@id\":\"https:\/\/acarneiro.adv.br\/inventario\/#organization\"},\"image\":{\"@id\":\"https:\/\/acarneiro.adv.br\/inventario\/inventario-e-partilha\/#primaryimage\"},\"thumbnailUrl\":\"https:\/\/acarneiro.adv.br\/inventario\/wp-content\/uploads\/2023\/05\/u7.jpg\",\"articleSection\":[\"Outras \u00c1reas\"],\"inLanguage\":\"pt-BR\",\"potentialAction\":[{\"@type\":\"CommentAction\",\"name\":\"Comment\",\"target\":[\"https:\/\/acarneiro.adv.br\/inventario\/inventario-e-partilha\/#respond\"]}]},{\"@type\":\"WebPage\",\"@id\":\"https:\/\/acarneiro.adv.br\/inventario\/inventario-e-partilha\/\",\"url\":\"https:\/\/acarneiro.adv.br\/inventario\/inventario-e-partilha\/\",\"name\":\"Invent\u00e1rio e partilha ap\u00f3s o falecimento - Carneiro Advocacia - Inventario\",\"isPartOf\":{\"@id\":\"https:\/\/acarneiro.adv.br\/inventario\/#website\"},\"primaryImageOfPage\":{\"@id\":\"https:\/\/acarneiro.adv.br\/inventario\/inventario-e-partilha\/#primaryimage\"},\"image\":{\"@id\":\"https:\/\/acarneiro.adv.br\/inventario\/inventario-e-partilha\/#primaryimage\"},\"thumbnailUrl\":\"https:\/\/acarneiro.adv.br\/inventario\/wp-content\/uploads\/2023\/05\/u7.jpg\",\"datePublished\":\"2023-06-29T22:08:25+00:00\",\"dateModified\":\"2023-07-13T22:17:37+00:00\",\"description\":\"Descubra as regras para o invent\u00e1rio. Saiba como organizar a documenta\u00e7\u00e3o, cumprir prazos legais e realizar a correta partilha.\",\"breadcrumb\":{\"@id\":\"https:\/\/acarneiro.adv.br\/inventario\/inventario-e-partilha\/#breadcrumb\"},\"inLanguage\":\"pt-BR\",\"potentialAction\":[{\"@type\":\"ReadAction\",\"target\":[\"https:\/\/acarneiro.adv.br\/inventario\/inventario-e-partilha\/\"]}]},{\"@type\":\"ImageObject\",\"inLanguage\":\"pt-BR\",\"@id\":\"https:\/\/acarneiro.adv.br\/inventario\/inventario-e-partilha\/#primaryimage\",\"url\":\"https:\/\/acarneiro.adv.br\/inventario\/wp-content\/uploads\/2023\/05\/u7.jpg\",\"contentUrl\":\"https:\/\/acarneiro.adv.br\/inventario\/wp-content\/uploads\/2023\/05\/u7.jpg\",\"width\":600,\"height\":700,\"caption\":\"invent\u00e1rio\"},{\"@type\":\"BreadcrumbList\",\"@id\":\"https:\/\/acarneiro.adv.br\/inventario\/inventario-e-partilha\/#breadcrumb\",\"itemListElement\":[{\"@type\":\"ListItem\",\"position\":1,\"name\":\"In\u00edcio\",\"item\":\"https:\/\/acarneiro.adv.br\/inventario\/\"},{\"@type\":\"ListItem\",\"position\":2,\"name\":\"Invent\u00e1rio e partilha ap\u00f3s o falecimento\"}]},{\"@type\":\"WebSite\",\"@id\":\"https:\/\/acarneiro.adv.br\/inventario\/#website\",\"url\":\"https:\/\/acarneiro.adv.br\/inventario\/\",\"name\":\"Carneiro Advocacia\",\"description\":\"Advocacia e Consultoria\",\"publisher\":{\"@id\":\"https:\/\/acarneiro.adv.br\/inventario\/#organization\"},\"potentialAction\":[{\"@type\":\"SearchAction\",\"target\":{\"@type\":\"EntryPoint\",\"urlTemplate\":\"https:\/\/acarneiro.adv.br\/inventario\/?s={search_term_string}\"},\"query-input\":{\"@type\":\"PropertyValueSpecification\",\"valueRequired\":true,\"valueName\":\"search_term_string\"}}],\"inLanguage\":\"pt-BR\"},{\"@type\":\"Organization\",\"@id\":\"https:\/\/acarneiro.adv.br\/inventario\/#organization\",\"name\":\"Carneiro - Advocacia e Consultoria\",\"url\":\"https:\/\/acarneiro.adv.br\/inventario\/\",\"logo\":{\"@type\":\"ImageObject\",\"inLanguage\":\"pt-BR\",\"@id\":\"https:\/\/acarneiro.adv.br\/inventario\/#\/schema\/logo\/image\/\",\"url\":\"https:\/\/acarneiro.adv.br\/inventario\/wp-content\/uploads\/2018\/08\/acarneiro118pxl.png\",\"contentUrl\":\"https:\/\/acarneiro.adv.br\/inventario\/wp-content\/uploads\/2018\/08\/acarneiro118pxl.png\",\"width\":300,\"height\":118,\"caption\":\"Carneiro - Advocacia e Consultoria\"},\"image\":{\"@id\":\"https:\/\/acarneiro.adv.br\/inventario\/#\/schema\/logo\/image\/\"},\"sameAs\":[\"https:\/\/www.facebook.com\/carneiroadvocaciacivil\",\"https:\/\/www.instagram.com\/carneiroadvsc\/\"]},{\"@type\":\"Person\",\"@id\":\"https:\/\/acarneiro.adv.br\/inventario\/#\/schema\/person\/7f557aef02ff27f1a7017c4293e77deb\",\"name\":\"admin\",\"image\":{\"@type\":\"ImageObject\",\"inLanguage\":\"pt-BR\",\"@id\":\"https:\/\/secure.gravatar.com\/avatar\/5e6cbd86765961e7e9f93140586f6004770a75d06ff80abb474645df42254fbc?s=96&d=mm&r=g\",\"url\":\"https:\/\/secure.gravatar.com\/avatar\/5e6cbd86765961e7e9f93140586f6004770a75d06ff80abb474645df42254fbc?s=96&d=mm&r=g\",\"contentUrl\":\"https:\/\/secure.gravatar.com\/avatar\/5e6cbd86765961e7e9f93140586f6004770a75d06ff80abb474645df42254fbc?s=96&d=mm&r=g\",\"caption\":\"admin\"}}]}<\/script>\n<!-- \/ Yoast SEO Premium plugin. -->","yoast_head_json":{"title":"Invent\u00e1rio e partilha ap\u00f3s o falecimento - Carneiro Advocacia - Inventario","description":"Descubra as regras para o invent\u00e1rio. Saiba como organizar a documenta\u00e7\u00e3o, cumprir prazos legais e realizar a correta partilha.","robots":{"index":"index","follow":"follow","max-snippet":"max-snippet:-1","max-image-preview":"max-image-preview:large","max-video-preview":"max-video-preview:-1"},"canonical":"https:\/\/acarneiro.adv.br\/inventario\/inventario-e-partilha\/","og_locale":"pt_BR","og_type":"article","og_title":"Invent\u00e1rio e partilha ap\u00f3s o falecimento","og_description":"Descubra as regras para o invent\u00e1rio. Saiba como organizar a documenta\u00e7\u00e3o, cumprir prazos legais e realizar a correta partilha.","og_url":"https:\/\/acarneiro.adv.br\/inventario\/inventario-e-partilha\/","og_site_name":"Carneiro Advocacia - Inventario","article_publisher":"https:\/\/www.facebook.com\/carneiroadvocaciacivil","article_published_time":"2023-06-29T22:08:25+00:00","article_modified_time":"2023-07-13T22:17:37+00:00","og_image":[{"url":"https:\/\/acarneiro.adv.br\/inventario\/wp-content\/uploads\/2023\/05\/u7.jpg","type":"","width":"","height":""}],"author":"admin","twitter_card":"summary_large_image","twitter_misc":{"Escrito por":"admin","Est. tempo de leitura":"5 minutos"},"schema":{"@context":"https:\/\/schema.org","@graph":[{"@type":"Article","@id":"https:\/\/acarneiro.adv.br\/inventario\/inventario-e-partilha\/#article","isPartOf":{"@id":"https:\/\/acarneiro.adv.br\/inventario\/inventario-e-partilha\/"},"author":{"name":"admin","@id":"https:\/\/acarneiro.adv.br\/inventario\/#\/schema\/person\/7f557aef02ff27f1a7017c4293e77deb"},"headline":"Invent\u00e1rio e partilha ap\u00f3s o falecimento","datePublished":"2023-06-29T22:08:25+00:00","dateModified":"2023-07-13T22:17:37+00:00","mainEntityOfPage":{"@id":"https:\/\/acarneiro.adv.br\/inventario\/inventario-e-partilha\/"},"wordCount":741,"commentCount":0,"publisher":{"@id":"https:\/\/acarneiro.adv.br\/inventario\/#organization"},"image":{"@id":"https:\/\/acarneiro.adv.br\/inventario\/inventario-e-partilha\/#primaryimage"},"thumbnailUrl":"https:\/\/acarneiro.adv.br\/inventario\/wp-content\/uploads\/2023\/05\/u7.jpg","articleSection":["Outras \u00c1reas"],"inLanguage":"pt-BR","potentialAction":[{"@type":"CommentAction","name":"Comment","target":["https:\/\/acarneiro.adv.br\/inventario\/inventario-e-partilha\/#respond"]}]},{"@type":"WebPage","@id":"https:\/\/acarneiro.adv.br\/inventario\/inventario-e-partilha\/","url":"https:\/\/acarneiro.adv.br\/inventario\/inventario-e-partilha\/","name":"Invent\u00e1rio e partilha ap\u00f3s o falecimento - Carneiro Advocacia - Inventario","isPartOf":{"@id":"https:\/\/acarneiro.adv.br\/inventario\/#website"},"primaryImageOfPage":{"@id":"https:\/\/acarneiro.adv.br\/inventario\/inventario-e-partilha\/#primaryimage"},"image":{"@id":"https:\/\/acarneiro.adv.br\/inventario\/inventario-e-partilha\/#primaryimage"},"thumbnailUrl":"https:\/\/acarneiro.adv.br\/inventario\/wp-content\/uploads\/2023\/05\/u7.jpg","datePublished":"2023-06-29T22:08:25+00:00","dateModified":"2023-07-13T22:17:37+00:00","description":"Descubra as regras para o invent\u00e1rio. Saiba como organizar a documenta\u00e7\u00e3o, cumprir prazos legais e realizar a correta partilha.","breadcrumb":{"@id":"https:\/\/acarneiro.adv.br\/inventario\/inventario-e-partilha\/#breadcrumb"},"inLanguage":"pt-BR","potentialAction":[{"@type":"ReadAction","target":["https:\/\/acarneiro.adv.br\/inventario\/inventario-e-partilha\/"]}]},{"@type":"ImageObject","inLanguage":"pt-BR","@id":"https:\/\/acarneiro.adv.br\/inventario\/inventario-e-partilha\/#primaryimage","url":"https:\/\/acarneiro.adv.br\/inventario\/wp-content\/uploads\/2023\/05\/u7.jpg","contentUrl":"https:\/\/acarneiro.adv.br\/inventario\/wp-content\/uploads\/2023\/05\/u7.jpg","width":600,"height":700,"caption":"invent\u00e1rio"},{"@type":"BreadcrumbList","@id":"https:\/\/acarneiro.adv.br\/inventario\/inventario-e-partilha\/#breadcrumb","itemListElement":[{"@type":"ListItem","position":1,"name":"In\u00edcio","item":"https:\/\/acarneiro.adv.br\/inventario\/"},{"@type":"ListItem","position":2,"name":"Invent\u00e1rio e partilha ap\u00f3s o falecimento"}]},{"@type":"WebSite","@id":"https:\/\/acarneiro.adv.br\/inventario\/#website","url":"https:\/\/acarneiro.adv.br\/inventario\/","name":"Carneiro Advocacia","description":"Advocacia e Consultoria","publisher":{"@id":"https:\/\/acarneiro.adv.br\/inventario\/#organization"},"potentialAction":[{"@type":"SearchAction","target":{"@type":"EntryPoint","urlTemplate":"https:\/\/acarneiro.adv.br\/inventario\/?s={search_term_string}"},"query-input":{"@type":"PropertyValueSpecification","valueRequired":true,"valueName":"search_term_string"}}],"inLanguage":"pt-BR"},{"@type":"Organization","@id":"https:\/\/acarneiro.adv.br\/inventario\/#organization","name":"Carneiro - Advocacia e Consultoria","url":"https:\/\/acarneiro.adv.br\/inventario\/","logo":{"@type":"ImageObject","inLanguage":"pt-BR","@id":"https:\/\/acarneiro.adv.br\/inventario\/#\/schema\/logo\/image\/","url":"https:\/\/acarneiro.adv.br\/inventario\/wp-content\/uploads\/2018\/08\/acarneiro118pxl.png","contentUrl":"https:\/\/acarneiro.adv.br\/inventario\/wp-content\/uploads\/2018\/08\/acarneiro118pxl.png","width":300,"height":118,"caption":"Carneiro - Advocacia e Consultoria"},"image":{"@id":"https:\/\/acarneiro.adv.br\/inventario\/#\/schema\/logo\/image\/"},"sameAs":["https:\/\/www.facebook.com\/carneiroadvocaciacivil","https:\/\/www.instagram.com\/carneiroadvsc\/"]},{"@type":"Person","@id":"https:\/\/acarneiro.adv.br\/inventario\/#\/schema\/person\/7f557aef02ff27f1a7017c4293e77deb","name":"admin","image":{"@type":"ImageObject","inLanguage":"pt-BR","@id":"https:\/\/secure.gravatar.com\/avatar\/5e6cbd86765961e7e9f93140586f6004770a75d06ff80abb474645df42254fbc?s=96&d=mm&r=g","url":"https:\/\/secure.gravatar.com\/avatar\/5e6cbd86765961e7e9f93140586f6004770a75d06ff80abb474645df42254fbc?s=96&d=mm&r=g","contentUrl":"https:\/\/secure.gravatar.com\/avatar\/5e6cbd86765961e7e9f93140586f6004770a75d06ff80abb474645df42254fbc?s=96&d=mm&r=g","caption":"admin"}}]}},"_links":{"self":[{"href":"https:\/\/acarneiro.adv.br\/inventario\/wp-json\/wp\/v2\/posts\/37921","targetHints":{"allow":["GET"]}}],"collection":[{"href":"https:\/\/acarneiro.adv.br\/inventario\/wp-json\/wp\/v2\/posts"}],"about":[{"href":"https:\/\/acarneiro.adv.br\/inventario\/wp-json\/wp\/v2\/types\/post"}],"author":[{"embeddable":true,"href":"https:\/\/acarneiro.adv.br\/inventario\/wp-json\/wp\/v2\/users\/1"}],"replies":[{"embeddable":true,"href":"https:\/\/acarneiro.adv.br\/inventario\/wp-json\/wp\/v2\/comments?post=37921"}],"version-history":[{"count":33,"href":"https:\/\/acarneiro.adv.br\/inventario\/wp-json\/wp\/v2\/posts\/37921\/revisions"}],"predecessor-version":[{"id":37972,"href":"https:\/\/acarneiro.adv.br\/inventario\/wp-json\/wp\/v2\/posts\/37921\/revisions\/37972"}],"wp:attachment":[{"href":"https:\/\/acarneiro.adv.br\/inventario\/wp-json\/wp\/v2\/media?parent=37921"}],"wp:term":[{"taxonomy":"category","embeddable":true,"href":"https:\/\/acarneiro.adv.br\/inventario\/wp-json\/wp\/v2\/categories?post=37921"},{"taxonomy":"post_tag","embeddable":true,"href":"https:\/\/acarneiro.adv.br\/inventario\/wp-json\/wp\/v2\/tags?post=37921"}],"curies":[{"name":"wp","href":"https:\/\/api.w.org\/{rel}","templated":true}]}}